{"id":55774,"date":"2025-06-27T15:01:05","date_gmt":"2025-06-27T18:01:05","guid":{"rendered":"https:\/\/radiorevelacionfm.cl\/?p=55774"},"modified":"2025-06-27T15:01:05","modified_gmt":"2025-06-27T18:01:05","slug":"sesion-de-gobernanza-del-bien-publico-bioaysen-presenta-primeros-avances-a-actores-clave-para-la-conservacion-de-la-biodiversidad-regional","status":"publish","type":"post","link":"https:\/\/radiorevelacionfm.cl\/?p=55774","title":{"rendered":"Sesi\u00f3n de Gobernanza del Bien P\u00fablico \u201cBioAys\u00e9n\u201d presenta primeros avances a actores clave para la conservaci\u00f3n de la biodiversidad regional"},"content":{"rendered":"<div class=\"flex_column av_one_full  flex_column_div av-zero-column-padding first  avia-builder-el-0  el_before_av_one_full  avia-builder-el-first  \" style='border-radius:0px; '><div  class='avia-image-container  av-styling-    avia-builder-el-1  avia-builder-el-no-sibling  avia-align-center '  itemprop=\"image\" itemscope=\"itemscope\" itemtype=\"https:\/\/schema.org\/ImageObject\"  ><div class='avia-image-container-inner'><div class='avia-image-overlay-wrap'><img decoding=\"async\" class='wp-image-55775 avia-img-lazy-loading-not-55775 avia_image' src=\"https:\/\/radiorevelacionfm.cl\/wp-content\/uploads\/2025\/06\/gobernanza-bioaysen-1_optimized.jpg\" alt='' title='gobernanza-bioays\u00e9n--(1)_optimized' height=\"600\" width=\"1052\"  itemprop=\"thumbnailUrl\" srcset=\"https:\/\/radiorevelacionfm.cl\/wp-content\/uploads\/2025\/06\/gobernanza-bioaysen-1_optimized.jpg 1052w, https:\/\/radiorevelacionfm.cl\/wp-content\/uploads\/2025\/06\/gobernanza-bioaysen-1_optimized-300x171.jpg 300w, https:\/\/radiorevelacionfm.cl\/wp-content\/uploads\/2025\/06\/gobernanza-bioaysen-1_optimized-1030x587.jpg 1030w, https:\/\/radiorevelacionfm.cl\/wp-content\/uploads\/2025\/06\/gobernanza-bioaysen-1_optimized-768x438.jpg 768w, https:\/\/radiorevelacionfm.cl\/wp-content\/uploads\/2025\/06\/gobernanza-bioaysen-1_optimized-705x402.jpg 705w, https:\/\/radiorevelacionfm.cl\/wp-content\/uploads\/2025\/06\/gobernanza-bioaysen-1_optimized-450x257.jpg 450w, https:\/\/radiorevelacionfm.cl\/wp-content\/uploads\/2025\/06\/gobernanza-bioaysen-1_optimized-600x342.jpg 600w\" sizes=\"(max-width: 1052px) 100vw, 1052px\" \/><\/div><\/div><\/div><\/div><div class=\"flex_column av_one_full  flex_column_div av-zero-column-padding first  avia-builder-el-2  el_after_av_one_full  el_before_av_one_full  column-top-margin\" style='border-radius:0px; '><section class=\"av_textblock_section \"  itemscope=\"itemscope\" itemtype=\"https:\/\/schema.org\/BlogPosting\" itemprop=\"blogPost\" ><div class='avia_textblock  '   itemprop=\"text\" ><p style=\"text-align: center;\"><span style=\"font-size: 18pt;\"><strong>Sesi\u00f3n de Gobernanza del Bien P\u00fablico \u201cBioAys\u00e9n\u201d presenta primeros avances a actores clave para la conservaci\u00f3n de la biodiversidad regional<\/strong><\/span><\/p>\n<div id=\"gtx-trans\" style=\"position: absolute; left: -50px; top: 4.31534px;\">\n<div class=\"gtx-trans-icon\"><\/div>\n<\/div>\n<\/div><\/section><\/div><div class=\"flex_column av_one_full  flex_column_div av-zero-column-padding first  avia-builder-el-4  el_after_av_one_full  el_before_av_hr  column-top-margin\" style='border-radius:0px; '><section class=\"av_textblock_section \"  itemscope=\"itemscope\" itemtype=\"https:\/\/schema.org\/BlogPosting\" itemprop=\"blogPost\" ><div class='avia_textblock  '   itemprop=\"text\" ><p style=\"text-align: justify;\"><em>Esta nueva sesi\u00f3n marca una nueva etapa en el trabajo colaborativo entre organizaciones, autoridades y empresas, reflejando los primeros avances en la implementaci\u00f3n del proyecto por la protecci\u00f3n de la flora y fauna nativa. BioAys\u00e9n es un proyecto pionero que propone un modelo piloto de valorizaci\u00f3n del capital natural y de pagos por compensaci\u00f3n econ\u00f3mica. La iniciativa es un proyecto de Bien P\u00fablico apoyado por Corfo, liderada por la <\/em><a href=\"https:\/\/fundacionchilecircular.cl\/\"><em>Fundaci\u00f3n Chile Circular<\/em><\/a> y cuyo mandante es el <a href=\"https:\/\/www.consejodelsalmon.cl\/\"><em>Consejo del Salm\u00f3n<\/em><\/a>.<\/p>\n<p style=\"text-align: justify;\">En el marco del proyecto de <a href=\"https:\/\/www.instagram.com\/proyectobioaysen\/\">Bien P\u00fablico BioAys\u00e9n<\/a>, se realiz\u00f3 la tercera sesi\u00f3n de Gobernanza del Observatorio de Biodiversidad y Valorizaci\u00f3n de Capital Natural de Ays\u00e9n, una instancia clave para avanzar en la construcci\u00f3n colaborativa de soluciones que protejan el patrimonio natural de la regi\u00f3n. Esta iniciativa busca transformar la biodiversidad en un activo estrat\u00e9gico mediante un modelo de compensaci\u00f3n econ\u00f3mica por servicios ecosist\u00e9micos, articulando a diversos actores p\u00fablicos, privados y de la sociedad civil en torno a un objetivo com\u00fan: conservar, restaurar y valorizar los ecosistemas nativos de Ays\u00e9n.<\/p>\n<p style=\"text-align: justify;\">El evento reuni\u00f3 a diversas autoridades, entre ellas el seremi de Medio Ambiente, Yoal D\u00edaz; la ejecutiva de Corfo Ays\u00e9n, Amanda R\u00edos; y los profesionales del Ministerio de Medio Ambiente, Nicol\u00e1s Smith y Mar\u00eda Luisa Salazar. Adem\u00e1s, se congregaron personalidades ligadas a la conservaci\u00f3n como la gerenta de Desarrollo de Mercado y Alianzas del Forest Stewardship Council, Paola Bol\u00edvar; el coordinador de proyectos de conservaci\u00f3n de la Fundaci\u00f3n Kreen, Eduardo Mu\u00f1oz; y la directora ejecutiva de la Fundaci\u00f3n Patagonia Ays\u00e9n, Mar\u00eda Jes\u00fas Brautigam. Por su parte, del Consejo del Salm\u00f3n, asisti\u00f3 el director regional de Ays\u00e9n, Rolf Traeger.<\/p>\n<p style=\"text-align: justify;\">El director ejecutivo de la Fundaci\u00f3n Chile Circular, Gonzalo Pumarino, afirm\u00f3 que \u201ccon la presentaci\u00f3n del primer informe de modelos econ\u00f3micos para pagos por biodiversidad y servicios ecosist\u00e9micos, estamos avanzando de manera significativa en el desarrollo del observatorio y plataforma que contempla BioAys\u00e9n. Adem\u00e1s, hemos presentado a la gobernanza regional una propuesta con cuatro terrenos donde se iniciar\u00e1 su implementaci\u00f3n. BioAys\u00e9n avanza de forma s\u00f3lida y estamos dando inicio a un proceso que consideramos clave para el desarrollo y crecimiento sostenible de la regi\u00f3n\u201d.<\/p>\n<p style=\"text-align: justify;\">Durante la jornada, el consultor experto en econom\u00eda ambiental, Jorge G\u00f3mez, present\u00f3 los avances de la consultor\u00eda que lidera, centrada en el dise\u00f1o de modelos de pago por biodiversidad. Su exposici\u00f3n abord\u00f3 los principales lineamientos t\u00e9cnicos y econ\u00f3micos que permitir\u00e1n implementar mecanismos de compensaci\u00f3n orientados a financiar la conservaci\u00f3n de ecosistemas estrat\u00e9gicos en la regi\u00f3n.<\/p>\n<p style=\"text-align: justify;\">Irina Reyes, gerenta de <a href=\"https:\/\/www.instagram.com\/transformacambioclimatico\/\">Transforma Cambio Clim\u00e1tico<\/a>, programa estrat\u00e9gico de Corfo que ofrece apoyo t\u00e9cnico a BioAys\u00e9n, declar\u00f3 que \u201cha sido una valiosa reuni\u00f3n con los principales actores clave del Bien P\u00fablico BioAys\u00e9n, en la que hemos encontrado un marco de trabajo para continuar avanzando en un in\u00e9dito sistema de valorizaci\u00f3n econ\u00f3mica, que se haga cargo de la preservaci\u00f3n, restauraci\u00f3n y uso sostenible de ecosistemas naturales, y donde las empresas tienen un papel fundamental en el desarrollo del proyecto\u201d.<\/p>\n<p style=\"text-align: justify;\">Para m\u00e1s informaci\u00f3n del proyecto, pueden visitar <a href=\"https:\/\/fundacionchilecircular.cl\/proyecto-bioaysen\/\">https:\/\/fundacionchilecircular.cl\/proyecto-bioaysen\/<\/a><\/p>\n<\/div><\/section><\/div><div  style='height:50px' class='hr hr-invisible   avia-builder-el-6  el_after_av_one_full  el_before_av_social_share '><span class='hr-inner ' ><span class='hr-inner-style'><\/span><\/span><\/div><\/p>\n<div  class='av-social-sharing-box  avia-builder-el-7  el_after_av_hr  el_before_av_hr  '><div class='av-share-box'><h5 class='av-share-link-description av-no-toc '>Compartir esta noticia<\/h5><ul class='av-share-box-list noLightbox'><li class='av-share-link av-social-link-facebook' ><a target=\"_blank\" aria-label=\"Compartir en Facebook\" href='https:\/\/www.facebook.com\/sharer.php?u=https:\/\/radiorevelacionfm.cl\/?p=55774&#038;t=Sesi%C3%B3n%20de%20Gobernanza%20del%20Bien%20P%C3%BAblico%20%E2%80%9CBioAys%C3%A9n%E2%80%9D%20presenta%20primeros%20avances%20a%20actores%20clave%20para%20la%20conservaci%C3%B3n%20de%20la%20biodiversidad%20regional' aria-hidden='false' data-av_icon='\ue8f3' data-av_iconfont='entypo-fontello' title='' data-avia-related-tooltip='Compartir en Facebook' rel=\"noopener\"><span class='avia_hidden_link_text'>Compartir en Facebook<\/span><\/a><\/li><li class='av-share-link av-social-link-twitter' ><a target=\"_blank\" aria-label=\"Compartir en Twitter\" href='https:\/\/twitter.com\/share?text=Sesi%C3%B3n%20de%20Gobernanza%20del%20Bien%20P%C3%BAblico%20%E2%80%9CBioAys%C3%A9n%E2%80%9D%20presenta%20primeros%20avances%20a%20actores%20clave%20para%20la%20conservaci%C3%B3n%20de%20la%20biodiversidad%20regional&#038;url=https:\/\/radiorevelacionfm.cl\/?p=55774' aria-hidden='false' data-av_icon='\ue8f1' data-av_iconfont='entypo-fontello' title='' data-avia-related-tooltip='Compartir en Twitter' rel=\"noopener\"><span class='avia_hidden_link_text'>Compartir en Twitter<\/span><\/a><\/li><li class='av-share-link av-social-link-whatsapp' ><a target=\"_blank\" aria-label=\"Compartir en Whatsapp\" href='https:\/\/api.whatsapp.com\/send?text=https:\/\/radiorevelacionfm.cl\/?p=55774' aria-hidden='false' data-av_icon='\uf232' data-av_iconfont='entypo-fontello' title='' data-avia-related-tooltip='Compartir en Whatsapp' rel=\"noopener\"><span class='avia_hidden_link_text'>Compartir en Whatsapp<\/span><\/a><\/li><li class='av-share-link av-social-link-linkedin' ><a target=\"_blank\" aria-label=\"Compartir en LinkedIn\" href='https:\/\/linkedin.com\/shareArticle?mini=true&#038;title=Sesi%C3%B3n%20de%20Gobernanza%20del%20Bien%20P%C3%BAblico%20%E2%80%9CBioAys%C3%A9n%E2%80%9D%20presenta%20primeros%20avances%20a%20actores%20clave%20para%20la%20conservaci%C3%B3n%20de%20la%20biodiversidad%20regional&#038;url=https:\/\/radiorevelacionfm.cl\/?p=55774' aria-hidden='false' data-av_icon='\ue8fc' data-av_iconfont='entypo-fontello' title='' data-avia-related-tooltip='Compartir en LinkedIn' rel=\"noopener\"><span class='avia_hidden_link_text'>Compartir en LinkedIn<\/span><\/a><\/li><li class='av-share-link av-social-link-mail' ><a  aria-label=\"Compartir por correo\" href='mailto:?subject=Sesi%C3%B3n%20de%20Gobernanza%20del%20Bien%20P%C3%BAblico%20%E2%80%9CBioAys%C3%A9n%E2%80%9D%20presenta%20primeros%20avances%20a%20actores%20clave%20para%20la%20conservaci%C3%B3n%20de%20la%20biodiversidad%20regional&#038;body=https:\/\/radiorevelacionfm.cl\/?p=55774' aria-hidden='false' data-av_icon='\ue805' data-av_iconfont='entypo-fontello' title='' data-avia-related-tooltip='Compartir por correo'><span class='avia_hidden_link_text'>Compartir por correo<\/span><\/a><\/li><\/ul><\/div><\/div>\n<div  style='height:50px' class='hr hr-invisible   avia-builder-el-8  el_after_av_social_share  el_before_av_comments_list '><span class='hr-inner ' ><span class='hr-inner-style'><\/span><\/span><\/div>\n<div  class='av-buildercomment  av-blog-meta-html-info-disabled av-blog-meta-tag-disabled  '><\/div>\n","protected":false},"excerpt":{"rendered":"","protected":false},"author":1,"featured_media":55775,"comment_status":"closed","ping_status":"closed","sticky":false,"template":"","format":"standard","meta":{"footnotes":""},"categories":[38],"tags":[],"class_list":["post-55774","post","type-post","status-publish","format-standard","has-post-thumbnail","hentry","category-regional"],"jetpack_featured_media_url":"https:\/\/radiorevelacionfm.cl\/wp-content\/uploads\/2025\/06\/gobernanza-bioaysen-1_optimized.jpg","_links":{"self":[{"href":"https:\/\/radiorevelacionfm.cl\/index.php?rest_route=\/wp\/v2\/posts\/55774","targetHints":{"allow":["GET"]}}],"collection":[{"href":"https:\/\/radiorevelacionfm.cl\/index.php?rest_route=\/wp\/v2\/posts"}],"about":[{"href":"https:\/\/radiorevelacionfm.cl\/index.php?rest_route=\/wp\/v2\/types\/post"}],"author":[{"embeddable":true,"href":"https:\/\/radiorevelacionfm.cl\/index.php?rest_route=\/wp\/v2\/users\/1"}],"replies":[{"embeddable":true,"href":"https:\/\/radiorevelacionfm.cl\/index.php?rest_route=%2Fwp%2Fv2%2Fcomments&post=55774"}],"version-history":[{"count":2,"href":"https:\/\/radiorevelacionfm.cl\/index.php?rest_route=\/wp\/v2\/posts\/55774\/revisions"}],"predecessor-version":[{"id":55804,"href":"https:\/\/radiorevelacionfm.cl\/index.php?rest_route=\/wp\/v2\/posts\/55774\/revisions\/55804"}],"wp:featuredmedia":[{"embeddable":true,"href":"https:\/\/radiorevelacionfm.cl\/index.php?rest_route=\/wp\/v2\/media\/55775"}],"wp:attachment":[{"href":"https:\/\/radiorevelacionfm.cl\/index.php?rest_route=%2Fwp%2Fv2%2Fmedia&parent=55774"}],"wp:term":[{"taxonomy":"category","embeddable":true,"href":"https:\/\/radiorevelacionfm.cl\/index.php?rest_route=%2Fwp%2Fv2%2Fcategories&post=55774"},{"taxonomy":"post_tag","embeddable":true,"href":"https:\/\/radiorevelacionfm.cl\/index.php?rest_route=%2Fwp%2Fv2%2Ftags&post=55774"}],"curies":[{"name":"wp","href":"https:\/\/api.w.org\/{rel}","templated":true}]}}