{"id":5575,"date":"2021-06-23T23:01:56","date_gmt":"2021-06-24T02:01:56","guid":{"rendered":"https:\/\/radiorevelacionfm.cl\/?p=5575"},"modified":"2021-06-23T23:01:56","modified_gmt":"2021-06-24T02:01:56","slug":"diputado-calisto-insiste-en-avanzar-hacia-una-tarifa-unica-nacional-que-permita-bajar-precios-de-la-energia-electrica-en-aysen","status":"publish","type":"post","link":"https:\/\/radiorevelacionfm.cl\/?p=5575","title":{"rendered":"Diputado Calisto insiste en avanzar hacia una tarifa \u00fanica nacional que permita bajar precios de la energ\u00eda el\u00e9ctrica en Ays\u00e9n"},"content":{"rendered":"<div class=\"flex_column av_one_full  flex_column_div av-zero-column-padding first  avia-builder-el-0  el_before_av_one_full  avia-builder-el-first  \" style='border-radius:0px; '><div  class='avia-image-container  av-styling-    avia-builder-el-1  avia-builder-el-no-sibling  avia-align-center '  itemprop=\"image\" itemscope=\"itemscope\" itemtype=\"https:\/\/schema.org\/ImageObject\"  ><div class='avia-image-container-inner'><div class='avia-image-overlay-wrap'><img decoding=\"async\" class='wp-image-5576 avia-img-lazy-loading-not-5576 avia_image' src=\"https:\/\/radiorevelacionfm.cl\/wp-content\/uploads\/2021\/06\/Calisto_0-1.jpg\" alt='' title='Calisto_0 (1)' height=\"600\" width=\"990\"  itemprop=\"thumbnailUrl\" srcset=\"https:\/\/radiorevelacionfm.cl\/wp-content\/uploads\/2021\/06\/Calisto_0-1.jpg 990w, https:\/\/radiorevelacionfm.cl\/wp-content\/uploads\/2021\/06\/Calisto_0-1-300x182.jpg 300w, https:\/\/radiorevelacionfm.cl\/wp-content\/uploads\/2021\/06\/Calisto_0-1-768x465.jpg 768w, https:\/\/radiorevelacionfm.cl\/wp-content\/uploads\/2021\/06\/Calisto_0-1-705x427.jpg 705w, https:\/\/radiorevelacionfm.cl\/wp-content\/uploads\/2021\/06\/Calisto_0-1-600x364.jpg 600w\" sizes=\"(max-width: 990px) 100vw, 990px\" \/><\/div><\/div><\/div><\/div><div class=\"flex_column av_one_full  flex_column_div av-zero-column-padding first  avia-builder-el-2  el_after_av_one_full  el_before_av_one_full  column-top-margin\" style='border-radius:0px; '><section class=\"av_textblock_section \"  itemscope=\"itemscope\" itemtype=\"https:\/\/schema.org\/BlogPosting\" itemprop=\"blogPost\" ><div class='avia_textblock  '   itemprop=\"text\" ><p style=\"text-align: center;\"><span style=\"font-size: 18pt;\"><b><span lang=\"ES\">Diputado Calisto insiste en avanzar hacia una tarifa \u00fanica nacional que permita bajar precios de la energ\u00eda el\u00e9ctrica en Ays\u00e9n<\/span><\/b><\/span><\/p>\n<div id=\"gtx-trans\" style=\"position: absolute; left: -50px; top: 4.31534px;\">\n<div class=\"gtx-trans-icon\"><\/div>\n<\/div>\n<\/div><\/section><\/div><div class=\"flex_column av_one_full  flex_column_div av-zero-column-padding first  avia-builder-el-4  el_after_av_one_full  el_before_av_hr  column-top-margin\" style='border-radius:0px; '><section class=\"av_textblock_section \"  itemscope=\"itemscope\" itemtype=\"https:\/\/schema.org\/BlogPosting\" itemprop=\"blogPost\" ><div class='avia_textblock  '   itemprop=\"text\" ><p style=\"font-weight: 400; text-align: justify;\">Frente a los altos costos que tiene la energ\u00eda el\u00e9ctrica en la Regi\u00f3n de Ays\u00e9n, el diputado Miguel \u00c1ngel Calisto plante\u00f3 en la comisi\u00f3n de Miner\u00eda y Energ\u00eda de la C\u00e1mara la urgente necesidad de buscar alg\u00fan mecanismo para establecer una tarifa \u00fanica nacional en el valor de la luz, argumentando que en algunas localidades de la regi\u00f3n se paga hasta tres veces lo que se paga en Santiago por Kilowatt hora.<\/p>\n<p style=\"font-weight: 400; text-align: justify;\">Seg\u00fan el legislador, quien present\u00f3 un proyecto hace un tiempo un proyecto de ley en esta l\u00ednea, asegur\u00f3 \u201cen estos lugares donde hay centrales el\u00e9ctricas aisladas, el valor por Kilowatt hora es car\u00edsimo, estamos hablando de comunas que pagan 380 pesos el Kilowatt Hora, cuando existen comunas de la zona central, como Las Condes, Providencia o Santiago, que pagan entre 120 y 140 pesos\u201d.<\/p>\n<p style=\"font-weight: 400; text-align: justify;\">Calisto se\u00f1al\u00f3 que \u201ces fundamental poder avanzar hacia la tarifa \u00fanica nacional, buscar un mecanismo de compensaci\u00f3n para las zonas m\u00e1s alejadas. No es posible que nosotros castiguemos a los chilenos que por el hecho de estar haciendo patria deban pagar las tarifas m\u00e1s altas que existen en nuestro pa\u00eds, pr\u00e1cticamente tres veces lo que se paga en Santiago\u201d.<\/p>\n<p style=\"font-weight: 400; text-align: justify;\">\u201cQuiero solicitar si es posible que en esta comisi\u00f3n convoquemos al Ministro de Energ\u00eda, tambi\u00e9n podr\u00edamos invitar a un par de alcaldes de comunas afectadas por esta situaci\u00f3n y ver alguna alternativa que permita una mayor regulaci\u00f3n\u201d, se\u00f1al\u00f3.<\/p>\n<p style=\"text-align: justify;\"><span style=\"font-weight: 400;\">Finalmente, el legislador indic\u00f3 que \u201centiendo que tambi\u00e9n el precio tiene que ver con el alto precio del valor del combustible, porque el sustento de estas centrales aisladas es el di\u00e9sel, pero hay que buscar un mecanismo de compensaci\u00f3n territorial, por parte del estado en beneficio de las zonas extremas y comunas m\u00e1s alejadas del centro del pa\u00eds\u201d.\u00a0<\/span><\/p>\n<\/div><\/section><\/div><div  style='height:50px' class='hr hr-invisible   avia-builder-el-6  el_after_av_one_full  el_before_av_social_share '><span class='hr-inner ' ><span class='hr-inner-style'><\/span><\/span><\/div><\/p>\n<div  class='av-social-sharing-box  avia-builder-el-7  el_after_av_hr  el_before_av_hr  '><div class='av-share-box'><h5 class='av-share-link-description av-no-toc '>Compartir esta noticia<\/h5><ul class='av-share-box-list noLightbox'><li class='av-share-link av-social-link-facebook' ><a target=\"_blank\" aria-label=\"Compartir en Facebook\" href='https:\/\/www.facebook.com\/sharer.php?u=https:\/\/radiorevelacionfm.cl\/?p=5575&#038;t=Diputado%20Calisto%20insiste%20en%20avanzar%20hacia%20una%20tarifa%20%C3%BAnica%20nacional%20que%20permita%20bajar%20precios%20de%20la%20energ%C3%ADa%20el%C3%A9ctrica%20en%20Ays%C3%A9n' aria-hidden='false' data-av_icon='\ue8f3' data-av_iconfont='entypo-fontello' title='' data-avia-related-tooltip='Compartir en Facebook' rel=\"noopener\"><span class='avia_hidden_link_text'>Compartir en Facebook<\/span><\/a><\/li><li class='av-share-link av-social-link-twitter' ><a target=\"_blank\" aria-label=\"Compartir en Twitter\" href='https:\/\/twitter.com\/share?text=Diputado%20Calisto%20insiste%20en%20avanzar%20hacia%20una%20tarifa%20%C3%BAnica%20nacional%20que%20permita%20bajar%20precios%20de%20la%20energ%C3%ADa%20el%C3%A9ctrica%20en%20Ays%C3%A9n&#038;url=https:\/\/radiorevelacionfm.cl\/?p=5575' aria-hidden='false' data-av_icon='\ue8f1' data-av_iconfont='entypo-fontello' title='' data-avia-related-tooltip='Compartir en Twitter' rel=\"noopener\"><span class='avia_hidden_link_text'>Compartir en Twitter<\/span><\/a><\/li><li class='av-share-link av-social-link-whatsapp' ><a target=\"_blank\" aria-label=\"Compartir en Whatsapp\" href='https:\/\/api.whatsapp.com\/send?text=https:\/\/radiorevelacionfm.cl\/?p=5575' aria-hidden='false' data-av_icon='\uf232' data-av_iconfont='entypo-fontello' title='' data-avia-related-tooltip='Compartir en Whatsapp' rel=\"noopener\"><span class='avia_hidden_link_text'>Compartir en Whatsapp<\/span><\/a><\/li><li class='av-share-link av-social-link-linkedin' ><a target=\"_blank\" aria-label=\"Compartir en LinkedIn\" href='https:\/\/linkedin.com\/shareArticle?mini=true&#038;title=Diputado%20Calisto%20insiste%20en%20avanzar%20hacia%20una%20tarifa%20%C3%BAnica%20nacional%20que%20permita%20bajar%20precios%20de%20la%20energ%C3%ADa%20el%C3%A9ctrica%20en%20Ays%C3%A9n&#038;url=https:\/\/radiorevelacionfm.cl\/?p=5575' aria-hidden='false' data-av_icon='\ue8fc' data-av_iconfont='entypo-fontello' title='' data-avia-related-tooltip='Compartir en LinkedIn' rel=\"noopener\"><span class='avia_hidden_link_text'>Compartir en LinkedIn<\/span><\/a><\/li><li class='av-share-link av-social-link-mail' ><a  aria-label=\"Compartir por correo\" href='mailto:?subject=Diputado%20Calisto%20insiste%20en%20avanzar%20hacia%20una%20tarifa%20%C3%BAnica%20nacional%20que%20permita%20bajar%20precios%20de%20la%20energ%C3%ADa%20el%C3%A9ctrica%20en%20Ays%C3%A9n&#038;body=https:\/\/radiorevelacionfm.cl\/?p=5575' aria-hidden='false' data-av_icon='\ue805' data-av_iconfont='entypo-fontello' title='' data-avia-related-tooltip='Compartir por correo'><span class='avia_hidden_link_text'>Compartir por correo<\/span><\/a><\/li><\/ul><\/div><\/div>\n<div  style='height:50px' class='hr hr-invisible   avia-builder-el-8  el_after_av_social_share  el_before_av_comments_list '><span class='hr-inner ' ><span class='hr-inner-style'><\/span><\/span><\/div>\n<div  class='av-buildercomment  av-blog-meta-html-info-disabled av-blog-meta-tag-disabled  '><\/div>\n","protected":false},"excerpt":{"rendered":"","protected":false},"author":1,"featured_media":5576,"comment_status":"open","ping_status":"open","sticky":false,"template":"","format":"standard","meta":{"footnotes":""},"categories":[35],"tags":[],"class_list":["post-5575","post","type-post","status-publish","format-standard","has-post-thumbnail","hentry","category-politica"],"jetpack_featured_media_url":"https:\/\/radiorevelacionfm.cl\/wp-content\/uploads\/2021\/06\/Calisto_0-1.jpg","_links":{"self":[{"href":"https:\/\/radiorevelacionfm.cl\/index.php?rest_route=\/wp\/v2\/posts\/5575","targetHints":{"allow":["GET"]}}],"collection":[{"href":"https:\/\/radiorevelacionfm.cl\/index.php?rest_route=\/wp\/v2\/posts"}],"about":[{"href":"https:\/\/radiorevelacionfm.cl\/index.php?rest_route=\/wp\/v2\/types\/post"}],"author":[{"embeddable":true,"href":"https:\/\/radiorevelacionfm.cl\/index.php?rest_route=\/wp\/v2\/users\/1"}],"replies":[{"embeddable":true,"href":"https:\/\/radiorevelacionfm.cl\/index.php?rest_route=%2Fwp%2Fv2%2Fcomments&post=5575"}],"version-history":[{"count":1,"href":"https:\/\/radiorevelacionfm.cl\/index.php?rest_route=\/wp\/v2\/posts\/5575\/revisions"}],"predecessor-version":[{"id":5577,"href":"https:\/\/radiorevelacionfm.cl\/index.php?rest_route=\/wp\/v2\/posts\/5575\/revisions\/5577"}],"wp:featuredmedia":[{"embeddable":true,"href":"https:\/\/radiorevelacionfm.cl\/index.php?rest_route=\/wp\/v2\/media\/5576"}],"wp:attachment":[{"href":"https:\/\/radiorevelacionfm.cl\/index.php?rest_route=%2Fwp%2Fv2%2Fmedia&parent=5575"}],"wp:term":[{"taxonomy":"category","embeddable":true,"href":"https:\/\/radiorevelacionfm.cl\/index.php?rest_route=%2Fwp%2Fv2%2Fcategories&post=5575"},{"taxonomy":"post_tag","embeddable":true,"href":"https:\/\/radiorevelacionfm.cl\/index.php?rest_route=%2Fwp%2Fv2%2Ftags&post=5575"}],"curies":[{"name":"wp","href":"https:\/\/api.w.org\/{rel}","templated":true}]}}