{"id":55749,"date":"2025-06-27T10:57:25","date_gmt":"2025-06-27T13:57:25","guid":{"rendered":"https:\/\/radiorevelacionfm.cl\/?p=55749"},"modified":"2025-06-27T10:57:25","modified_gmt":"2025-06-27T13:57:25","slug":"seremi-de-la-mujer-y-la-equidad-de-genero-realiza-jornada-de-fortalecimiento-a-comunicaciones-institucionales","status":"publish","type":"post","link":"https:\/\/radiorevelacionfm.cl\/?p=55749","title":{"rendered":"Seremi de la Mujer y la Equidad de G\u00e9nero realiza jornada de fortalecimiento a comunicaciones institucionales"},"content":{"rendered":"<div class=\"flex_column av_one_full  flex_column_div av-zero-column-padding first  avia-builder-el-0  el_before_av_one_full  avia-builder-el-first  \" style='border-radius:0px; '><div  class='avia-image-container  av-styling-    avia-builder-el-1  avia-builder-el-no-sibling  avia-align-center '  itemprop=\"image\" itemscope=\"itemscope\" itemtype=\"https:\/\/schema.org\/ImageObject\"  ><div class='avia-image-container-inner'><div class='avia-image-overlay-wrap'><img decoding=\"async\" class='wp-image-55750 avia-img-lazy-loading-not-55750 avia_image' src=\"https:\/\/radiorevelacionfm.cl\/wp-content\/uploads\/2025\/06\/jornada-3-1_optimized-1.jpeg\" alt='' title='jornada-3-(1)_optimized (1)' height=\"600\" width=\"800\"  itemprop=\"thumbnailUrl\" srcset=\"https:\/\/radiorevelacionfm.cl\/wp-content\/uploads\/2025\/06\/jornada-3-1_optimized-1.jpeg 800w, https:\/\/radiorevelacionfm.cl\/wp-content\/uploads\/2025\/06\/jornada-3-1_optimized-1-300x225.jpeg 300w, https:\/\/radiorevelacionfm.cl\/wp-content\/uploads\/2025\/06\/jornada-3-1_optimized-1-768x576.jpeg 768w, https:\/\/radiorevelacionfm.cl\/wp-content\/uploads\/2025\/06\/jornada-3-1_optimized-1-705x529.jpeg 705w, https:\/\/radiorevelacionfm.cl\/wp-content\/uploads\/2025\/06\/jornada-3-1_optimized-1-450x338.jpeg 450w, https:\/\/radiorevelacionfm.cl\/wp-content\/uploads\/2025\/06\/jornada-3-1_optimized-1-600x450.jpeg 600w\" sizes=\"(max-width: 800px) 100vw, 800px\" \/><\/div><\/div><\/div><\/div><div class=\"flex_column av_one_full  flex_column_div av-zero-column-padding first  avia-builder-el-2  el_after_av_one_full  el_before_av_one_full  column-top-margin\" style='border-radius:0px; '><section class=\"av_textblock_section \"  itemscope=\"itemscope\" itemtype=\"https:\/\/schema.org\/BlogPosting\" itemprop=\"blogPost\" ><div class='avia_textblock  '   itemprop=\"text\" ><p style=\"text-align: center;\"><span style=\"font-size: 18pt;\"><strong>Seremi de la Mujer y la Equidad de G\u00e9nero realiza jornada de fortalecimiento a comunicaciones institucionales<\/strong><\/span><\/p>\n<div id=\"gtx-trans\" style=\"position: absolute; left: -50px; top: 4.31534px;\">\n<div class=\"gtx-trans-icon\"><\/div>\n<\/div>\n<\/div><\/section><\/div><div class=\"flex_column av_one_full  flex_column_div av-zero-column-padding first  avia-builder-el-4  el_after_av_one_full  el_before_av_hr  column-top-margin\" style='border-radius:0px; '><section class=\"av_textblock_section \"  itemscope=\"itemscope\" itemtype=\"https:\/\/schema.org\/BlogPosting\" itemprop=\"blogPost\" ><div class='avia_textblock  '   itemprop=\"text\" ><p style=\"text-align: justify;\"><em>La actividad participativa estuvo orientada a encargados y encargadas de comunicaciones, periodistas y profesionales de distintos servicios p\u00fablicos.<\/em><\/p>\n<p style=\"text-align: justify;\">Durante la tarde del 24 de junio cerca de 30 funcionarios y funcionarias p\u00fablicas, participaron de la \u201cJornada de Fortalecimiento a Comunicaciones Institucionales con Perspectiva de G\u00e9nero\u201d, en la que se trabaj\u00f3 de forma pr\u00e1ctica y te\u00f3rica en la manera en que se abordan las comunicaciones institucionales.<\/p>\n<p style=\"text-align: justify;\">En la ocasi\u00f3n se trabaj\u00f3 desde la perspectiva del lenguaje inclusivo y la comunicaci\u00f3n no sexista, teniendo como base la \u201cGu\u00eda de Lenguaje Inclusivo\u201d del Ministerio de la Mujer y la Equidad de G\u00e9nero, que se ampara en la Norma Chilena 3262, creada en el a\u00f1o 2012 y que permite que las organizaciones detecten y superen brechas de g\u00e9nero en los \u00e1mbitos de la gesti\u00f3n de personas.<\/p>\n<p style=\"text-align: justify;\">Frente a la actividad realizada, Paula Zambrano, periodista de la Seremi de Desarrollo Social y Familia, destac\u00f3: \u201cValoro tremendamente la oportunidad de este taller, porque siempre es interesante que existan estas instancias que nos permiten reflexionar respecto a c\u00f3mo desde nuestro rol en las comunicaciones, podemos incidir en aportar en una mejor sociedad a trav\u00e9s del uso adecuado del lenguaje que tanto nos cuesta, y espero que se vuelvan a repetir instancias como estas, en donde podamos profundizar a\u00fan m\u00e1s en la materia\u201d.<\/p>\n<p style=\"text-align: justify;\">Por su parte, Rodrigo Campusano, periodista de la Seremi de las Culturas, Las Artes y el Patrimonio, agreg\u00f3: \u201cEs gratificante detener un momento el trabajo diario para recibir informaci\u00f3n valiosa y una actualizaci\u00f3n necesaria para enfrentar las comunicaciones en los distintos servicios p\u00fablicos con enfoque de g\u00e9nero y un lenguaje adecuado. Es, adem\u00e1s, una oportunidad para intercambiar puntos de vista con tus colegas Y buscar otros comunes, incorporando las herramientas y los consejos que entregan desde la Seremi de la mujer. No est\u00e1 dem\u00e1s destacar el alto nivel de la relatora Lenka Gatica Sandoval, tanto en su exposici\u00f3n como en su compromiso. Es satisfactorio ser parte de estas actividades cuando hay un trabajo serio detr\u00e1s, con objetivos claros y una entusiasta participaci\u00f3n de los servicios\u201d.<\/p>\n<p style=\"text-align: justify;\">La actividad la encabezaron la Directora de Sernameg, Patricia Baeza Cabezas y la Seremi de la Mujer y la Equidad de G\u00e9nero, Isidora Gacit\u00faa Goles, quien agradeci\u00f3 la participaci\u00f3n de todos los servicios p\u00fablicos de la regi\u00f3n que asistieron y adem\u00e1s agreg\u00f3: \u201cContamos con una excelente participaci\u00f3n y gran compromiso de todos y todas. En esta instancia, pudimos transmitir la necesidad de facilitar el uso del lenguaje inclusivo en las comunicaciones a fin de contribuir con la eliminaci\u00f3n de los estereotipos de g\u00e9nero, sesgos sexistas y diversas formas de discriminaci\u00f3n que constituyen la base de la desigualdad. Avanzar en comunicaciones que incorporen la perspectiva de g\u00e9nero es fundamental para fortalecer y visibilizar a todas las personas que conforman nuestro pa\u00eds, el Ministerio de la Mujer y la Equidad de G\u00e9nero cuenta con una gu\u00eda de lenguaje inclusivo que hoy fue compartido en esta jornada, con el fin de que desde el Estado fortalezcamos la comunicaci\u00f3n y seamos capaces de hablar para todas y todos.<\/p>\n<\/div><\/section><\/div><div  style='height:50px' class='hr hr-invisible   avia-builder-el-6  el_after_av_one_full  el_before_av_social_share '><span class='hr-inner ' ><span class='hr-inner-style'><\/span><\/span><\/div><\/p>\n<div  class='av-social-sharing-box  avia-builder-el-7  el_after_av_hr  el_before_av_hr  '><div class='av-share-box'><h5 class='av-share-link-description av-no-toc '>Compartir esta noticia<\/h5><ul class='av-share-box-list noLightbox'><li class='av-share-link av-social-link-facebook' ><a target=\"_blank\" aria-label=\"Compartir en Facebook\" href='https:\/\/www.facebook.com\/sharer.php?u=https:\/\/radiorevelacionfm.cl\/?p=55749&#038;t=Seremi%20de%20la%20Mujer%20y%20la%20Equidad%20de%20G%C3%A9nero%20realiza%20jornada%20de%20fortalecimiento%20a%20comunicaciones%20institucionales' aria-hidden='false' data-av_icon='\ue8f3' data-av_iconfont='entypo-fontello' title='' data-avia-related-tooltip='Compartir en Facebook' rel=\"noopener\"><span class='avia_hidden_link_text'>Compartir en Facebook<\/span><\/a><\/li><li class='av-share-link av-social-link-twitter' ><a target=\"_blank\" aria-label=\"Compartir en Twitter\" href='https:\/\/twitter.com\/share?text=Seremi%20de%20la%20Mujer%20y%20la%20Equidad%20de%20G%C3%A9nero%20realiza%20jornada%20de%20fortalecimiento%20a%20comunicaciones%20institucionales&#038;url=https:\/\/radiorevelacionfm.cl\/?p=55749' aria-hidden='false' data-av_icon='\ue8f1' data-av_iconfont='entypo-fontello' title='' data-avia-related-tooltip='Compartir en Twitter' rel=\"noopener\"><span class='avia_hidden_link_text'>Compartir en Twitter<\/span><\/a><\/li><li class='av-share-link av-social-link-whatsapp' ><a target=\"_blank\" aria-label=\"Compartir en Whatsapp\" href='https:\/\/api.whatsapp.com\/send?text=https:\/\/radiorevelacionfm.cl\/?p=55749' aria-hidden='false' data-av_icon='\uf232' data-av_iconfont='entypo-fontello' title='' data-avia-related-tooltip='Compartir en Whatsapp' rel=\"noopener\"><span class='avia_hidden_link_text'>Compartir en Whatsapp<\/span><\/a><\/li><li class='av-share-link av-social-link-linkedin' ><a target=\"_blank\" aria-label=\"Compartir en LinkedIn\" href='https:\/\/linkedin.com\/shareArticle?mini=true&#038;title=Seremi%20de%20la%20Mujer%20y%20la%20Equidad%20de%20G%C3%A9nero%20realiza%20jornada%20de%20fortalecimiento%20a%20comunicaciones%20institucionales&#038;url=https:\/\/radiorevelacionfm.cl\/?p=55749' aria-hidden='false' data-av_icon='\ue8fc' data-av_iconfont='entypo-fontello' title='' data-avia-related-tooltip='Compartir en LinkedIn' rel=\"noopener\"><span class='avia_hidden_link_text'>Compartir en LinkedIn<\/span><\/a><\/li><li class='av-share-link av-social-link-mail' ><a  aria-label=\"Compartir por correo\" href='mailto:?subject=Seremi%20de%20la%20Mujer%20y%20la%20Equidad%20de%20G%C3%A9nero%20realiza%20jornada%20de%20fortalecimiento%20a%20comunicaciones%20institucionales&#038;body=https:\/\/radiorevelacionfm.cl\/?p=55749' aria-hidden='false' data-av_icon='\ue805' data-av_iconfont='entypo-fontello' title='' data-avia-related-tooltip='Compartir por correo'><span class='avia_hidden_link_text'>Compartir por correo<\/span><\/a><\/li><\/ul><\/div><\/div>\n<div  style='height:50px' class='hr hr-invisible   avia-builder-el-8  el_after_av_social_share  el_before_av_comments_list '><span class='hr-inner ' ><span class='hr-inner-style'><\/span><\/span><\/div>\n<div  class='av-buildercomment  av-blog-meta-html-info-disabled av-blog-meta-tag-disabled  '><\/div>\n","protected":false},"excerpt":{"rendered":"","protected":false},"author":1,"featured_media":55750,"comment_status":"closed","ping_status":"closed","sticky":false,"template":"","format":"standard","meta":{"footnotes":""},"categories":[38],"tags":[],"class_list":["post-55749","post","type-post","status-publish","format-standard","has-post-thumbnail","hentry","category-regional"],"jetpack_featured_media_url":"https:\/\/radiorevelacionfm.cl\/wp-content\/uploads\/2025\/06\/jornada-3-1_optimized-1.jpeg","_links":{"self":[{"href":"https:\/\/radiorevelacionfm.cl\/index.php?rest_route=\/wp\/v2\/posts\/55749","targetHints":{"allow":["GET"]}}],"collection":[{"href":"https:\/\/radiorevelacionfm.cl\/index.php?rest_route=\/wp\/v2\/posts"}],"about":[{"href":"https:\/\/radiorevelacionfm.cl\/index.php?rest_route=\/wp\/v2\/types\/post"}],"author":[{"embeddable":true,"href":"https:\/\/radiorevelacionfm.cl\/index.php?rest_route=\/wp\/v2\/users\/1"}],"replies":[{"embeddable":true,"href":"https:\/\/radiorevelacionfm.cl\/index.php?rest_route=%2Fwp%2Fv2%2Fcomments&post=55749"}],"version-history":[{"count":2,"href":"https:\/\/radiorevelacionfm.cl\/index.php?rest_route=\/wp\/v2\/posts\/55749\/revisions"}],"predecessor-version":[{"id":55797,"href":"https:\/\/radiorevelacionfm.cl\/index.php?rest_route=\/wp\/v2\/posts\/55749\/revisions\/55797"}],"wp:featuredmedia":[{"embeddable":true,"href":"https:\/\/radiorevelacionfm.cl\/index.php?rest_route=\/wp\/v2\/media\/55750"}],"wp:attachment":[{"href":"https:\/\/radiorevelacionfm.cl\/index.php?rest_route=%2Fwp%2Fv2%2Fmedia&parent=55749"}],"wp:term":[{"taxonomy":"category","embeddable":true,"href":"https:\/\/radiorevelacionfm.cl\/index.php?rest_route=%2Fwp%2Fv2%2Fcategories&post=55749"},{"taxonomy":"post_tag","embeddable":true,"href":"https:\/\/radiorevelacionfm.cl\/index.php?rest_route=%2Fwp%2Fv2%2Ftags&post=55749"}],"curies":[{"name":"wp","href":"https:\/\/api.w.org\/{rel}","templated":true}]}}