{"id":55743,"date":"2025-06-26T18:16:59","date_gmt":"2025-06-26T21:16:59","guid":{"rendered":"https:\/\/radiorevelacionfm.cl\/?p=55743"},"modified":"2025-06-26T18:16:59","modified_gmt":"2025-06-26T21:16:59","slug":"duo-trapananda-y-orquesta-de-camara-uaysen-se-reunen-en-concierto-este-viernes","status":"publish","type":"post","link":"https:\/\/radiorevelacionfm.cl\/?p=55743","title":{"rendered":"D\u00fao Trapananda y Orquesta de C\u00e1mara UAys\u00e9n se re\u00fanen en concierto este viernes"},"content":{"rendered":"<div class=\"flex_column av_one_full  flex_column_div av-zero-column-padding first  avia-builder-el-0  el_before_av_one_full  avia-builder-el-first  \" style='border-radius:0px; '><div  class='avia-image-container  av-styling-    avia-builder-el-1  avia-builder-el-no-sibling  avia-align-center '  itemprop=\"image\" itemscope=\"itemscope\" itemtype=\"https:\/\/schema.org\/ImageObject\"  ><div class='avia-image-container-inner'><div class='avia-image-overlay-wrap'><img decoding=\"async\" class='wp-image-55744 avia-img-lazy-loading-not-55744 avia_image' src=\"https:\/\/radiorevelacionfm.cl\/wp-content\/uploads\/2025\/06\/orquesta-y-trapananda-1-1.jpg\" alt='' title='orquesta y trapananda (1) (1)' height=\"600\" width=\"900\"  itemprop=\"thumbnailUrl\" srcset=\"https:\/\/radiorevelacionfm.cl\/wp-content\/uploads\/2025\/06\/orquesta-y-trapananda-1-1.jpg 900w, https:\/\/radiorevelacionfm.cl\/wp-content\/uploads\/2025\/06\/orquesta-y-trapananda-1-1-300x200.jpg 300w, https:\/\/radiorevelacionfm.cl\/wp-content\/uploads\/2025\/06\/orquesta-y-trapananda-1-1-768x512.jpg 768w, https:\/\/radiorevelacionfm.cl\/wp-content\/uploads\/2025\/06\/orquesta-y-trapananda-1-1-705x470.jpg 705w, https:\/\/radiorevelacionfm.cl\/wp-content\/uploads\/2025\/06\/orquesta-y-trapananda-1-1-450x300.jpg 450w, https:\/\/radiorevelacionfm.cl\/wp-content\/uploads\/2025\/06\/orquesta-y-trapananda-1-1-600x400.jpg 600w\" sizes=\"(max-width: 900px) 100vw, 900px\" \/><\/div><\/div><\/div><\/div><div class=\"flex_column av_one_full  flex_column_div av-zero-column-padding first  avia-builder-el-2  el_after_av_one_full  el_before_av_one_full  column-top-margin\" style='border-radius:0px; '><section class=\"av_textblock_section \"  itemscope=\"itemscope\" itemtype=\"https:\/\/schema.org\/BlogPosting\" itemprop=\"blogPost\" ><div class='avia_textblock  '   itemprop=\"text\" ><p style=\"text-align: center;\"><span style=\"font-size: 18pt;\"><b>D\u00fao Trapananda y Orquesta de C\u00e1mara UAys\u00e9n se re\u00fanen en concierto este viernes<\/b><\/span><\/p>\n<div id=\"gtx-trans\" style=\"position: absolute; left: -50px; top: 4.31534px;\">\n<div class=\"gtx-trans-icon\"><\/div>\n<\/div>\n<\/div><\/section><\/div><div class=\"flex_column av_one_full  flex_column_div av-zero-column-padding first  avia-builder-el-4  el_after_av_one_full  el_before_av_hr  column-top-margin\" style='border-radius:0px; '><section class=\"av_textblock_section \"  itemscope=\"itemscope\" itemtype=\"https:\/\/schema.org\/BlogPosting\" itemprop=\"blogPost\" ><div class='avia_textblock  '   itemprop=\"text\" ><p style=\"text-align: justify;\">Una presentaci\u00f3n magistral y abierta al p\u00fablico tendr\u00e1 el Programa de Apreciaci\u00f3n de la M\u00fasica Nacional del Ministerio de las Culturas este viernes 27 de junio en el Centro Cultural Coyhaique a partir de las 7:30 de la tarde.<\/p>\n<p style=\"text-align: justify;\">Se trata de una oportunidad para ver en escena al prestigioso d\u00fao coyhaiquino Trapananda y la flamante Orquesta de C\u00e1mara Profesional de la Universidad de Ays\u00e9n, quienes ensayan a toda m\u00e1quina para brindar un espect\u00e1culo al m\u00e1s alto nivel.<\/p>\n<p style=\"text-align: justify;\">El seremi de Culturas Ays\u00e9n, Felipe Quiroz, invit\u00f3 a participar de este concierto: \u201cEs una oportunidad para ver en escena una fusi\u00f3n de m\u00fasica docta y m\u00fasica popular con dos grandes exponentes, nuestra Orquesta de C\u00e1mara y el D\u00fao Trapananda. Queremos invitar a la comunidad a que nos acompa\u00f1e este viernes en este espect\u00e1culo que forma parte de las actividades del Programa de Apreciaci\u00f3n de la M\u00fasica Nacional en nuestra regi\u00f3n\u201d.<\/p>\n<p style=\"text-align: justify;\">Jos\u00e9 Aguilar, flautista del D\u00fao Trapananda, dijo que \u201cestamos en plenos ensayos con la primera Orquesta de C\u00e1mara que tenemos en la regi\u00f3n. Estamos muy contentos porque la amalgama musical que se forma entre los temas que hacemos nosotros y los m\u00fasicos destacados que tenemos en la orquesta acompa\u00f1\u00e1ndonos, es enriquecedora para nosotros y es muy grato. Todos invitados para este viernes con entrada gratuita y es un show que tenemos preparado con mucho cari\u00f1o. Los esperamos\u201d.<\/p>\n<p style=\"text-align: justify;\">El Programa de Apreciaci\u00f3n de la M\u00fasica Nacional esta visitando diversos establecimientos, mezclando m\u00fasica y conversaci\u00f3n, entre entusiastas estudiantes, los cuerpos docentes que apoyan las actividades y los artistas Nicasio Luna que viaj\u00f3 desde Cochrane para presentarse en el Liceo Ma\u00f1ihuales; MbiroMental que estuvo en el Liceo Josefina Aguirre y Celeste Anacletxx Tr\u00edo en la Escuela de Lago Atravesado;<\/p>\n<p style=\"text-align: justify;\">Pr\u00f3ximamente el PAMN estar\u00e1 con Yntro en la Residencia Mejor Ni\u00f1ez de Coyhaique; Danilo Cruces en la Escuela Valle de la Luna de \u00d1irehuao, para finalizar en agosto con Oblicua Tara en la Escuela Gabriela Mistral y el Liceo Polit\u00e9cnico de Puerto Ays\u00e9n; Los Trapananda en la Escuela Espa\u00f1a y Celeste Anacletxx en el Liceo Juan Pablo II.<\/p>\n<\/div><\/section><\/div><div  style='height:50px' class='hr hr-invisible   avia-builder-el-6  el_after_av_one_full  el_before_av_social_share '><span class='hr-inner ' ><span class='hr-inner-style'><\/span><\/span><\/div><\/p>\n<div  class='av-social-sharing-box  avia-builder-el-7  el_after_av_hr  el_before_av_hr  '><div class='av-share-box'><h5 class='av-share-link-description av-no-toc '>Compartir esta noticia<\/h5><ul class='av-share-box-list noLightbox'><li class='av-share-link av-social-link-facebook' ><a target=\"_blank\" aria-label=\"Compartir en Facebook\" href='https:\/\/www.facebook.com\/sharer.php?u=https:\/\/radiorevelacionfm.cl\/?p=55743&#038;t=D%C3%BAo%20Trapananda%20y%20Orquesta%20de%20C%C3%A1mara%20UAys%C3%A9n%20se%20re%C3%BAnen%20en%20concierto%20este%20viernes' aria-hidden='false' data-av_icon='\ue8f3' data-av_iconfont='entypo-fontello' title='' data-avia-related-tooltip='Compartir en Facebook' rel=\"noopener\"><span class='avia_hidden_link_text'>Compartir en Facebook<\/span><\/a><\/li><li class='av-share-link av-social-link-twitter' ><a target=\"_blank\" aria-label=\"Compartir en Twitter\" href='https:\/\/twitter.com\/share?text=D%C3%BAo%20Trapananda%20y%20Orquesta%20de%20C%C3%A1mara%20UAys%C3%A9n%20se%20re%C3%BAnen%20en%20concierto%20este%20viernes&#038;url=https:\/\/radiorevelacionfm.cl\/?p=55743' aria-hidden='false' data-av_icon='\ue8f1' data-av_iconfont='entypo-fontello' title='' data-avia-related-tooltip='Compartir en Twitter' rel=\"noopener\"><span class='avia_hidden_link_text'>Compartir en Twitter<\/span><\/a><\/li><li class='av-share-link av-social-link-whatsapp' ><a target=\"_blank\" aria-label=\"Compartir en Whatsapp\" href='https:\/\/api.whatsapp.com\/send?text=https:\/\/radiorevelacionfm.cl\/?p=55743' aria-hidden='false' data-av_icon='\uf232' data-av_iconfont='entypo-fontello' title='' data-avia-related-tooltip='Compartir en Whatsapp' rel=\"noopener\"><span class='avia_hidden_link_text'>Compartir en Whatsapp<\/span><\/a><\/li><li class='av-share-link av-social-link-linkedin' ><a target=\"_blank\" aria-label=\"Compartir en LinkedIn\" href='https:\/\/linkedin.com\/shareArticle?mini=true&#038;title=D%C3%BAo%20Trapananda%20y%20Orquesta%20de%20C%C3%A1mara%20UAys%C3%A9n%20se%20re%C3%BAnen%20en%20concierto%20este%20viernes&#038;url=https:\/\/radiorevelacionfm.cl\/?p=55743' aria-hidden='false' data-av_icon='\ue8fc' data-av_iconfont='entypo-fontello' title='' data-avia-related-tooltip='Compartir en LinkedIn' rel=\"noopener\"><span class='avia_hidden_link_text'>Compartir en LinkedIn<\/span><\/a><\/li><li class='av-share-link av-social-link-mail' ><a  aria-label=\"Compartir por correo\" href='mailto:?subject=D%C3%BAo%20Trapananda%20y%20Orquesta%20de%20C%C3%A1mara%20UAys%C3%A9n%20se%20re%C3%BAnen%20en%20concierto%20este%20viernes&#038;body=https:\/\/radiorevelacionfm.cl\/?p=55743' aria-hidden='false' data-av_icon='\ue805' data-av_iconfont='entypo-fontello' title='' data-avia-related-tooltip='Compartir por correo'><span class='avia_hidden_link_text'>Compartir por correo<\/span><\/a><\/li><\/ul><\/div><\/div>\n<div  style='height:50px' class='hr hr-invisible   avia-builder-el-8  el_after_av_social_share  el_before_av_comments_list '><span class='hr-inner ' ><span class='hr-inner-style'><\/span><\/span><\/div>\n<div  class='av-buildercomment  av-blog-meta-html-info-disabled av-blog-meta-tag-disabled  '><\/div>\n","protected":false},"excerpt":{"rendered":"","protected":false},"author":1,"featured_media":55744,"comment_status":"closed","ping_status":"closed","sticky":false,"template":"","format":"standard","meta":{"footnotes":""},"categories":[52],"tags":[],"class_list":["post-55743","post","type-post","status-publish","format-standard","has-post-thumbnail","hentry","category-cultura"],"jetpack_featured_media_url":"https:\/\/radiorevelacionfm.cl\/wp-content\/uploads\/2025\/06\/orquesta-y-trapananda-1-1.jpg","_links":{"self":[{"href":"https:\/\/radiorevelacionfm.cl\/index.php?rest_route=\/wp\/v2\/posts\/55743","targetHints":{"allow":["GET"]}}],"collection":[{"href":"https:\/\/radiorevelacionfm.cl\/index.php?rest_route=\/wp\/v2\/posts"}],"about":[{"href":"https:\/\/radiorevelacionfm.cl\/index.php?rest_route=\/wp\/v2\/types\/post"}],"author":[{"embeddable":true,"href":"https:\/\/radiorevelacionfm.cl\/index.php?rest_route=\/wp\/v2\/users\/1"}],"replies":[{"embeddable":true,"href":"https:\/\/radiorevelacionfm.cl\/index.php?rest_route=%2Fwp%2Fv2%2Fcomments&post=55743"}],"version-history":[{"count":2,"href":"https:\/\/radiorevelacionfm.cl\/index.php?rest_route=\/wp\/v2\/posts\/55743\/revisions"}],"predecessor-version":[{"id":55772,"href":"https:\/\/radiorevelacionfm.cl\/index.php?rest_route=\/wp\/v2\/posts\/55743\/revisions\/55772"}],"wp:featuredmedia":[{"embeddable":true,"href":"https:\/\/radiorevelacionfm.cl\/index.php?rest_route=\/wp\/v2\/media\/55744"}],"wp:attachment":[{"href":"https:\/\/radiorevelacionfm.cl\/index.php?rest_route=%2Fwp%2Fv2%2Fmedia&parent=55743"}],"wp:term":[{"taxonomy":"category","embeddable":true,"href":"https:\/\/radiorevelacionfm.cl\/index.php?rest_route=%2Fwp%2Fv2%2Fcategories&post=55743"},{"taxonomy":"post_tag","embeddable":true,"href":"https:\/\/radiorevelacionfm.cl\/index.php?rest_route=%2Fwp%2Fv2%2Ftags&post=55743"}],"curies":[{"name":"wp","href":"https:\/\/api.w.org\/{rel}","templated":true}]}}