{"id":55738,"date":"2025-06-26T21:43:25","date_gmt":"2025-06-27T00:43:25","guid":{"rendered":"https:\/\/radiorevelacionfm.cl\/?p=55738"},"modified":"2025-06-26T21:43:25","modified_gmt":"2025-06-27T00:43:25","slug":"lanzan-en-aysen-guia-comunitaria-crisis-climatica-y-territorios","status":"publish","type":"post","link":"https:\/\/radiorevelacionfm.cl\/?p=55738","title":{"rendered":"Lanzan en Ays\u00e9n \u00abGu\u00eda Comunitaria: Crisis Clim\u00e1tica y Territorios\u00bb"},"content":{"rendered":"<div class=\"flex_column av_one_full  flex_column_div av-zero-column-padding first  avia-builder-el-0  el_before_av_one_full  avia-builder-el-first  \" style='border-radius:0px; '><div  class='avia-image-container  av-styling-    avia-builder-el-1  avia-builder-el-no-sibling  avia-align-center '  itemprop=\"image\" itemscope=\"itemscope\" itemtype=\"https:\/\/schema.org\/ImageObject\"  ><div class='avia-image-container-inner'><div class='avia-image-overlay-wrap'><img decoding=\"async\" class='wp-image-55739 avia-img-lazy-loading-not-55739 avia_image' src=\"https:\/\/radiorevelacionfm.cl\/wp-content\/uploads\/2025\/06\/presidenta-ag-de-turismo-de-guadal-angelica-antinanco-1_optimized.jpg\" alt='' title='presidenta-ag-de-turismo-de-guadal-ang\u00e9lica-anti\u00f1anco-(1)_optimized' height=\"600\" width=\"800\"  itemprop=\"thumbnailUrl\" srcset=\"https:\/\/radiorevelacionfm.cl\/wp-content\/uploads\/2025\/06\/presidenta-ag-de-turismo-de-guadal-angelica-antinanco-1_optimized.jpg 800w, https:\/\/radiorevelacionfm.cl\/wp-content\/uploads\/2025\/06\/presidenta-ag-de-turismo-de-guadal-angelica-antinanco-1_optimized-300x225.jpg 300w, https:\/\/radiorevelacionfm.cl\/wp-content\/uploads\/2025\/06\/presidenta-ag-de-turismo-de-guadal-angelica-antinanco-1_optimized-768x576.jpg 768w, https:\/\/radiorevelacionfm.cl\/wp-content\/uploads\/2025\/06\/presidenta-ag-de-turismo-de-guadal-angelica-antinanco-1_optimized-705x529.jpg 705w, https:\/\/radiorevelacionfm.cl\/wp-content\/uploads\/2025\/06\/presidenta-ag-de-turismo-de-guadal-angelica-antinanco-1_optimized-450x338.jpg 450w, https:\/\/radiorevelacionfm.cl\/wp-content\/uploads\/2025\/06\/presidenta-ag-de-turismo-de-guadal-angelica-antinanco-1_optimized-600x450.jpg 600w\" sizes=\"(max-width: 800px) 100vw, 800px\" \/><\/div><\/div><\/div><\/div><div class=\"flex_column av_one_full  flex_column_div av-zero-column-padding first  avia-builder-el-2  el_after_av_one_full  el_before_av_one_full  column-top-margin\" style='border-radius:0px; '><section class=\"av_textblock_section \"  itemscope=\"itemscope\" itemtype=\"https:\/\/schema.org\/BlogPosting\" itemprop=\"blogPost\" ><div class='avia_textblock  '   itemprop=\"text\" ><p style=\"text-align: center;\"><span style=\"font-size: 18pt;\"><b><span lang=\"ES-TRAD\">Lanzan en Ays\u00e9n \u00abGu\u00eda Comunitaria: Crisis Clim\u00e1tica y Territorios\u00bb<\/span><\/b><\/span><\/p>\n<div id=\"gtx-trans\" style=\"position: absolute; left: -50px; top: 4.31534px;\">\n<div class=\"gtx-trans-icon\"><\/div>\n<\/div>\n<\/div><\/section><\/div><div class=\"flex_column av_one_full  flex_column_div av-zero-column-padding first  avia-builder-el-4  el_after_av_one_full  el_before_av_hr  column-top-margin\" style='border-radius:0px; '><section class=\"av_textblock_section \"  itemscope=\"itemscope\" itemtype=\"https:\/\/schema.org\/BlogPosting\" itemprop=\"blogPost\" ><div class='avia_textblock  '   itemprop=\"text\" ><p class=\"v1MsoNormal\" style=\"text-align: justify;\"><i><span lang=\"ES-TRAD\">El documento presenta los procesos de incidencia llevados adelante en la regi\u00f3n de Ays\u00e9n y la comuna de San Jos\u00e9 de Maipo en materia de instrumentos de gesti\u00f3n clim\u00e1tica como los Planes de Acci\u00f3n Regional y Comunal de Cambio Clim\u00e1tico.<\/span><\/i><\/p>\n<p class=\"v1MsoNormal\" style=\"text-align: justify;\"><i><span lang=\"ES-TRAD\">La gu\u00eda entrega orientaciones de incidencia para diversas realidades, tanto de nivel regional o comunal, de formato autoconvocado o institucional, y con distintas metodolog\u00edas de trabajo.\u00a0\u00a0Adem\u00e1s, despliega los resultados de ambos procesos.<\/span><\/i><\/p>\n<p class=\"v1MsoNormal\" style=\"text-align: justify;\"><span lang=\"ES-TRAD\">Como una forma de dar cuenta del proceso de incidencia llevado adelante en la\u00a0<b>regi\u00f3n de Ays\u00e9n<\/b>\u00a0y la\u00a0<b>comuna de San Jos\u00e9 de Maipo<\/b>\u00a0en materia de instrumentos de gesti\u00f3n clim\u00e1tica, la\u00a0<b>Corporaci\u00f3n Privada para el Desarrollo de Ays\u00e9n<\/b>\u00a0y\u00a0<b>Chile Sustentable<\/b>\u00a0se encuentran distribuyendo una \u00ab<i>Gu\u00eda Comunitaria: Crisis Clim\u00e1tica y Territorios<\/i>\u00ab.<\/span><\/p>\n<p class=\"v1MsoNormal\" style=\"text-align: justify;\"><span lang=\"ES-TRAD\">En el\u00a0<b>caso de Ays\u00e9n<\/b> se plasman los encuentros y talleres desarrollados en Coyhaique, con la participaci\u00f3n de dirigentes y ciudadanos de ocho de las diez comunas de la regi\u00f3n. \u00c9stos fueron realizados tanto en formato presencial en la Universidad de Ays\u00e9n como online, permitiendo levantar la visi\u00f3n de los distintos territorios en materia de <b>modificaciones clim\u00e1ticas locales<\/b>,\u00a0<b>medidas de mitigaci\u00f3n y adaptaci\u00f3n<\/b>, y\u00a0<b>gesti\u00f3n de riesgo de desastres<\/b>. Adem\u00e1s, levantar observaciones para el proceso de consulta ciudadana del <b>Plan de Acci\u00f3n Regional de Cambio Clim\u00e1tico<\/b>\u00a0al que se convoc\u00f3 durante el a\u00f1o 2024.<\/span><\/p>\n<p class=\"v1MsoNormal\" style=\"text-align: justify;\"><span lang=\"ES-TRAD\">Con respecto a la\u00a0<b>comuna de San Jos\u00e9 de Maipo<\/b>, el involucramiento contempl\u00f3 colaborar con el proceso que llev\u00f3 adelante el municipio local siguiendo\u00a0<b>las directrices metodol\u00f3gicas del Ministerio de Medioambiente<\/b>\u00a0y\u00a0<b>de la Asociaci\u00f3n Chilena de Municipios para la elaboraci\u00f3n del Plan de Acci\u00f3n Comunal de Cambio Clim\u00e1tico<\/b>.\u00a0\u00a0<\/span><\/p>\n<p class=\"v1MsoNormal\" style=\"text-align: justify;\"><span lang=\"ES-TRAD\">La gu\u00eda, entonces, entrega\u00a0<b>orientaciones de incidencia para las m\u00faltiples realidades<\/b>, tanto de nivel regional o comunal, de formato autoconvocado o institucional, y con distintas metodolog\u00edas de trabajo.\u00a0 Adem\u00e1s, despliega los resultados de ambos procesos.<\/span><\/p>\n<p class=\"v1MsoNormal\" style=\"text-align: justify;\"><span lang=\"ES-TRAD\">Asimismo, explica en forma sencilla la institucionalidad y los instrumentos de gesti\u00f3n clim\u00e1tica, con el fin de acercarlos a las comunidades.<\/span><\/p>\n<p class=\"v1MsoNormal\" style=\"text-align: justify;\"><span lang=\"ES-TRAD\">La versi\u00f3n impresa est\u00e1 siendo distribuida en distintos espacios, tanto entre dirigentes de organizaciones locales como entre autoridades regionales y comunales.\u00a0\u00a0Adem\u00e1s, se realizar\u00e1 una entrega directa a todos quienes se involucraron en los procesos participativos realizados.\u00a0<\/span><\/p>\n<p class=\"v1MsoNormal\" style=\"text-align: justify;\"><span lang=\"ES-TRAD\">La versi\u00f3n online est\u00e1 alojada en la web de\u00a0<a href=\"https:\/\/chilesustentable.net\/publicacion\/guia-comunitaria-crisis-climatica-y-territorios\/\" target=\"_blank\" rel=\"noopener noreferrer\">Chile Sustentable<\/a>, mientras que ejemplares impresos se pueden solicitar al correo\u00a0<u><a href=\"mailto:codesachile@gmail.com\" rel=\"noreferrer\">codesachile@gmail.com<\/a><\/u>. Se complementa este trabajo con un <a href=\"https:\/\/www.youtube.com\/watch?v=W620_ZHP-rU\" target=\"_blank\" rel=\"noopener noreferrer\">video lanzado<\/a>\u00a0a principios de a\u00f1o que explica por qu\u00e9 es relevante participar desde la ciudadan\u00eda tanto en los Planes de Acci\u00f3n Regional como Comunal de Cambio Clim\u00e1tico.<\/span><\/p>\n<\/div><\/section><\/div><div  style='height:50px' class='hr hr-invisible   avia-builder-el-6  el_after_av_one_full  el_before_av_social_share '><span class='hr-inner ' ><span class='hr-inner-style'><\/span><\/span><\/div><\/p>\n<div  class='av-social-sharing-box  avia-builder-el-7  el_after_av_hr  el_before_av_hr  '><div class='av-share-box'><h5 class='av-share-link-description av-no-toc '>Compartir esta noticia<\/h5><ul class='av-share-box-list noLightbox'><li class='av-share-link av-social-link-facebook' ><a target=\"_blank\" aria-label=\"Compartir en Facebook\" href='https:\/\/www.facebook.com\/sharer.php?u=https:\/\/radiorevelacionfm.cl\/?p=55738&#038;t=Lanzan%20en%20Ays%C3%A9n%20%C2%ABGu%C3%ADa%20Comunitaria%3A%20Crisis%20Clim%C3%A1tica%20y%20Territorios%C2%BB' aria-hidden='false' data-av_icon='\ue8f3' data-av_iconfont='entypo-fontello' title='' data-avia-related-tooltip='Compartir en Facebook' rel=\"noopener\"><span class='avia_hidden_link_text'>Compartir en Facebook<\/span><\/a><\/li><li class='av-share-link av-social-link-twitter' ><a target=\"_blank\" aria-label=\"Compartir en Twitter\" href='https:\/\/twitter.com\/share?text=Lanzan%20en%20Ays%C3%A9n%20%C2%ABGu%C3%ADa%20Comunitaria%3A%20Crisis%20Clim%C3%A1tica%20y%20Territorios%C2%BB&#038;url=https:\/\/radiorevelacionfm.cl\/?p=55738' aria-hidden='false' data-av_icon='\ue8f1' data-av_iconfont='entypo-fontello' title='' data-avia-related-tooltip='Compartir en Twitter' rel=\"noopener\"><span class='avia_hidden_link_text'>Compartir en Twitter<\/span><\/a><\/li><li class='av-share-link av-social-link-whatsapp' ><a target=\"_blank\" aria-label=\"Compartir en Whatsapp\" href='https:\/\/api.whatsapp.com\/send?text=https:\/\/radiorevelacionfm.cl\/?p=55738' aria-hidden='false' data-av_icon='\uf232' data-av_iconfont='entypo-fontello' title='' data-avia-related-tooltip='Compartir en Whatsapp' rel=\"noopener\"><span class='avia_hidden_link_text'>Compartir en Whatsapp<\/span><\/a><\/li><li class='av-share-link av-social-link-linkedin' ><a target=\"_blank\" aria-label=\"Compartir en LinkedIn\" href='https:\/\/linkedin.com\/shareArticle?mini=true&#038;title=Lanzan%20en%20Ays%C3%A9n%20%C2%ABGu%C3%ADa%20Comunitaria%3A%20Crisis%20Clim%C3%A1tica%20y%20Territorios%C2%BB&#038;url=https:\/\/radiorevelacionfm.cl\/?p=55738' aria-hidden='false' data-av_icon='\ue8fc' data-av_iconfont='entypo-fontello' title='' data-avia-related-tooltip='Compartir en LinkedIn' rel=\"noopener\"><span class='avia_hidden_link_text'>Compartir en LinkedIn<\/span><\/a><\/li><li class='av-share-link av-social-link-mail' ><a  aria-label=\"Compartir por correo\" href='mailto:?subject=Lanzan%20en%20Ays%C3%A9n%20%C2%ABGu%C3%ADa%20Comunitaria%3A%20Crisis%20Clim%C3%A1tica%20y%20Territorios%C2%BB&#038;body=https:\/\/radiorevelacionfm.cl\/?p=55738' aria-hidden='false' data-av_icon='\ue805' data-av_iconfont='entypo-fontello' title='' data-avia-related-tooltip='Compartir por correo'><span class='avia_hidden_link_text'>Compartir por correo<\/span><\/a><\/li><\/ul><\/div><\/div>\n<div  style='height:50px' class='hr hr-invisible   avia-builder-el-8  el_after_av_social_share  el_before_av_comments_list '><span class='hr-inner ' ><span class='hr-inner-style'><\/span><\/span><\/div>\n<div  class='av-buildercomment  av-blog-meta-html-info-disabled av-blog-meta-tag-disabled  '><\/div>\n","protected":false},"excerpt":{"rendered":"","protected":false},"author":1,"featured_media":55739,"comment_status":"closed","ping_status":"closed","sticky":false,"template":"","format":"standard","meta":{"footnotes":""},"categories":[38],"tags":[],"class_list":["post-55738","post","type-post","status-publish","format-standard","has-post-thumbnail","hentry","category-regional"],"jetpack_featured_media_url":"https:\/\/radiorevelacionfm.cl\/wp-content\/uploads\/2025\/06\/presidenta-ag-de-turismo-de-guadal-angelica-antinanco-1_optimized.jpg","_links":{"self":[{"href":"https:\/\/radiorevelacionfm.cl\/index.php?rest_route=\/wp\/v2\/posts\/55738","targetHints":{"allow":["GET"]}}],"collection":[{"href":"https:\/\/radiorevelacionfm.cl\/index.php?rest_route=\/wp\/v2\/posts"}],"about":[{"href":"https:\/\/radiorevelacionfm.cl\/index.php?rest_route=\/wp\/v2\/types\/post"}],"author":[{"embeddable":true,"href":"https:\/\/radiorevelacionfm.cl\/index.php?rest_route=\/wp\/v2\/users\/1"}],"replies":[{"embeddable":true,"href":"https:\/\/radiorevelacionfm.cl\/index.php?rest_route=%2Fwp%2Fv2%2Fcomments&post=55738"}],"version-history":[{"count":2,"href":"https:\/\/radiorevelacionfm.cl\/index.php?rest_route=\/wp\/v2\/posts\/55738\/revisions"}],"predecessor-version":[{"id":55786,"href":"https:\/\/radiorevelacionfm.cl\/index.php?rest_route=\/wp\/v2\/posts\/55738\/revisions\/55786"}],"wp:featuredmedia":[{"embeddable":true,"href":"https:\/\/radiorevelacionfm.cl\/index.php?rest_route=\/wp\/v2\/media\/55739"}],"wp:attachment":[{"href":"https:\/\/radiorevelacionfm.cl\/index.php?rest_route=%2Fwp%2Fv2%2Fmedia&parent=55738"}],"wp:term":[{"taxonomy":"category","embeddable":true,"href":"https:\/\/radiorevelacionfm.cl\/index.php?rest_route=%2Fwp%2Fv2%2Fcategories&post=55738"},{"taxonomy":"post_tag","embeddable":true,"href":"https:\/\/radiorevelacionfm.cl\/index.php?rest_route=%2Fwp%2Fv2%2Ftags&post=55738"}],"curies":[{"name":"wp","href":"https:\/\/api.w.org\/{rel}","templated":true}]}}