{"id":55734,"date":"2025-06-26T15:40:59","date_gmt":"2025-06-26T18:40:59","guid":{"rendered":"https:\/\/radiorevelacionfm.cl\/?p=55734"},"modified":"2025-06-26T15:40:59","modified_gmt":"2025-06-26T18:40:59","slug":"cientificos-y-cientificas-de-aysen-participan-en-capacitacion-para-acercar-las-ciencias-al-aula","status":"publish","type":"post","link":"https:\/\/radiorevelacionfm.cl\/?p=55734","title":{"rendered":"Cient\u00edficos y cient\u00edficas de Ays\u00e9n participan en capacitaci\u00f3n para acercar las ciencias al aula"},"content":{"rendered":"<div class=\"flex_column av_one_full  flex_column_div av-zero-column-padding first  avia-builder-el-0  el_before_av_one_full  avia-builder-el-first  \" style='border-radius:0px; '><div  class='avia-image-container  av-styling-    avia-builder-el-1  avia-builder-el-no-sibling  avia-align-center '  itemprop=\"image\" itemscope=\"itemscope\" itemtype=\"https:\/\/schema.org\/ImageObject\"  ><div class='avia-image-container-inner'><div class='avia-image-overlay-wrap'><img decoding=\"async\" class='wp-image-55735 avia-img-lazy-loading-not-55735 avia_image' src=\"https:\/\/radiorevelacionfm.cl\/wp-content\/uploads\/2025\/06\/1-2025-06-26T120125.102-1-1.jpeg\" alt='' title='1 - 2025-06-26T120125.102 (1) (1)' height=\"600\" width=\"800\"  itemprop=\"thumbnailUrl\" srcset=\"https:\/\/radiorevelacionfm.cl\/wp-content\/uploads\/2025\/06\/1-2025-06-26T120125.102-1-1.jpeg 800w, https:\/\/radiorevelacionfm.cl\/wp-content\/uploads\/2025\/06\/1-2025-06-26T120125.102-1-1-300x225.jpeg 300w, https:\/\/radiorevelacionfm.cl\/wp-content\/uploads\/2025\/06\/1-2025-06-26T120125.102-1-1-768x576.jpeg 768w, https:\/\/radiorevelacionfm.cl\/wp-content\/uploads\/2025\/06\/1-2025-06-26T120125.102-1-1-705x529.jpeg 705w, https:\/\/radiorevelacionfm.cl\/wp-content\/uploads\/2025\/06\/1-2025-06-26T120125.102-1-1-450x338.jpeg 450w, https:\/\/radiorevelacionfm.cl\/wp-content\/uploads\/2025\/06\/1-2025-06-26T120125.102-1-1-600x450.jpeg 600w\" sizes=\"(max-width: 800px) 100vw, 800px\" \/><\/div><\/div><\/div><\/div><div class=\"flex_column av_one_full  flex_column_div av-zero-column-padding first  avia-builder-el-2  el_after_av_one_full  el_before_av_one_full  column-top-margin\" style='border-radius:0px; '><section class=\"av_textblock_section \"  itemscope=\"itemscope\" itemtype=\"https:\/\/schema.org\/BlogPosting\" itemprop=\"blogPost\" ><div class='avia_textblock  '   itemprop=\"text\" ><p style=\"text-align: center;\"><span style=\"font-size: 18pt;\"><strong>Cient\u00edficos y cient\u00edficas de Ays\u00e9n participan en capacitaci\u00f3n para acercar las ciencias al aula<\/strong><\/span><\/p>\n<div id=\"gtx-trans\" style=\"position: absolute; left: -50px; top: 4.31534px;\">\n<div class=\"gtx-trans-icon\"><\/div>\n<\/div>\n<\/div><\/section><\/div><div class=\"flex_column av_one_full  flex_column_div av-zero-column-padding first  avia-builder-el-4  el_after_av_one_full  el_before_av_hr  column-top-margin\" style='border-radius:0px; '><section class=\"av_textblock_section \"  itemscope=\"itemscope\" itemtype=\"https:\/\/schema.org\/BlogPosting\" itemprop=\"blogPost\" ><div class='avia_textblock  '   itemprop=\"text\" ><ul>\n<li style=\"text-align: justify;\"><em>23 investigadores, investigadoras y especialistas de diversas \u00e1reas del conocimiento participaron en \u201cLas ciencias que comunicamos\u201d, una iniciativa formativa del Proyecto Explora Ays\u00e9n que busca fortalecer los v\u00ednculos entre la ciencia y la ense\u00f1anza escolar. <\/em><\/li>\n<\/ul>\n<p style=\"text-align: justify;\">El viernes 6 de junio se realiz\u00f3 la cuarta edici\u00f3n de la capacitaci\u00f3n \u201c<strong>Las ciencias que comunicamos: Estrategias did\u00e1cticas para cient\u00edfic@s motivad@s con la divulgaci\u00f3n de las ciencias en el aula\u201d<\/strong>, una iniciativa del Proyecto Explora Ays\u00e9n del Ministerio de Ciencia, Tecnolog\u00eda, Conocimiento e Innovaci\u00f3n y el Campus Patagonia de la Universidad Austral de Chile, que desarroll\u00f3 recursos para la divulgaci\u00f3n cient\u00edfica con ni\u00f1as, ni\u00f1os y adolescentes.<\/p>\n<p style=\"text-align: justify;\"><strong>Repensar las formas de comunicar las ciencias en el contexto escolar <\/strong><\/p>\n<p style=\"text-align: justify;\">La jornada formativa cont\u00f3 con la relator\u00eda de Marisol Barr\u00eda, coordinadora de Vinculaci\u00f3n con el Medio de la Facultad de Ciencias de la Universidad Austral de Chile y D\u00e1maso Rabanal, acad\u00e9mico del Instituto de Ciencias de la Educaci\u00f3n de la Facultad de Filosof\u00eda y Humanidades de la misma casa de estudios.<\/p>\n<p style=\"text-align: justify;\">A partir de la teor\u00eda y la pr\u00e1ctica, la relatora y el relator profundizaron en distintos modelos de divulgaci\u00f3n cient\u00edfica, presentando herramientas para su implementaci\u00f3n en el aula y experiencias realizadas a partir de diversas disciplinas y campos de conocimiento.<\/p>\n<p style=\"text-align: justify;\">\u201cEsta jornada, entre m\u00faltiples \u00e9nfasis, pretendi\u00f3 poner en el centro lo dial\u00f3gico y la enorme proyecci\u00f3n que tiene el trabajo colegiado para la comunicaci\u00f3n de las ciencias. A partir de esta experiencia hemos pretendido avanzar hacia preguntarnos por los lenguajes, metodolog\u00edas y puentes de saber que podemos construir a partir de una relacionalidad m\u00e1s fluida con todas\/os las\/os sujetas\/os que forman parte del desaf\u00edo de forjar horizontes de conocimiento\u201d, destac\u00f3 D\u00e1maso Rabanal.<\/p>\n<p style=\"text-align: justify;\"><strong>Puentes entre las ciencias y el aula<\/strong><\/p>\n<p style=\"text-align: justify;\">Como novedad, en esta edici\u00f3n de <em>Las ciencias que comunicamos<\/em> las y los participantes tuvieron la oportunidad de dise\u00f1ar y planificar una actividad de divulgaci\u00f3n dirigida a ni\u00f1as, ni\u00f1os y adolescentes, con el acompa\u00f1amiento y retroalimentaci\u00f3n de seis docentes y educadoras de la regi\u00f3n.<\/p>\n<p style=\"text-align: justify;\">\u201cMe pareci\u00f3 una jornada muy provechosa. Creo firmemente que el mundo de la ciencia y el mundo escolar deben estar unidos si queremos comunicarnos efectivamente. Las ni\u00f1eces necesitan conocer m\u00e1s cient\u00edficos y cient\u00edficas que transmitan esa pasi\u00f3n por las ciencias, y comprender que tambi\u00e9n fueron ni\u00f1as y ni\u00f1os al igual que ellos, permiti\u00e9ndoles ver que, en un futuro, ellos y ellas tambi\u00e9n pueden llegar a ser cient\u00edficos y cient\u00edficas si se lo proponen\u201d, coment\u00f3 Andrea Cifuentes, docente y coordinadora de UTP Extraescolar de la Escuela Ays\u00e9n.<\/p>\n<p style=\"text-align: justify;\">Por su parte, Ariel Elgueta, soci\u00f3logo y profesional del Proyecto Geoparque Chelenko del Museo Regional de Ays\u00e9n, destac\u00f3 que esta actividad le permiti\u00f3 situar y aterrizar las experiencias al momento de preparar una actividad de divulgaci\u00f3n.<\/p>\n<p style=\"text-align: justify;\">\u201cUno se entusiasma en armar grandes eventos, con mucha informaci\u00f3n, ser entretenido y educativo; pero una insuficiente planificaci\u00f3n o perspectiva de realidad puede frustrar. Estas instancias de encuentro con docentes permiten comprender y anticiparse mejor a estas situaciones, incorporando la realidad de las salas de clases en el dise\u00f1o y buscando un mejor ensamble entre curr\u00edculo escolar y divulgaci\u00f3n\u201d, mencion\u00f3 Ariel Elgueta.<\/p>\n<p style=\"text-align: justify;\"><strong>Las ciencias que comunicamos<\/strong><\/p>\n<p style=\"text-align: justify;\">Viviana Pizarro, directora del PAR Explora Ays\u00e9n, destac\u00f3 la jornada como un espacio de intercambio bidireccional y de articulaci\u00f3n entre actores del ecosistema cient\u00edfico y educativo, donde las y los participantes se enriquecieron con los saberes y la experiencia de docentes y educadoras.<\/p>\n<p style=\"text-align: justify;\">\u201cFue una invitaci\u00f3n para que cient\u00edficas, cient\u00edficos y profesionales que desean compartir sus conocimientos con ni\u00f1as, ni\u00f1os y adolescentes, dise\u00f1en experiencias situadas, considerando los contextos de cada comunidad educativa, y de forma transdisciplinar. Esperamos que los establecimientos y jardines infantiles ampl\u00eden sus redes de contactos con la comunidad CTCI y que la comunicaci\u00f3n entre ambos sea m\u00e1s estrecha y fluida\u201d, concluy\u00f3 la directora.<\/p>\n<\/div><\/section><\/div><div  style='height:50px' class='hr hr-invisible   avia-builder-el-6  el_after_av_one_full  el_before_av_social_share '><span class='hr-inner ' ><span class='hr-inner-style'><\/span><\/span><\/div><\/p>\n<div  class='av-social-sharing-box  avia-builder-el-7  el_after_av_hr  el_before_av_hr  '><div class='av-share-box'><h5 class='av-share-link-description av-no-toc '>Compartir esta noticia<\/h5><ul class='av-share-box-list noLightbox'><li class='av-share-link av-social-link-facebook' ><a target=\"_blank\" aria-label=\"Compartir en Facebook\" href='https:\/\/www.facebook.com\/sharer.php?u=https:\/\/radiorevelacionfm.cl\/?p=55734&#038;t=Cient%C3%ADficos%20y%20cient%C3%ADficas%20de%20Ays%C3%A9n%20participan%20en%20capacitaci%C3%B3n%20para%20acercar%20las%20ciencias%20al%20aula' aria-hidden='false' data-av_icon='\ue8f3' data-av_iconfont='entypo-fontello' title='' data-avia-related-tooltip='Compartir en Facebook' rel=\"noopener\"><span class='avia_hidden_link_text'>Compartir en Facebook<\/span><\/a><\/li><li class='av-share-link av-social-link-twitter' ><a target=\"_blank\" aria-label=\"Compartir en Twitter\" href='https:\/\/twitter.com\/share?text=Cient%C3%ADficos%20y%20cient%C3%ADficas%20de%20Ays%C3%A9n%20participan%20en%20capacitaci%C3%B3n%20para%20acercar%20las%20ciencias%20al%20aula&#038;url=https:\/\/radiorevelacionfm.cl\/?p=55734' aria-hidden='false' data-av_icon='\ue8f1' data-av_iconfont='entypo-fontello' title='' data-avia-related-tooltip='Compartir en Twitter' rel=\"noopener\"><span class='avia_hidden_link_text'>Compartir en Twitter<\/span><\/a><\/li><li class='av-share-link av-social-link-whatsapp' ><a target=\"_blank\" aria-label=\"Compartir en Whatsapp\" href='https:\/\/api.whatsapp.com\/send?text=https:\/\/radiorevelacionfm.cl\/?p=55734' aria-hidden='false' data-av_icon='\uf232' data-av_iconfont='entypo-fontello' title='' data-avia-related-tooltip='Compartir en Whatsapp' rel=\"noopener\"><span class='avia_hidden_link_text'>Compartir en Whatsapp<\/span><\/a><\/li><li class='av-share-link av-social-link-linkedin' ><a target=\"_blank\" aria-label=\"Compartir en LinkedIn\" href='https:\/\/linkedin.com\/shareArticle?mini=true&#038;title=Cient%C3%ADficos%20y%20cient%C3%ADficas%20de%20Ays%C3%A9n%20participan%20en%20capacitaci%C3%B3n%20para%20acercar%20las%20ciencias%20al%20aula&#038;url=https:\/\/radiorevelacionfm.cl\/?p=55734' aria-hidden='false' data-av_icon='\ue8fc' data-av_iconfont='entypo-fontello' title='' data-avia-related-tooltip='Compartir en LinkedIn' rel=\"noopener\"><span class='avia_hidden_link_text'>Compartir en LinkedIn<\/span><\/a><\/li><li class='av-share-link av-social-link-mail' ><a  aria-label=\"Compartir por correo\" href='mailto:?subject=Cient%C3%ADficos%20y%20cient%C3%ADficas%20de%20Ays%C3%A9n%20participan%20en%20capacitaci%C3%B3n%20para%20acercar%20las%20ciencias%20al%20aula&#038;body=https:\/\/radiorevelacionfm.cl\/?p=55734' aria-hidden='false' data-av_icon='\ue805' data-av_iconfont='entypo-fontello' title='' data-avia-related-tooltip='Compartir por correo'><span class='avia_hidden_link_text'>Compartir por correo<\/span><\/a><\/li><\/ul><\/div><\/div>\n<div  style='height:50px' class='hr hr-invisible   avia-builder-el-8  el_after_av_social_share  el_before_av_comments_list '><span class='hr-inner ' ><span class='hr-inner-style'><\/span><\/span><\/div>\n<div  class='av-buildercomment  av-blog-meta-html-info-disabled av-blog-meta-tag-disabled  '><\/div>\n","protected":false},"excerpt":{"rendered":"","protected":false},"author":1,"featured_media":55735,"comment_status":"closed","ping_status":"closed","sticky":false,"template":"","format":"standard","meta":{"footnotes":""},"categories":[49],"tags":[],"class_list":["post-55734","post","type-post","status-publish","format-standard","has-post-thumbnail","hentry","category-educacion"],"jetpack_featured_media_url":"https:\/\/radiorevelacionfm.cl\/wp-content\/uploads\/2025\/06\/1-2025-06-26T120125.102-1-1.jpeg","_links":{"self":[{"href":"https:\/\/radiorevelacionfm.cl\/index.php?rest_route=\/wp\/v2\/posts\/55734","targetHints":{"allow":["GET"]}}],"collection":[{"href":"https:\/\/radiorevelacionfm.cl\/index.php?rest_route=\/wp\/v2\/posts"}],"about":[{"href":"https:\/\/radiorevelacionfm.cl\/index.php?rest_route=\/wp\/v2\/types\/post"}],"author":[{"embeddable":true,"href":"https:\/\/radiorevelacionfm.cl\/index.php?rest_route=\/wp\/v2\/users\/1"}],"replies":[{"embeddable":true,"href":"https:\/\/radiorevelacionfm.cl\/index.php?rest_route=%2Fwp%2Fv2%2Fcomments&post=55734"}],"version-history":[{"count":2,"href":"https:\/\/radiorevelacionfm.cl\/index.php?rest_route=\/wp\/v2\/posts\/55734\/revisions"}],"predecessor-version":[{"id":55742,"href":"https:\/\/radiorevelacionfm.cl\/index.php?rest_route=\/wp\/v2\/posts\/55734\/revisions\/55742"}],"wp:featuredmedia":[{"embeddable":true,"href":"https:\/\/radiorevelacionfm.cl\/index.php?rest_route=\/wp\/v2\/media\/55735"}],"wp:attachment":[{"href":"https:\/\/radiorevelacionfm.cl\/index.php?rest_route=%2Fwp%2Fv2%2Fmedia&parent=55734"}],"wp:term":[{"taxonomy":"category","embeddable":true,"href":"https:\/\/radiorevelacionfm.cl\/index.php?rest_route=%2Fwp%2Fv2%2Fcategories&post=55734"},{"taxonomy":"post_tag","embeddable":true,"href":"https:\/\/radiorevelacionfm.cl\/index.php?rest_route=%2Fwp%2Fv2%2Ftags&post=55734"}],"curies":[{"name":"wp","href":"https:\/\/api.w.org\/{rel}","templated":true}]}}