{"id":55731,"date":"2025-06-27T10:38:18","date_gmt":"2025-06-27T13:38:18","guid":{"rendered":"https:\/\/radiorevelacionfm.cl\/?p=55731"},"modified":"2025-06-27T10:38:18","modified_gmt":"2025-06-27T13:38:18","slug":"en-la-region-36-establecimientos-educacionales-funcionaran-como-locales-de-votacion-para-primarias-presidenciales-2025","status":"publish","type":"post","link":"https:\/\/radiorevelacionfm.cl\/?p=55731","title":{"rendered":"En la regi\u00f3n 36 establecimientos educacionales funcionar\u00e1n como locales de votaci\u00f3n para Primarias Presidenciales 2025"},"content":{"rendered":"<div class=\"flex_column av_one_full  flex_column_div av-zero-column-padding first  avia-builder-el-0  el_before_av_one_full  avia-builder-el-first  \" style='border-radius:0px; '><div  class='avia-image-container  av-styling-    avia-builder-el-1  avia-builder-el-no-sibling  avia-align-center '  itemprop=\"image\" itemscope=\"itemscope\" itemtype=\"https:\/\/schema.org\/ImageObject\"  ><div class='avia-image-container-inner'><div class='avia-image-overlay-wrap'><img decoding=\"async\" class='wp-image-55732 avia-img-lazy-loading-not-55732 avia_image' src=\"https:\/\/radiorevelacionfm.cl\/wp-content\/uploads\/2025\/06\/eleccion-primaria-presidencial.jpg-1-1.jpg\" alt='' title='eleccion-primaria-presidencial.jpg (1) (1)' height=\"600\" width=\"900\"  itemprop=\"thumbnailUrl\" srcset=\"https:\/\/radiorevelacionfm.cl\/wp-content\/uploads\/2025\/06\/eleccion-primaria-presidencial.jpg-1-1.jpg 900w, https:\/\/radiorevelacionfm.cl\/wp-content\/uploads\/2025\/06\/eleccion-primaria-presidencial.jpg-1-1-300x200.jpg 300w, https:\/\/radiorevelacionfm.cl\/wp-content\/uploads\/2025\/06\/eleccion-primaria-presidencial.jpg-1-1-768x512.jpg 768w, https:\/\/radiorevelacionfm.cl\/wp-content\/uploads\/2025\/06\/eleccion-primaria-presidencial.jpg-1-1-705x470.jpg 705w, https:\/\/radiorevelacionfm.cl\/wp-content\/uploads\/2025\/06\/eleccion-primaria-presidencial.jpg-1-1-450x300.jpg 450w, https:\/\/radiorevelacionfm.cl\/wp-content\/uploads\/2025\/06\/eleccion-primaria-presidencial.jpg-1-1-600x400.jpg 600w\" sizes=\"(max-width: 900px) 100vw, 900px\" \/><\/div><\/div><\/div><\/div><div class=\"flex_column av_one_full  flex_column_div av-zero-column-padding first  avia-builder-el-2  el_after_av_one_full  el_before_av_one_full  column-top-margin\" style='border-radius:0px; '><section class=\"av_textblock_section \"  itemscope=\"itemscope\" itemtype=\"https:\/\/schema.org\/BlogPosting\" itemprop=\"blogPost\" ><div class='avia_textblock  '   itemprop=\"text\" ><p style=\"text-align: center;\"><strong><span style=\"font-size: 18pt;\">En la regi\u00f3n 36 establecimientos educacionales funcionar\u00e1n como locales de votaci\u00f3n para Primarias Presidenciales 2025<\/span><\/strong><\/p>\n<div id=\"gtx-trans\" style=\"position: absolute; left: -50px; top: 4.31534px;\">\n<div class=\"gtx-trans-icon\"><\/div>\n<\/div>\n<\/div><\/section><\/div><div class=\"flex_column av_one_full  flex_column_div av-zero-column-padding first  avia-builder-el-4  el_after_av_one_full  el_before_av_hr  column-top-margin\" style='border-radius:0px; '><section class=\"av_textblock_section \"  itemscope=\"itemscope\" itemtype=\"https:\/\/schema.org\/BlogPosting\" itemprop=\"blogPost\" ><div class='avia_textblock  '   itemprop=\"text\" ><p class=\"v1MsoNormal\" style=\"text-align: justify;\"><span lang=\"ES\">Este domingo 29 de junio se llevar\u00e1n a cabo las Elecciones Primarias Presidenciales 2025, proceso en el que podr\u00e1n sufragar personas independientes o quienes forman parte de un partido pol\u00edtico que pact\u00f3 para primarias, y cuyo voto es voluntario en Chile y en el exterior. Al respecto, el Ministerio de Educaci\u00f3n inform\u00f3 que un total de\u00a0<b>2033 recintos educacionales a lo largo del pa\u00eds funcionar\u00e1n como locales de votaci\u00f3n.<\/b><\/span><b><\/b><\/p>\n<p class=\"v1MsoNormal\" style=\"text-align: justify;\"><span lang=\"ES\">Si bien la fecha de las elecciones coincide con que la gran mayor\u00eda de los establecimientos del pa\u00eds se encontrar\u00e1n en receso de actividades debido a las vacaciones de invierno, habr\u00e1 suspensi\u00f3n de clases el viernes 27 de junio, en cinco regiones del pa\u00eds, en los establecimientos educacionales -tanto p\u00fablicos como particulares subvencionados y particulares pagados- que funcionen como locales de votaci\u00f3n.<\/span><\/p>\n<p class=\"v1MsoNormal\" style=\"text-align: justify;\"><span lang=\"ES\">Se trata de las regiones de Arica y Parinacota, Tarapac\u00e1 y Antofagasta, cuyas vacaciones de invierno comienzan, por definici\u00f3n del calendario escolar 2025, el lunes 7 de julio; de la regi\u00f3n de Ays\u00e9n, donde el receso invernal partir\u00e1 el mismo d\u00eda; y de Magallanes, que inicia sus vacaciones de invierno el lunes 30 de junio.<\/span><\/p>\n<p class=\"v1MsoNormal\" style=\"text-align: justify;\"><span lang=\"ES\">En total,\u00a0<b>164 establecimientos tendr\u00e1n suspensi\u00f3n de clases el d\u00eda viernes 27 de junio: 24 en Arica y Parinacota; 31 en Tarapac\u00e1, 44 en Antofagasta, 36 en Ays\u00e9n y 29 en Magallanes<\/b>. La suspensi\u00f3n no contemplar\u00e1 la recuperaci\u00f3n de clases debido a la naturaleza de la medida.<\/span><\/p>\n<p class=\"v1MsoNormal\" style=\"text-align: justify;\"><span lang=\"ES\">La normativa vigente establece que, a partir de las 9:00 horas del viernes previo a la elecci\u00f3n los delegados de las Juntas Electorales, junto con las Fuerzas Armadas y Carabineros, se instalar\u00e1n en los recintos de votaci\u00f3n, por lo que se deber\u00e1n suspender las actividades escolares para facilitar el proceso electoral.<\/span><\/p>\n<p class=\"v1MsoNormal\" style=\"text-align: justify;\"><span lang=\"ES\">La subsecretaria de Educaci\u00f3n, Alejandra Arratia, sostuvo que la medida \u201cresponde a una articulaci\u00f3n entre distintas instituciones del Estado para garantizar un proceso eleccionario seguro y transparente, junto con velar por el resguardo y continuidad del proceso educativo de las comunidades que se mantienen en clases, de acuerdo con lo establecido en su calendario escolar regional\u201d.<\/span><\/p>\n<\/div><\/section><\/div><div  style='height:50px' class='hr hr-invisible   avia-builder-el-6  el_after_av_one_full  el_before_av_social_share '><span class='hr-inner ' ><span class='hr-inner-style'><\/span><\/span><\/div><\/p>\n<div  class='av-social-sharing-box  avia-builder-el-7  el_after_av_hr  el_before_av_hr  '><div class='av-share-box'><h5 class='av-share-link-description av-no-toc '>Compartir esta noticia<\/h5><ul class='av-share-box-list noLightbox'><li class='av-share-link av-social-link-facebook' ><a target=\"_blank\" aria-label=\"Compartir en Facebook\" href='https:\/\/www.facebook.com\/sharer.php?u=https:\/\/radiorevelacionfm.cl\/?p=55731&#038;t=En%20la%20regi%C3%B3n%2036%20establecimientos%20educacionales%20funcionar%C3%A1n%20como%20locales%20de%20votaci%C3%B3n%20para%20Primarias%20Presidenciales%202025' aria-hidden='false' data-av_icon='\ue8f3' data-av_iconfont='entypo-fontello' title='' data-avia-related-tooltip='Compartir en Facebook' rel=\"noopener\"><span class='avia_hidden_link_text'>Compartir en Facebook<\/span><\/a><\/li><li class='av-share-link av-social-link-twitter' ><a target=\"_blank\" aria-label=\"Compartir en Twitter\" href='https:\/\/twitter.com\/share?text=En%20la%20regi%C3%B3n%2036%20establecimientos%20educacionales%20funcionar%C3%A1n%20como%20locales%20de%20votaci%C3%B3n%20para%20Primarias%20Presidenciales%202025&#038;url=https:\/\/radiorevelacionfm.cl\/?p=55731' aria-hidden='false' data-av_icon='\ue8f1' data-av_iconfont='entypo-fontello' title='' data-avia-related-tooltip='Compartir en Twitter' rel=\"noopener\"><span class='avia_hidden_link_text'>Compartir en Twitter<\/span><\/a><\/li><li class='av-share-link av-social-link-whatsapp' ><a target=\"_blank\" aria-label=\"Compartir en Whatsapp\" href='https:\/\/api.whatsapp.com\/send?text=https:\/\/radiorevelacionfm.cl\/?p=55731' aria-hidden='false' data-av_icon='\uf232' data-av_iconfont='entypo-fontello' title='' data-avia-related-tooltip='Compartir en Whatsapp' rel=\"noopener\"><span class='avia_hidden_link_text'>Compartir en Whatsapp<\/span><\/a><\/li><li class='av-share-link av-social-link-linkedin' ><a target=\"_blank\" aria-label=\"Compartir en LinkedIn\" href='https:\/\/linkedin.com\/shareArticle?mini=true&#038;title=En%20la%20regi%C3%B3n%2036%20establecimientos%20educacionales%20funcionar%C3%A1n%20como%20locales%20de%20votaci%C3%B3n%20para%20Primarias%20Presidenciales%202025&#038;url=https:\/\/radiorevelacionfm.cl\/?p=55731' aria-hidden='false' data-av_icon='\ue8fc' data-av_iconfont='entypo-fontello' title='' data-avia-related-tooltip='Compartir en LinkedIn' rel=\"noopener\"><span class='avia_hidden_link_text'>Compartir en LinkedIn<\/span><\/a><\/li><li class='av-share-link av-social-link-mail' ><a  aria-label=\"Compartir por correo\" href='mailto:?subject=En%20la%20regi%C3%B3n%2036%20establecimientos%20educacionales%20funcionar%C3%A1n%20como%20locales%20de%20votaci%C3%B3n%20para%20Primarias%20Presidenciales%202025&#038;body=https:\/\/radiorevelacionfm.cl\/?p=55731' aria-hidden='false' data-av_icon='\ue805' data-av_iconfont='entypo-fontello' title='' data-avia-related-tooltip='Compartir por correo'><span class='avia_hidden_link_text'>Compartir por correo<\/span><\/a><\/li><\/ul><\/div><\/div>\n<div  style='height:50px' class='hr hr-invisible   avia-builder-el-8  el_after_av_social_share  el_before_av_comments_list '><span class='hr-inner ' ><span class='hr-inner-style'><\/span><\/span><\/div>\n<div  class='av-buildercomment  av-blog-meta-html-info-disabled av-blog-meta-tag-disabled  '><\/div>\n","protected":false},"excerpt":{"rendered":"","protected":false},"author":1,"featured_media":55732,"comment_status":"closed","ping_status":"closed","sticky":false,"template":"","format":"standard","meta":{"footnotes":""},"categories":[38],"tags":[],"class_list":["post-55731","post","type-post","status-publish","format-standard","has-post-thumbnail","hentry","category-regional"],"jetpack_featured_media_url":"https:\/\/radiorevelacionfm.cl\/wp-content\/uploads\/2025\/06\/eleccion-primaria-presidencial.jpg-1-1.jpg","_links":{"self":[{"href":"https:\/\/radiorevelacionfm.cl\/index.php?rest_route=\/wp\/v2\/posts\/55731","targetHints":{"allow":["GET"]}}],"collection":[{"href":"https:\/\/radiorevelacionfm.cl\/index.php?rest_route=\/wp\/v2\/posts"}],"about":[{"href":"https:\/\/radiorevelacionfm.cl\/index.php?rest_route=\/wp\/v2\/types\/post"}],"author":[{"embeddable":true,"href":"https:\/\/radiorevelacionfm.cl\/index.php?rest_route=\/wp\/v2\/users\/1"}],"replies":[{"embeddable":true,"href":"https:\/\/radiorevelacionfm.cl\/index.php?rest_route=%2Fwp%2Fv2%2Fcomments&post=55731"}],"version-history":[{"count":2,"href":"https:\/\/radiorevelacionfm.cl\/index.php?rest_route=\/wp\/v2\/posts\/55731\/revisions"}],"predecessor-version":[{"id":55793,"href":"https:\/\/radiorevelacionfm.cl\/index.php?rest_route=\/wp\/v2\/posts\/55731\/revisions\/55793"}],"wp:featuredmedia":[{"embeddable":true,"href":"https:\/\/radiorevelacionfm.cl\/index.php?rest_route=\/wp\/v2\/media\/55732"}],"wp:attachment":[{"href":"https:\/\/radiorevelacionfm.cl\/index.php?rest_route=%2Fwp%2Fv2%2Fmedia&parent=55731"}],"wp:term":[{"taxonomy":"category","embeddable":true,"href":"https:\/\/radiorevelacionfm.cl\/index.php?rest_route=%2Fwp%2Fv2%2Fcategories&post=55731"},{"taxonomy":"post_tag","embeddable":true,"href":"https:\/\/radiorevelacionfm.cl\/index.php?rest_route=%2Fwp%2Fv2%2Ftags&post=55731"}],"curies":[{"name":"wp","href":"https:\/\/api.w.org\/{rel}","templated":true}]}}