{"id":5572,"date":"2021-06-23T22:29:32","date_gmt":"2021-06-24T01:29:32","guid":{"rendered":"https:\/\/radiorevelacionfm.cl\/?p=5572"},"modified":"2021-06-23T22:29:32","modified_gmt":"2021-06-24T01:29:32","slug":"inauguran-sede-y-entregan-terreno-para-la-construccion-de-dos-nuevas-infraestructuras-sociales-en-puerto-aysen","status":"publish","type":"post","link":"https:\/\/radiorevelacionfm.cl\/?p=5572","title":{"rendered":"Inauguran sede y entregan terreno para la construcci\u00f3n de dos nuevas infraestructuras sociales en Puerto Ays\u00e9n"},"content":{"rendered":"<div class=\"flex_column av_one_full  flex_column_div av-zero-column-padding first  avia-builder-el-0  el_before_av_one_full  avia-builder-el-first  \" style='border-radius:0px; '><div  class='avia-image-container  av-styling-    avia-builder-el-1  avia-builder-el-no-sibling  avia-align-center '  itemprop=\"image\" itemscope=\"itemscope\" itemtype=\"https:\/\/schema.org\/ImageObject\"  ><div class='avia-image-container-inner'><div class='avia-image-overlay-wrap'><img decoding=\"async\" class='wp-image-0 avia-img-lazy-loading-not-0 avia_image' src=\"https:\/\/radiorevelacionfm.cl\/wp-content\/uploads\/2021\/06\/IMG-Sedesds272-1-1.jpg\" alt='' title=''   itemprop=\"thumbnailUrl\"  \/><\/div><\/div><\/div><\/div><div class=\"flex_column av_one_full  flex_column_div av-zero-column-padding first  avia-builder-el-2  el_after_av_one_full  el_before_av_one_full  column-top-margin\" style='border-radius:0px; '><section class=\"av_textblock_section \"  itemscope=\"itemscope\" itemtype=\"https:\/\/schema.org\/BlogPosting\" itemprop=\"blogPost\" ><div class='avia_textblock  '   itemprop=\"text\" ><p style=\"text-align: center;\"><strong><span style=\"font-size: 18pt;\">Inauguran sede y entregan terreno para la construcci\u00f3n de dos nuevas infraestructuras sociales en Puerto Ays\u00e9n <\/span><\/strong><\/p>\n<div id=\"gtx-trans\" style=\"position: absolute; left: -50px; top: 4.31534px;\">\n<div class=\"gtx-trans-icon\"><\/div>\n<\/div>\n<\/div><\/section><\/div><div class=\"flex_column av_one_full  flex_column_div av-zero-column-padding first  avia-builder-el-4  el_after_av_one_full  el_before_av_hr  column-top-margin\" style='border-radius:0px; '><section class=\"av_textblock_section \"  itemscope=\"itemscope\" itemtype=\"https:\/\/schema.org\/BlogPosting\" itemprop=\"blogPost\" ><div class='avia_textblock  '   itemprop=\"text\" ><p style=\"text-align: justify;\">Con mucha alegr\u00eda y acompa\u00f1ados de las organizaciones patrocinantes de cada iniciativa; el alcalde, Luis Mart\u00ednez Gallardo, junto al Seremi de Vivienda y Urbanismo, Diego Silva Barrera, en compa\u00f1\u00eda de equipos t\u00e9cnicos del municipio y el Serviu procedieron a dar por inaugurada la Sede de Adultos Mayores \u201cLos Laureles\u201d y entregar terrenos para la construcci\u00f3n de los proyectos: Sede de Uni\u00f3n Comunal de Adultos Mayores \u201cTrapananda\u201d y Sede de la Junta Vecinal de Camino Viejo. Iniciativas \u00edntegramente financiadas por el Ministerio de Vivienda y Urbanismo a trav\u00e9s de un plan piloto ejecutado en la comuna de Ays\u00e9n.<\/p>\n<p style=\"text-align: justify;\">El programa Hogar Mejor: Cap\u00edtulo I \u201cProyectos para Equipamiento Comunitario\u201d (DS 27) del Minvu aprob\u00f3 en sus distintos llamados un monto superior a los 575 millones de pesos distribuidos entre los tres proyectos de este tipo. Las faenas se encuentran a cargo de empresas ayseninas, buscando tambi\u00e9n impulsar el alica\u00eddo sector laboral producto de la crisis sanitaria que enfrenta el pa\u00eds y los pasos de ejecuci\u00f3n oscilan entre los 180 \u2013 240 d\u00edas corridos desde la entrega respectiva de terrenos.<\/p>\n<p style=\"text-align: justify;\">En este sentido, el alcalde Mart\u00ednez, junto con agradecer la labor efectuada por la se\u00f1ora Oriana Mella (QEPD) coment\u00f3 los procesos a trav\u00e9s los cuales finalmente se consigui\u00f3 todo para la construcci\u00f3n de la Sede de la Uni\u00f3n Comunal de Adultos Mayores \u201cTrapananda\u201d a un costado del CESCOF. Adem\u00e1s, con ello abord\u00f3 que este desaf\u00edo tambi\u00e9n fue replicado en el sector de Camino Viejo junto a la dirigenta Gladys Mar\u00edn.<\/p>\n<p style=\"text-align: justify;\">Situaci\u00f3n que, a rengl\u00f3n seguido, la autoridad destac\u00f3 por la pronta materializaci\u00f3n de las faenas. Algo que de igual manera ocurri\u00f3 con el Club de Adulto Mayor \u201cLos Laureles\u201d, Mart\u00ednez Gallardo, relat\u00f3 que en este terreno en febrero de 2020 no exist\u00eda nada y hoy ya fue posible su inauguraci\u00f3n. \u201cAs\u00ed es que, qu\u00e9 puedo decir, que felicidad m\u00e1s grande haber trabajado por mi tierra, donde nac\u00ed y hoy puedo pasear por las calles y ver que en muchos lugares se construye de algo que sali\u00f3 de un aysenino\u201d.<\/p>\n<p style=\"text-align: justify;\">Mientras que, el Secretario Regional del Ministerio de Vivienda y Urbanismo en Ays\u00e9n, Diego Silva Barrera, expres\u00f3 su emoci\u00f3n ante este trabajo coordinado con el alcalde Mart\u00ednez y los dirigentes para abogar por una recuperaci\u00f3n de espacios p\u00fablicos claves, en este sentido, el personero a\u00f1adi\u00f3 que \u201cel Minvu no se enfoca solamente en las plazas, sino que tambi\u00e9n en este tipo de iniciativas que son sedes para la recreaci\u00f3n, as\u00ed es que, se ha hecho un trabajo colaborativo con los Club de Adulto Mayor y con las Juntas de Vecinos en iniciativas que son r\u00e1pidas de gestionar\u201d.<\/p>\n<p style=\"text-align: justify;\">Gladys Mar\u00edn Barr\u00eda, presidenta de la Junta de Vecinos Camino Viejo relat\u00f3 que \u201cest\u00e1bamos solicitando hace muchos, muchos a\u00f1os esto, nos reun\u00edamos en galpones y esto sali\u00f3 tan de repente y desde que asumi\u00f3 don Luis Mart\u00ednez fuimos a explicarle la situaci\u00f3n y \u00e9l tuvo muy buena voluntad, disposici\u00f3n y dijo <em>ya vamos a ver en qu\u00e9 va eso <\/em>y ah\u00ed empezamos a tirar para arriba como se dice y despu\u00e9s de tres meses ya estaba en proyecto nuestra sede. Pero muy feliz y agradecida porque se uni\u00f3 equipo tremendo para solucionar un anhelo que llevamos por a\u00f1os\u201d.<\/p>\n<p style=\"text-align: justify;\">Quien tambi\u00e9n expres\u00f3 su felicidad por lo acontecido fue Mario Elgueta Poblete, presidente de la Uni\u00f3n Comunal Adulto Mayor \u201cTrapananda\u201dy as\u00ed mismo coment\u00f3 \u201cyo no le voy a sacar el trasero a la jeringa, pero si voy a hacer menci\u00f3n, Luis Mart\u00ednez fue el alcalde que se movi\u00f3 por la sede pero lo hizo con nuestra dirigente y tesorera que se nos fuera do\u00f1a Oriana Mella, a quien se le va agradecer eternamente y creo que la placa recordatoria tiene que instalarse en la sede porque ella fue la gestora de esto\u201d.<\/p>\n<p style=\"text-align: justify;\">Finalmente, Pascual Contreras, presidente del Club de Adulto Mayor Los Laureles, agradeci\u00f3 la labor efectuada por las autoridades que confluy\u00f3 finalmente en contar con un nuevo recinto para albergar a sus asociados, los cuales superan los 80 integrantes activos, quienes unidos se aventuraron a participar de esta iniciativa pionera. \u201cestamos agradecidos por el se\u00f1or seremi que vino a apoyarnos mucho para sacar esta sede adelante, tambi\u00e9n al alcalde, la se\u00f1ora Felisa y as\u00ed, hoy d\u00eda estamos recibiendo la sede contentos, cari\u00f1osos\u201d sentenci\u00f3 Contreras<\/p>\n<\/div><\/section><\/div><div  style='height:50px' class='hr hr-invisible   avia-builder-el-6  el_after_av_one_full  el_before_av_social_share '><span class='hr-inner ' ><span class='hr-inner-style'><\/span><\/span><\/div><\/p>\n<div  class='av-social-sharing-box  avia-builder-el-7  el_after_av_hr  el_before_av_hr  '><div class='av-share-box'><h5 class='av-share-link-description av-no-toc '>Compartir esta noticia<\/h5><ul class='av-share-box-list noLightbox'><li class='av-share-link av-social-link-facebook' ><a target=\"_blank\" aria-label=\"Compartir en Facebook\" href='https:\/\/www.facebook.com\/sharer.php?u=https:\/\/radiorevelacionfm.cl\/?p=5572&#038;t=Inauguran%20sede%20y%20entregan%20terreno%20para%20la%20construcci%C3%B3n%20de%20dos%20nuevas%20infraestructuras%20sociales%20en%20Puerto%20Ays%C3%A9n' aria-hidden='false' data-av_icon='\ue8f3' data-av_iconfont='entypo-fontello' title='' data-avia-related-tooltip='Compartir en Facebook' rel=\"noopener\"><span class='avia_hidden_link_text'>Compartir en Facebook<\/span><\/a><\/li><li class='av-share-link av-social-link-twitter' ><a target=\"_blank\" aria-label=\"Compartir en Twitter\" href='https:\/\/twitter.com\/share?text=Inauguran%20sede%20y%20entregan%20terreno%20para%20la%20construcci%C3%B3n%20de%20dos%20nuevas%20infraestructuras%20sociales%20en%20Puerto%20Ays%C3%A9n&#038;url=https:\/\/radiorevelacionfm.cl\/?p=5572' aria-hidden='false' data-av_icon='\ue8f1' data-av_iconfont='entypo-fontello' title='' data-avia-related-tooltip='Compartir en Twitter' rel=\"noopener\"><span class='avia_hidden_link_text'>Compartir en Twitter<\/span><\/a><\/li><li class='av-share-link av-social-link-whatsapp' ><a target=\"_blank\" aria-label=\"Compartir en Whatsapp\" href='https:\/\/api.whatsapp.com\/send?text=https:\/\/radiorevelacionfm.cl\/?p=5572' aria-hidden='false' data-av_icon='\uf232' data-av_iconfont='entypo-fontello' title='' data-avia-related-tooltip='Compartir en Whatsapp' rel=\"noopener\"><span class='avia_hidden_link_text'>Compartir en Whatsapp<\/span><\/a><\/li><li class='av-share-link av-social-link-linkedin' ><a target=\"_blank\" aria-label=\"Compartir en LinkedIn\" href='https:\/\/linkedin.com\/shareArticle?mini=true&#038;title=Inauguran%20sede%20y%20entregan%20terreno%20para%20la%20construcci%C3%B3n%20de%20dos%20nuevas%20infraestructuras%20sociales%20en%20Puerto%20Ays%C3%A9n&#038;url=https:\/\/radiorevelacionfm.cl\/?p=5572' aria-hidden='false' data-av_icon='\ue8fc' data-av_iconfont='entypo-fontello' title='' data-avia-related-tooltip='Compartir en LinkedIn' rel=\"noopener\"><span class='avia_hidden_link_text'>Compartir en LinkedIn<\/span><\/a><\/li><li class='av-share-link av-social-link-mail' ><a  aria-label=\"Compartir por correo\" href='mailto:?subject=Inauguran%20sede%20y%20entregan%20terreno%20para%20la%20construcci%C3%B3n%20de%20dos%20nuevas%20infraestructuras%20sociales%20en%20Puerto%20Ays%C3%A9n&#038;body=https:\/\/radiorevelacionfm.cl\/?p=5572' aria-hidden='false' data-av_icon='\ue805' data-av_iconfont='entypo-fontello' title='' data-avia-related-tooltip='Compartir por correo'><span class='avia_hidden_link_text'>Compartir por correo<\/span><\/a><\/li><\/ul><\/div><\/div>\n<div  style='height:50px' class='hr hr-invisible   avia-builder-el-8  el_after_av_social_share  el_before_av_comments_list '><span class='hr-inner ' ><span class='hr-inner-style'><\/span><\/span><\/div>\n<div  class='av-buildercomment  av-blog-meta-html-info-disabled av-blog-meta-tag-disabled  '><\/div>\n","protected":false},"excerpt":{"rendered":"","protected":false},"author":1,"featured_media":0,"comment_status":"open","ping_status":"open","sticky":false,"template":"","format":"standard","meta":{"footnotes":""},"categories":[38],"tags":[],"class_list":["post-5572","post","type-post","status-publish","format-standard","hentry","category-regional"],"jetpack_featured_media_url":"","_links":{"self":[{"href":"https:\/\/radiorevelacionfm.cl\/index.php?rest_route=\/wp\/v2\/posts\/5572","targetHints":{"allow":["GET"]}}],"collection":[{"href":"https:\/\/radiorevelacionfm.cl\/index.php?rest_route=\/wp\/v2\/posts"}],"about":[{"href":"https:\/\/radiorevelacionfm.cl\/index.php?rest_route=\/wp\/v2\/types\/post"}],"author":[{"embeddable":true,"href":"https:\/\/radiorevelacionfm.cl\/index.php?rest_route=\/wp\/v2\/users\/1"}],"replies":[{"embeddable":true,"href":"https:\/\/radiorevelacionfm.cl\/index.php?rest_route=%2Fwp%2Fv2%2Fcomments&post=5572"}],"version-history":[{"count":1,"href":"https:\/\/radiorevelacionfm.cl\/index.php?rest_route=\/wp\/v2\/posts\/5572\/revisions"}],"predecessor-version":[{"id":5574,"href":"https:\/\/radiorevelacionfm.cl\/index.php?rest_route=\/wp\/v2\/posts\/5572\/revisions\/5574"}],"wp:attachment":[{"href":"https:\/\/radiorevelacionfm.cl\/index.php?rest_route=%2Fwp%2Fv2%2Fmedia&parent=5572"}],"wp:term":[{"taxonomy":"category","embeddable":true,"href":"https:\/\/radiorevelacionfm.cl\/index.php?rest_route=%2Fwp%2Fv2%2Fcategories&post=5572"},{"taxonomy":"post_tag","embeddable":true,"href":"https:\/\/radiorevelacionfm.cl\/index.php?rest_route=%2Fwp%2Fv2%2Ftags&post=5572"}],"curies":[{"name":"wp","href":"https:\/\/api.w.org\/{rel}","templated":true}]}}