{"id":55716,"date":"2025-06-25T18:04:00","date_gmt":"2025-06-25T21:04:00","guid":{"rendered":"https:\/\/radiorevelacionfm.cl\/?p=55716"},"modified":"2025-06-25T18:04:00","modified_gmt":"2025-06-25T21:04:00","slug":"investigacion-de-fiscalia-y-os-7-de-carabineros-permite-detencion-de-imputado-que-envio-mas-de-5-mil-dosis-de-marihuana-a-coyhaique","status":"publish","type":"post","link":"https:\/\/radiorevelacionfm.cl\/?p=55716","title":{"rendered":"Investigaci\u00f3n de Fiscal\u00eda y OS-7 de Carabineros permite detenci\u00f3n de imputado que envi\u00f3 m\u00e1s de 5 mil dosis de marihuana a Coyhaique"},"content":{"rendered":"<div class=\"flex_column av_one_full  flex_column_div av-zero-column-padding first  avia-builder-el-0  el_before_av_one_full  avia-builder-el-first  \" style='border-radius:0px; '><div  class='avia-image-container  av-styling-    avia-builder-el-1  avia-builder-el-no-sibling  avia-align-center '  itemprop=\"image\" itemscope=\"itemscope\" itemtype=\"https:\/\/schema.org\/ImageObject\"  ><div class='avia-image-container-inner'><div class='avia-image-overlay-wrap'><img decoding=\"async\" class='wp-image-55717 avia-img-lazy-loading-not-55717 avia_image' src=\"https:\/\/radiorevelacionfm.cl\/wp-content\/uploads\/2025\/06\/whatsapp-image-2025-06-25-at-4_optimized.37.16-pm-3.jpeg\" alt='' title='whatsapp-image-2025-06-25-at-4_optimized.37.16-pm-(3)' height=\"600\" width=\"898\"  itemprop=\"thumbnailUrl\" srcset=\"https:\/\/radiorevelacionfm.cl\/wp-content\/uploads\/2025\/06\/whatsapp-image-2025-06-25-at-4_optimized.37.16-pm-3.jpeg 898w, https:\/\/radiorevelacionfm.cl\/wp-content\/uploads\/2025\/06\/whatsapp-image-2025-06-25-at-4_optimized.37.16-pm-3-300x200.jpeg 300w, https:\/\/radiorevelacionfm.cl\/wp-content\/uploads\/2025\/06\/whatsapp-image-2025-06-25-at-4_optimized.37.16-pm-3-768x513.jpeg 768w, https:\/\/radiorevelacionfm.cl\/wp-content\/uploads\/2025\/06\/whatsapp-image-2025-06-25-at-4_optimized.37.16-pm-3-705x471.jpeg 705w, https:\/\/radiorevelacionfm.cl\/wp-content\/uploads\/2025\/06\/whatsapp-image-2025-06-25-at-4_optimized.37.16-pm-3-450x301.jpeg 450w, https:\/\/radiorevelacionfm.cl\/wp-content\/uploads\/2025\/06\/whatsapp-image-2025-06-25-at-4_optimized.37.16-pm-3-600x401.jpeg 600w\" sizes=\"(max-width: 898px) 100vw, 898px\" \/><\/div><\/div><\/div><\/div><div class=\"flex_column av_one_full  flex_column_div av-zero-column-padding first  avia-builder-el-2  el_after_av_one_full  el_before_av_one_full  column-top-margin\" style='border-radius:0px; '><section class=\"av_textblock_section \"  itemscope=\"itemscope\" itemtype=\"https:\/\/schema.org\/BlogPosting\" itemprop=\"blogPost\" ><div class='avia_textblock  '   itemprop=\"text\" ><p style=\"text-align: center;\"><span style=\"font-size: 18pt;\"><b>Investigaci\u00f3n de Fiscal\u00eda y OS-7 de Carabineros permite detenci\u00f3n de imputado que envi\u00f3 m\u00e1s de 5 mil dosis de marihuana a Coyhaique<\/b><\/span><\/p>\n<div id=\"gtx-trans\" style=\"position: absolute; left: -50px; top: 4.31534px;\">\n<div class=\"gtx-trans-icon\"><\/div>\n<\/div>\n<\/div><\/section><\/div><div class=\"flex_column av_one_full  flex_column_div av-zero-column-padding first  avia-builder-el-4  el_after_av_one_full  el_before_av_hr  column-top-margin\" style='border-radius:0px; '><section class=\"av_textblock_section \"  itemscope=\"itemscope\" itemtype=\"https:\/\/schema.org\/BlogPosting\" itemprop=\"blogPost\" ><div class='avia_textblock  '   itemprop=\"text\" ><p style=\"font-weight: 400; text-align: justify;\">\u201cDespu\u00e9s de distintas diligencias intrusivas, se logr\u00f3 determinar a esta persona, que era un ciudadano chileno de la comuna de Estaci\u00f3n Central\u201d, explic\u00f3 el Fiscal Adjunto (s), Mat\u00edas Manzano Aguayo.<\/p>\n<p style=\"font-weight: 400; text-align: justify;\">En prisi\u00f3n preventiva en Santiago fue puesto un imputado de 32 a\u00f1os, como autor del delito de tr\u00e1fico de drogas, quien en marzo de este a\u00f1o envi\u00f3 2 kilos 680 gramos de marihuana hasta Coyhaique, la cual fue detectada en un trabajo conjunto del OS-7 de Carabineros, el can antidrogas Gaz\u00fa y la Unidad de Drogas de la Fiscal\u00eda Regional.<\/p>\n<p style=\"font-weight: 400; text-align: justify;\">El contexto de este caso se origina el 31 de marzo de este a\u00f1o, cuando Carabineros del OS 7 concurre a una empresa de transportes a fin de efectuar un control y fiscalizaci\u00f3n, tras lo cual se comunica a la Fiscal Adjunto de la Unidad de Drogas, Mar\u00eda In\u00e9s N\u00fa\u00f1ez Briso, quien dispone la realizaci\u00f3n de diligencias investigativas.<\/p>\n<p style=\"font-weight: 400; text-align: justify;\">El 4 abril del 2025, concurri\u00f3 a retirar la encomienda un imputado de 23 a\u00f1os, quien es detenido por Carabineros cuando ingresaba la droga a su veh\u00edculo. A solicitud de la Fiscal\u00eda, el sujeto fue puesto en prisi\u00f3n preventiva por el Juzgado de Garant\u00eda de Coyhaique, sin embargo, faltaba determinar qui\u00e9n hab\u00eda enviado el paquete desde Santiago con las m\u00e1s de cinco mil trescientas dosis de marihuana.<\/p>\n<p style=\"font-weight: 400; text-align: justify;\">OTRO INVOLUCRADO<\/p>\n<p style=\"font-weight: 400; text-align: justify;\">Es as\u00ed que \u201cel d\u00eda de ayer se formaliz\u00f3 investigaci\u00f3n por tr\u00e1fico de drogas en contra de un imputado, el cual fue vinculado al env\u00edo de una encomienda en el mes de marzo pasado, en el cual se envi\u00f3 a la ciudad de Coyhaique en su momento, una encomienda que conten\u00eda en su interior varios paquetes de marihuana\u201d, explic\u00f3 el Fiscal Adjunto (s), Mat\u00edas Manzano.<\/p>\n<p style=\"font-weight: 400; text-align: justify;\">\u201cEn total se encontraron por la polic\u00eda en dicho momento, una cantidad aproximada de dos kilos y medio de marihuana en distintos envoltorios. Dicho lo anterior, a partir de ese primer hallazgo que se produjo, como se\u00f1al\u00e9 en el mes de marzo en Coyhaique, se desarroll\u00f3 una investigaci\u00f3n por parte del OS 7 de Carabineros, en el cual se pudo determinar en concreto qui\u00e9n era la persona que hab\u00eda enviado este paquete a la ciudad\u201d, a\u00f1adi\u00f3 el persecutor penal.<\/p>\n<p style=\"font-weight: 400; text-align: justify;\">\u201cEn la primera investigaci\u00f3n ya exist\u00eda un imputado que se encontraba en prisi\u00f3n preventiva, pero faltaba todav\u00eda determinar qui\u00e9n hab\u00eda enviado esta encomienda hacia Coyhaique. A partir de lo anterior, despu\u00e9s de distintas diligencias intrusivas, se logr\u00f3 determinar a esta persona, que era un ciudadano chileno de la comuna de Estaci\u00f3n Central, que efectivamente en d\u00edas previos al hallazgo aqu\u00ed en Coyhaique, hab\u00eda concurrido hasta una sucursal de env\u00edo y hab\u00eda despachado la encomienda que posteriormente en su interior se encontr\u00f3 estos dos kilos y medio de marihuana\u201d, sostuvo Mat\u00edas Manzano.<\/p>\n<p style=\"font-weight: 400; text-align: justify;\">PROCEDIMIENTO<\/p>\n<p style=\"font-weight: 400; text-align: justify;\">El Jefe de la Secci\u00f3n OS-7 de Carabineros Ays\u00e9n, Capit\u00e1n Pablo Ardiles Herrera, destac\u00f3 el trabajo coordinado con el Ministerio P\u00fablico as\u00ed como la metodolog\u00eda empleada que permiti\u00f3 su localizaci\u00f3n.<\/p>\n<p style=\"font-weight: 400; text-align: justify;\">\u201cCarabineros en las \u00faltimas horas materializ\u00f3 un procedimiento luego de un proceso investigativo en conjunto con el Ministerio P\u00fablico, donde se logr\u00f3 acreditar que un sujeto que se dedicaba al env\u00edo de encomiendas con sustancias controladas hasta la Regi\u00f3n de Ays\u00e9n. En un proceso donde nuestro can antidrogas Gaz\u00fa y la patrulla de control de Carabineros de Chile del OS-7 Ays\u00e9n permiti\u00f3 identificar una encomienda con una sustancia ilegal de m\u00e1s de dos kilos de marihuana. Se desarrolla una entrega controlada y se mantienen -con diferentes t\u00e9cnicas especiales- que nos permite identificar y detener al receptor de la sustancia en la regi\u00f3n. Pero no solo eso, junto con Ministerio P\u00fablico se sigue la l\u00ednea investigativa y se permite investigar metodol\u00f3gicamente al individuo que desarrollaba el env\u00edo desde la Regi\u00f3n Metropolitana, identific\u00e1ndolo y logrando identificar su domicilio, permitiendo esto obtener una orden de entrada y registro y de detenci\u00f3n de este individuo\u201d, expres\u00f3.<\/p>\n<p style=\"font-weight: 400; text-align: justify;\">Al respecto el Capit\u00e1n Pablo Ardiles a\u00f1adi\u00f3 que, en virtud de una orden de entrada y registro, \u201cesta se materializ\u00f3 en la comuna de Estaci\u00f3n Central en la Regi\u00f3n Metropolitana, donde nuestros equipos especializados del Departamento Antidrogas de la Secci\u00f3n OS-7 Ays\u00e9n y del Grupo de Operaciones Policiales Especiales (GOPE) hacen una intervenci\u00f3n, lo que permiti\u00f3 identificar a esta persona, detenerla y pasarla al control de detecci\u00f3n\u201d.<\/p>\n<p style=\"font-weight: 400; text-align: justify;\">PRISI\u00d3N PREVENTIVA<\/p>\n<p style=\"font-weight: 400; text-align: justify;\">El Fiscal Adjunto (s), Mat\u00edas Manzano, agreg\u00f3 sobre esta causa que \u201cel d\u00eda de ayer se desarroll\u00f3 la formalizaci\u00f3n de investigaci\u00f3n, el Ministerio P\u00fablico solicit\u00f3 a su respecto, atendido la pena asignada al delito, la prisi\u00f3n preventiva del imputado lo cual fue accedido por el Juzgado de Garant\u00eda de Coyhaique, decret\u00e1ndose la prisi\u00f3n preventiva del imputado, una persona adulta, como se\u00f1al\u00e9 de Estaci\u00f3n Central. Se estableci\u00f3 un plazo de investigaci\u00f3n de 60 d\u00edas, plazo en el cual el Ministerio P\u00fablico terminar\u00e1 las diligencias que se encuentra desarrollando por parte del OS 7 de Carabineros\u201d.<\/p>\n<p style=\"font-weight: 400; text-align: justify;\">Por su parte, para el Jefe de la Secci\u00f3n OS-7 Ays\u00e9n, Capit\u00e1n Pablo Ardiles, \u201cla contundencia de la evidencia encontrada permiti\u00f3 dejar en prisi\u00f3n preventiva a este sujeto y as\u00ed terminar el c\u00edrculo, no solamente quedar con la droga incautada en la regi\u00f3n, sino que tambi\u00e9n desarrollar las diligencias que nos permitieron cesar y sacar de circulaci\u00f3n a una persona que de manera permanente desarrolla env\u00edos de sustancias ilegales a nuestra regi\u00f3n, siendo posteriormente comercializadas a quienes pod\u00edan ser futuros adictos en nuestras poblaciones. Este es un trabajo exitoso que permite nuevamente resaltar el permanente trabajo que desarrollan sus Carabineros. Por lo anterior, instamos a la comunidad a acercarse a Carabineros y entregar informaci\u00f3n por este tipo de delitos u otros para desarrollar procedimientos policiales que nos permitan devolver los espacios seguros a nuestra comunidad\u201d, complement\u00f3 el Oficial.<\/p>\n<p style=\"font-weight: 400; text-align: justify;\">De haber sido comercializada toda esta droga, es decir los 2 Kilos 680 gramos de marihuana equivalentes a 5.360 dosis, su valor estimado en la regi\u00f3n bordear\u00eda los 40 millones de pesos obtenidos de forma il\u00edcita, los cuales fueron puestos fuera de circulaci\u00f3n como parte de un trabajo coordinado del OS 7 de Carabineros y la Unidad de Drogas de la Fiscal\u00eda Regional de Ays\u00e9n.<\/p>\n<\/div><\/section><\/div><div  style='height:50px' class='hr hr-invisible   avia-builder-el-6  el_after_av_one_full  el_before_av_social_share '><span class='hr-inner ' ><span class='hr-inner-style'><\/span><\/span><\/div><\/p>\n<div  class='av-social-sharing-box  avia-builder-el-7  el_after_av_hr  el_before_av_hr  '><div class='av-share-box'><h5 class='av-share-link-description av-no-toc '>Compartir esta noticia<\/h5><ul class='av-share-box-list noLightbox'><li class='av-share-link av-social-link-facebook' ><a target=\"_blank\" aria-label=\"Compartir en Facebook\" href='https:\/\/www.facebook.com\/sharer.php?u=https:\/\/radiorevelacionfm.cl\/?p=55716&#038;t=Investigaci%C3%B3n%20de%20Fiscal%C3%ADa%20y%20OS-7%20de%20Carabineros%20permite%20detenci%C3%B3n%20de%20imputado%20que%20envi%C3%B3%20m%C3%A1s%20de%205%20mil%20dosis%20de%20marihuana%20a%20Coyhaique' aria-hidden='false' data-av_icon='\ue8f3' data-av_iconfont='entypo-fontello' title='' data-avia-related-tooltip='Compartir en Facebook' rel=\"noopener\"><span class='avia_hidden_link_text'>Compartir en Facebook<\/span><\/a><\/li><li class='av-share-link av-social-link-twitter' ><a target=\"_blank\" aria-label=\"Compartir en Twitter\" href='https:\/\/twitter.com\/share?text=Investigaci%C3%B3n%20de%20Fiscal%C3%ADa%20y%20OS-7%20de%20Carabineros%20permite%20detenci%C3%B3n%20de%20imputado%20que%20envi%C3%B3%20m%C3%A1s%20de%205%20mil%20dosis%20de%20marihuana%20a%20Coyhaique&#038;url=https:\/\/radiorevelacionfm.cl\/?p=55716' aria-hidden='false' data-av_icon='\ue8f1' data-av_iconfont='entypo-fontello' title='' data-avia-related-tooltip='Compartir en Twitter' rel=\"noopener\"><span class='avia_hidden_link_text'>Compartir en Twitter<\/span><\/a><\/li><li class='av-share-link av-social-link-whatsapp' ><a target=\"_blank\" aria-label=\"Compartir en Whatsapp\" href='https:\/\/api.whatsapp.com\/send?text=https:\/\/radiorevelacionfm.cl\/?p=55716' aria-hidden='false' data-av_icon='\uf232' data-av_iconfont='entypo-fontello' title='' data-avia-related-tooltip='Compartir en Whatsapp' rel=\"noopener\"><span class='avia_hidden_link_text'>Compartir en Whatsapp<\/span><\/a><\/li><li class='av-share-link av-social-link-linkedin' ><a target=\"_blank\" aria-label=\"Compartir en LinkedIn\" href='https:\/\/linkedin.com\/shareArticle?mini=true&#038;title=Investigaci%C3%B3n%20de%20Fiscal%C3%ADa%20y%20OS-7%20de%20Carabineros%20permite%20detenci%C3%B3n%20de%20imputado%20que%20envi%C3%B3%20m%C3%A1s%20de%205%20mil%20dosis%20de%20marihuana%20a%20Coyhaique&#038;url=https:\/\/radiorevelacionfm.cl\/?p=55716' aria-hidden='false' data-av_icon='\ue8fc' data-av_iconfont='entypo-fontello' title='' data-avia-related-tooltip='Compartir en LinkedIn' rel=\"noopener\"><span class='avia_hidden_link_text'>Compartir en LinkedIn<\/span><\/a><\/li><li class='av-share-link av-social-link-mail' ><a  aria-label=\"Compartir por correo\" href='mailto:?subject=Investigaci%C3%B3n%20de%20Fiscal%C3%ADa%20y%20OS-7%20de%20Carabineros%20permite%20detenci%C3%B3n%20de%20imputado%20que%20envi%C3%B3%20m%C3%A1s%20de%205%20mil%20dosis%20de%20marihuana%20a%20Coyhaique&#038;body=https:\/\/radiorevelacionfm.cl\/?p=55716' aria-hidden='false' data-av_icon='\ue805' data-av_iconfont='entypo-fontello' title='' data-avia-related-tooltip='Compartir por correo'><span class='avia_hidden_link_text'>Compartir por correo<\/span><\/a><\/li><\/ul><\/div><\/div>\n<div  style='height:50px' class='hr hr-invisible   avia-builder-el-8  el_after_av_social_share  el_before_av_comments_list '><span class='hr-inner ' ><span class='hr-inner-style'><\/span><\/span><\/div>\n<div  class='av-buildercomment  av-blog-meta-html-info-disabled av-blog-meta-tag-disabled  '><\/div>\n","protected":false},"excerpt":{"rendered":"","protected":false},"author":1,"featured_media":55717,"comment_status":"closed","ping_status":"closed","sticky":false,"template":"","format":"standard","meta":{"footnotes":""},"categories":[36],"tags":[],"class_list":["post-55716","post","type-post","status-publish","format-standard","has-post-thumbnail","hentry","category-policial"],"jetpack_featured_media_url":"https:\/\/radiorevelacionfm.cl\/wp-content\/uploads\/2025\/06\/whatsapp-image-2025-06-25-at-4_optimized.37.16-pm-3.jpeg","_links":{"self":[{"href":"https:\/\/radiorevelacionfm.cl\/index.php?rest_route=\/wp\/v2\/posts\/55716","targetHints":{"allow":["GET"]}}],"collection":[{"href":"https:\/\/radiorevelacionfm.cl\/index.php?rest_route=\/wp\/v2\/posts"}],"about":[{"href":"https:\/\/radiorevelacionfm.cl\/index.php?rest_route=\/wp\/v2\/types\/post"}],"author":[{"embeddable":true,"href":"https:\/\/radiorevelacionfm.cl\/index.php?rest_route=\/wp\/v2\/users\/1"}],"replies":[{"embeddable":true,"href":"https:\/\/radiorevelacionfm.cl\/index.php?rest_route=%2Fwp%2Fv2%2Fcomments&post=55716"}],"version-history":[{"count":2,"href":"https:\/\/radiorevelacionfm.cl\/index.php?rest_route=\/wp\/v2\/posts\/55716\/revisions"}],"predecessor-version":[{"id":55719,"href":"https:\/\/radiorevelacionfm.cl\/index.php?rest_route=\/wp\/v2\/posts\/55716\/revisions\/55719"}],"wp:featuredmedia":[{"embeddable":true,"href":"https:\/\/radiorevelacionfm.cl\/index.php?rest_route=\/wp\/v2\/media\/55717"}],"wp:attachment":[{"href":"https:\/\/radiorevelacionfm.cl\/index.php?rest_route=%2Fwp%2Fv2%2Fmedia&parent=55716"}],"wp:term":[{"taxonomy":"category","embeddable":true,"href":"https:\/\/radiorevelacionfm.cl\/index.php?rest_route=%2Fwp%2Fv2%2Fcategories&post=55716"},{"taxonomy":"post_tag","embeddable":true,"href":"https:\/\/radiorevelacionfm.cl\/index.php?rest_route=%2Fwp%2Fv2%2Ftags&post=55716"}],"curies":[{"name":"wp","href":"https:\/\/api.w.org\/{rel}","templated":true}]}}