{"id":55708,"date":"2025-06-26T11:04:23","date_gmt":"2025-06-26T14:04:23","guid":{"rendered":"https:\/\/radiorevelacionfm.cl\/?p=55708"},"modified":"2025-06-26T11:04:23","modified_gmt":"2025-06-26T14:04:23","slug":"en-liceo-ricardo-navarrete-se-realiza-historica-entrega-de-beca-indigena-de-conadi-a-56-estudiantes","status":"publish","type":"post","link":"https:\/\/radiorevelacionfm.cl\/?p=55708","title":{"rendered":"En Liceo Ricardo Navarrete se realiza hist\u00f3rica entrega de beca ind\u00edgena de Conadi a 56 estudiantes"},"content":{"rendered":"<div class=\"flex_column av_one_full  flex_column_div av-zero-column-padding first  avia-builder-el-0  el_before_av_one_full  avia-builder-el-first  \" style='border-radius:0px; '><div  class='avia-image-container  av-styling-    avia-builder-el-1  avia-builder-el-no-sibling  avia-align-center '  itemprop=\"image\" itemscope=\"itemscope\" itemtype=\"https:\/\/schema.org\/ImageObject\"  ><div class='avia-image-container-inner'><div class='avia-image-overlay-wrap'><img decoding=\"async\" class='wp-image-55709 avia-img-lazy-loading-not-55709 avia_image' src=\"https:\/\/radiorevelacionfm.cl\/wp-content\/uploads\/2025\/06\/becaindigena1-1_optimized-1.jpeg\" alt='' title='becaindigena1-(1)_optimized (1)' height=\"600\" width=\"1037\"  itemprop=\"thumbnailUrl\" srcset=\"https:\/\/radiorevelacionfm.cl\/wp-content\/uploads\/2025\/06\/becaindigena1-1_optimized-1.jpeg 1037w, https:\/\/radiorevelacionfm.cl\/wp-content\/uploads\/2025\/06\/becaindigena1-1_optimized-1-300x174.jpeg 300w, https:\/\/radiorevelacionfm.cl\/wp-content\/uploads\/2025\/06\/becaindigena1-1_optimized-1-1030x596.jpeg 1030w, https:\/\/radiorevelacionfm.cl\/wp-content\/uploads\/2025\/06\/becaindigena1-1_optimized-1-768x444.jpeg 768w, https:\/\/radiorevelacionfm.cl\/wp-content\/uploads\/2025\/06\/becaindigena1-1_optimized-1-705x408.jpeg 705w, https:\/\/radiorevelacionfm.cl\/wp-content\/uploads\/2025\/06\/becaindigena1-1_optimized-1-450x260.jpeg 450w, https:\/\/radiorevelacionfm.cl\/wp-content\/uploads\/2025\/06\/becaindigena1-1_optimized-1-600x347.jpeg 600w\" sizes=\"(max-width: 1037px) 100vw, 1037px\" \/><\/div><\/div><\/div><\/div><div class=\"flex_column av_one_full  flex_column_div av-zero-column-padding first  avia-builder-el-2  el_after_av_one_full  el_before_av_one_full  column-top-margin\" style='border-radius:0px; '><section class=\"av_textblock_section \"  itemscope=\"itemscope\" itemtype=\"https:\/\/schema.org\/BlogPosting\" itemprop=\"blogPost\" ><div class='avia_textblock  '   itemprop=\"text\" ><p style=\"text-align: center;\"><strong><span style=\"font-size: 18pt;\">En Liceo Ricardo Navarrete se realiza hist\u00f3rica entrega de beca ind\u00edgena de Conadi a 56 estudiantes<\/span><\/strong><\/p>\n<div id=\"gtx-trans\" style=\"position: absolute; left: -50px; top: 4.31534px;\">\n<div class=\"gtx-trans-icon\"><\/div>\n<\/div>\n<\/div><\/section><\/div><div class=\"flex_column av_one_full  flex_column_div av-zero-column-padding first  avia-builder-el-4  el_after_av_one_full  el_before_av_hr  column-top-margin\" style='border-radius:0px; '><section class=\"av_textblock_section \"  itemscope=\"itemscope\" itemtype=\"https:\/\/schema.org\/BlogPosting\" itemprop=\"blogPost\" ><div class='avia_textblock  '   itemprop=\"text\" ><p style=\"text-align: justify;\">El beneficio consiste en un aporte econ\u00f3mico de libre disposici\u00f3n o uso que se paga en dos cuotas al a\u00f1o de $100.550 para estudiantes de ense\u00f1anza b\u00e1sica desde 5to b\u00e1sico y de $208.280 para estudiantes de ense\u00f1anza media.<\/p>\n<p style=\"text-align: justify;\">En el Liceo Ricardo Navarrete de Coyhaique se hizo la entrega de certificados a 56 estudiantes de ense\u00f1anza b\u00e1sica y media quienes obtuvieron la Beca Ind\u00edgena 2025 que entrega la Corporaci\u00f3n Nacional Ind\u00edgena, Conadi a trav\u00e9s de la Junta Nacional de Auxilio Escolar y Becas, Junaeb.<\/p>\n<p style=\"text-align: justify;\">En la regi\u00f3n de Ays\u00e9n han sido beneficiados con la Beca Ind\u00edgena un total de 1843 estudiantes de las 10 comunas y con un monto de inversi\u00f3n de $297.476.330 por parte del Ministerio de Desarrollo Social y Familia hacia Conadi. A la ceremonia de entrega que inici\u00f3 con un acto art\u00edstico, asistieron las familias de los beneficiados, el profesorado del Liceo Ricardo Navarrete, el Delegado Presidencial Regional, autoridades ancestrales \u00d1izol, las Seremis de Educaci\u00f3n, Desarrollo Social y Familia, Conadi regional, el Servicio Local de Educaci\u00f3n, y el director de Junaeb.<\/p>\n<p style=\"text-align: justify;\">Contenta por recibir el beneficio por primera vez, \u00c1mbar Reyes estudiante de Primer A\u00f1o Medio del Liceo Ricardo Navarrete se\u00f1al\u00f3 \u00abEs una buena oportunidad porque me va a ayudar harto y gracias a mis ra\u00edces he podido tener esta beca y las notas te pueden ayudar bastante\u00bb.<\/p>\n<p style=\"text-align: justify;\">De acuerdo a lo se\u00f1alado por el Director del establecimiento p\u00fablico Rub\u00e9n Vald\u00e9s V\u00e1squez, el Liceo Ricardo Navarrete cuenta con una alta matr\u00edcula ind\u00edgena lo que se refleja en la impronta que mantienen con sus educandos \u00abEste es un hito porque tener esta alta cantidad de estudiantes a nivel regional que reciben el beneficio de la Beca, nos hace sentir muy orgullosos y de poder contribuir de alguna manera para que nuestros estudiantes se motiven y puedan pensar m\u00e1s all\u00e1 de la educaci\u00f3n media sino que tambi\u00e9n oportunidades en educaci\u00f3n superior\u00bb.<\/p>\n<p style=\"text-align: justify;\">Revalorizar la importancia del rescate de las ra\u00edces de los estudiantes ind\u00edgenas y c\u00f3mo el Estado busca fortalecer la educaci\u00f3n p\u00fablica con pertinencia, apoyando econ\u00f3micamente a las familias m\u00e1s vulnerables es lo que destac\u00f3 la Seremi de Desarrollo Social y Familia Karina Acevedo Auad \u00abEstamos contentos como Ministerio y Conadi, es un hito importante porque en sus inicios se entregaron solo 4 becas asignadas desde Osorno y ahora vamos en m\u00e1s de 1800. Es un tremendo logro de las comunidades ind\u00edgenas que iniciaron estas conversaciones con Educaci\u00f3n, con el Estado y es muy valioso porque como Gobierno estamos fortaleciendo la educaci\u00f3n que promueve que estudiantes puedan seguir en la educaci\u00f3n t\u00e9cnica o superior\u00bb.<\/p>\n<p style=\"text-align: justify;\">Desde Junaeb el director regional Manuel Vivar se\u00f1al\u00f3 \u00abconsideramos que este es un beneficio s\u00faper importante y no solo desde lo econ\u00f3mico sino desde los incentivos que generan a los estudiantes para continuar su trayectoria educativa para disminuir las brechas y aumentar la integraci\u00f3n de los estudiantes\u00bb.<\/p>\n<p style=\"text-align: justify;\">La ceremonia culmin\u00f3 con un mensaje final de Rosario Raipill\u00e1n, Kimeltuche hacia las y los estudiantes que recibieron este beneficio \u00abes un hito, es la primera vez que se hace una entrega tan grande, ha sido un trabajo largo pero muy enriquecedor, siempre pensando en el beneficio de los ni\u00f1os\u00bb.<\/p>\n<\/div><\/section><\/div><div  style='height:50px' class='hr hr-invisible   avia-builder-el-6  el_after_av_one_full  el_before_av_social_share '><span class='hr-inner ' ><span class='hr-inner-style'><\/span><\/span><\/div><\/p>\n<div  class='av-social-sharing-box  avia-builder-el-7  el_after_av_hr  el_before_av_hr  '><div class='av-share-box'><h5 class='av-share-link-description av-no-toc '>Compartir esta noticia<\/h5><ul class='av-share-box-list noLightbox'><li class='av-share-link av-social-link-facebook' ><a target=\"_blank\" aria-label=\"Compartir en Facebook\" href='https:\/\/www.facebook.com\/sharer.php?u=https:\/\/radiorevelacionfm.cl\/?p=55708&#038;t=En%20Liceo%20Ricardo%20Navarrete%20se%20realiza%20hist%C3%B3rica%20entrega%20de%20beca%20ind%C3%ADgena%20de%20Conadi%20a%2056%20estudiantes' aria-hidden='false' data-av_icon='\ue8f3' data-av_iconfont='entypo-fontello' title='' data-avia-related-tooltip='Compartir en Facebook' rel=\"noopener\"><span class='avia_hidden_link_text'>Compartir en Facebook<\/span><\/a><\/li><li class='av-share-link av-social-link-twitter' ><a target=\"_blank\" aria-label=\"Compartir en Twitter\" href='https:\/\/twitter.com\/share?text=En%20Liceo%20Ricardo%20Navarrete%20se%20realiza%20hist%C3%B3rica%20entrega%20de%20beca%20ind%C3%ADgena%20de%20Conadi%20a%2056%20estudiantes&#038;url=https:\/\/radiorevelacionfm.cl\/?p=55708' aria-hidden='false' data-av_icon='\ue8f1' data-av_iconfont='entypo-fontello' title='' data-avia-related-tooltip='Compartir en Twitter' rel=\"noopener\"><span class='avia_hidden_link_text'>Compartir en Twitter<\/span><\/a><\/li><li class='av-share-link av-social-link-whatsapp' ><a target=\"_blank\" aria-label=\"Compartir en Whatsapp\" href='https:\/\/api.whatsapp.com\/send?text=https:\/\/radiorevelacionfm.cl\/?p=55708' aria-hidden='false' data-av_icon='\uf232' data-av_iconfont='entypo-fontello' title='' data-avia-related-tooltip='Compartir en Whatsapp' rel=\"noopener\"><span class='avia_hidden_link_text'>Compartir en Whatsapp<\/span><\/a><\/li><li class='av-share-link av-social-link-linkedin' ><a target=\"_blank\" aria-label=\"Compartir en LinkedIn\" href='https:\/\/linkedin.com\/shareArticle?mini=true&#038;title=En%20Liceo%20Ricardo%20Navarrete%20se%20realiza%20hist%C3%B3rica%20entrega%20de%20beca%20ind%C3%ADgena%20de%20Conadi%20a%2056%20estudiantes&#038;url=https:\/\/radiorevelacionfm.cl\/?p=55708' aria-hidden='false' data-av_icon='\ue8fc' data-av_iconfont='entypo-fontello' title='' data-avia-related-tooltip='Compartir en LinkedIn' rel=\"noopener\"><span class='avia_hidden_link_text'>Compartir en LinkedIn<\/span><\/a><\/li><li class='av-share-link av-social-link-mail' ><a  aria-label=\"Compartir por correo\" href='mailto:?subject=En%20Liceo%20Ricardo%20Navarrete%20se%20realiza%20hist%C3%B3rica%20entrega%20de%20beca%20ind%C3%ADgena%20de%20Conadi%20a%2056%20estudiantes&#038;body=https:\/\/radiorevelacionfm.cl\/?p=55708' aria-hidden='false' data-av_icon='\ue805' data-av_iconfont='entypo-fontello' title='' data-avia-related-tooltip='Compartir por correo'><span class='avia_hidden_link_text'>Compartir por correo<\/span><\/a><\/li><\/ul><\/div><\/div>\n<div  style='height:50px' class='hr hr-invisible   avia-builder-el-8  el_after_av_social_share  el_before_av_comments_list '><span class='hr-inner ' ><span class='hr-inner-style'><\/span><\/span><\/div>\n<div  class='av-buildercomment  av-blog-meta-html-info-disabled av-blog-meta-tag-disabled  '><\/div>\n","protected":false},"excerpt":{"rendered":"","protected":false},"author":1,"featured_media":55709,"comment_status":"closed","ping_status":"closed","sticky":false,"template":"","format":"standard","meta":{"footnotes":""},"categories":[38],"tags":[],"class_list":["post-55708","post","type-post","status-publish","format-standard","has-post-thumbnail","hentry","category-regional"],"jetpack_featured_media_url":"https:\/\/radiorevelacionfm.cl\/wp-content\/uploads\/2025\/06\/becaindigena1-1_optimized-1.jpeg","_links":{"self":[{"href":"https:\/\/radiorevelacionfm.cl\/index.php?rest_route=\/wp\/v2\/posts\/55708","targetHints":{"allow":["GET"]}}],"collection":[{"href":"https:\/\/radiorevelacionfm.cl\/index.php?rest_route=\/wp\/v2\/posts"}],"about":[{"href":"https:\/\/radiorevelacionfm.cl\/index.php?rest_route=\/wp\/v2\/types\/post"}],"author":[{"embeddable":true,"href":"https:\/\/radiorevelacionfm.cl\/index.php?rest_route=\/wp\/v2\/users\/1"}],"replies":[{"embeddable":true,"href":"https:\/\/radiorevelacionfm.cl\/index.php?rest_route=%2Fwp%2Fv2%2Fcomments&post=55708"}],"version-history":[{"count":2,"href":"https:\/\/radiorevelacionfm.cl\/index.php?rest_route=\/wp\/v2\/posts\/55708\/revisions"}],"predecessor-version":[{"id":55726,"href":"https:\/\/radiorevelacionfm.cl\/index.php?rest_route=\/wp\/v2\/posts\/55708\/revisions\/55726"}],"wp:featuredmedia":[{"embeddable":true,"href":"https:\/\/radiorevelacionfm.cl\/index.php?rest_route=\/wp\/v2\/media\/55709"}],"wp:attachment":[{"href":"https:\/\/radiorevelacionfm.cl\/index.php?rest_route=%2Fwp%2Fv2%2Fmedia&parent=55708"}],"wp:term":[{"taxonomy":"category","embeddable":true,"href":"https:\/\/radiorevelacionfm.cl\/index.php?rest_route=%2Fwp%2Fv2%2Fcategories&post=55708"},{"taxonomy":"post_tag","embeddable":true,"href":"https:\/\/radiorevelacionfm.cl\/index.php?rest_route=%2Fwp%2Fv2%2Ftags&post=55708"}],"curies":[{"name":"wp","href":"https:\/\/api.w.org\/{rel}","templated":true}]}}