{"id":55700,"date":"2025-06-26T10:22:02","date_gmt":"2025-06-26T13:22:02","guid":{"rendered":"https:\/\/radiorevelacionfm.cl\/?p=55700"},"modified":"2025-06-26T10:22:02","modified_gmt":"2025-06-26T13:22:02","slug":"inacap-realiza-capacitacion-en-uso-de-extintores-a-colaboradores-del-centro-de-negocios-de-coyhaique","status":"publish","type":"post","link":"https:\/\/radiorevelacionfm.cl\/?p=55700","title":{"rendered":"Inacap realiza capacitaci\u00f3n en uso de extintores a colaboradores del Centro de Negocios de Coyhaique"},"content":{"rendered":"<div class=\"flex_column av_one_full  flex_column_div av-zero-column-padding first  avia-builder-el-0  el_before_av_one_full  avia-builder-el-first  \" style='border-radius:0px; '><div  class='avia-image-container  av-styling-    avia-builder-el-1  avia-builder-el-no-sibling  avia-align-center '  itemprop=\"image\" itemscope=\"itemscope\" itemtype=\"https:\/\/schema.org\/ImageObject\"  ><div class='avia-image-container-inner'><div class='avia-image-overlay-wrap'><img decoding=\"async\" class='wp-image-55701 avia-img-lazy-loading-not-55701 avia_image' src=\"https:\/\/radiorevelacionfm.cl\/wp-content\/uploads\/2025\/06\/DSC05051-1-1.jpg\" alt='' title='DSC05051 (1) (1)' height=\"600\" width=\"1067\"  itemprop=\"thumbnailUrl\" srcset=\"https:\/\/radiorevelacionfm.cl\/wp-content\/uploads\/2025\/06\/DSC05051-1-1.jpg 1067w, https:\/\/radiorevelacionfm.cl\/wp-content\/uploads\/2025\/06\/DSC05051-1-1-300x169.jpg 300w, https:\/\/radiorevelacionfm.cl\/wp-content\/uploads\/2025\/06\/DSC05051-1-1-1030x579.jpg 1030w, https:\/\/radiorevelacionfm.cl\/wp-content\/uploads\/2025\/06\/DSC05051-1-1-768x432.jpg 768w, https:\/\/radiorevelacionfm.cl\/wp-content\/uploads\/2025\/06\/DSC05051-1-1-705x396.jpg 705w, https:\/\/radiorevelacionfm.cl\/wp-content\/uploads\/2025\/06\/DSC05051-1-1-450x253.jpg 450w, https:\/\/radiorevelacionfm.cl\/wp-content\/uploads\/2025\/06\/DSC05051-1-1-600x337.jpg 600w\" sizes=\"(max-width: 1067px) 100vw, 1067px\" \/><\/div><\/div><\/div><\/div><div class=\"flex_column av_one_full  flex_column_div av-zero-column-padding first  avia-builder-el-2  el_after_av_one_full  el_before_av_one_full  column-top-margin\" style='border-radius:0px; '><section class=\"av_textblock_section \"  itemscope=\"itemscope\" itemtype=\"https:\/\/schema.org\/BlogPosting\" itemprop=\"blogPost\" ><div class='avia_textblock  '   itemprop=\"text\" ><p style=\"text-align: center;\"><strong><span style=\"font-size: 18pt;\">Inacap realiza capacitaci\u00f3n en uso de extintores a colaboradores del Centro de Negocios de Coyhaique<\/span><\/strong><\/p>\n<div id=\"gtx-trans\" style=\"position: absolute; left: -50px; top: 4.31534px;\">\n<div class=\"gtx-trans-icon\"><\/div>\n<\/div>\n<\/div><\/section><\/div><div class=\"flex_column av_one_full  flex_column_div av-zero-column-padding first  avia-builder-el-4  el_after_av_one_full  el_before_av_hr  column-top-margin\" style='border-radius:0px; '><section class=\"av_textblock_section \"  itemscope=\"itemscope\" itemtype=\"https:\/\/schema.org\/BlogPosting\" itemprop=\"blogPost\" ><div class='avia_textblock  '   itemprop=\"text\" ><p style=\"text-align: justify;\">Como parte de las acciones de vinculaci\u00f3n con el medio y promoci\u00f3n de la seguridad en espacios laborales, <strong>INACAP Sede Coyhaique<\/strong> desarroll\u00f3 una <strong>capacitaci\u00f3n te\u00f3rico-pr\u00e1ctica sobre el uso de extintores<\/strong>, actividad que fue dirigida a los colaboradores del <strong>Centro de Desarrollo de Negocios Sercotec Coyhaique<\/strong>.<\/p>\n<p style=\"text-align: justify;\">La jornada fue liderada por <strong>Daiana Vega<\/strong>, Prevencionista de Riesgos de la sede, y tuvo como objetivo <strong>entregar conocimientos clave para la prevenci\u00f3n y respuesta eficaz ante situaciones de emergencia<\/strong>, fortaleciendo as\u00ed una cultura preventiva en los entornos de trabajo.<\/p>\n<p style=\"text-align: justify;\">\u00a0Daiana Vega, Prevencionista de Riesgos de INACAP Sede Coyhaique se\u00f1alo que \u201cEste tipo de instancias no solo permiten actualizar conocimientos t\u00e9cnicos, sino tambi\u00e9n entregar herramientas pr\u00e1cticas para actuar con rapidez y seguridad frente a un fuego incipiente. Como INACAP, estamos comprometidos con la formaci\u00f3n continua y la seguridad de las comunidades con las que trabajamos\u201d.<\/p>\n<p style=\"text-align: justify;\">Durante la jornada, las y los participantes pudieron conocer los distintos tipos de extintores, su funcionamiento, y realizar ejercicios pr\u00e1cticos de activaci\u00f3n y uso en un entorno controlado.<\/p>\n<p style=\"text-align: justify;\">El jefe del Centro de Negocios de Coyhaique, <strong>Iv\u00e1n Cabezas<\/strong>, valor\u00f3 la instancia formativa \u201cValoramos la instancia de capacitaci\u00f3n que se realizo en el centro de negocios por parte de nuestro operador INACAP, donde fue fundamental lo aprendido en parte te\u00f3rica que a posterior llevamos a cabo en la pr\u00e1ctica, la cual ayudo a perder el miedo a la utilizaci\u00f3n de extintores para cualquier eventualidad que ser\u00e1 necesario operar un extintor. Estamos muy contentos que nuestro operador INACAP este preocupado de que como centro de negocios cumplamos con la normativa vigente y as\u00ed poder resguardar nuestra integridad y la de nuestros usuarios\u201d.<\/p>\n<p style=\"text-align: justify;\">Con esta actividad, INACAP reafirma su compromiso con la seguridad, la formaci\u00f3n pr\u00e1ctica y la vinculaci\u00f3n activa con los actores relevantes del ecosistema local.<\/p>\n<\/div><\/section><\/div><div  style='height:50px' class='hr hr-invisible   avia-builder-el-6  el_after_av_one_full  el_before_av_social_share '><span class='hr-inner ' ><span class='hr-inner-style'><\/span><\/span><\/div><\/p>\n<div  class='av-social-sharing-box  avia-builder-el-7  el_after_av_hr  el_before_av_hr  '><div class='av-share-box'><h5 class='av-share-link-description av-no-toc '>Compartir esta noticia<\/h5><ul class='av-share-box-list noLightbox'><li class='av-share-link av-social-link-facebook' ><a target=\"_blank\" aria-label=\"Compartir en Facebook\" href='https:\/\/www.facebook.com\/sharer.php?u=https:\/\/radiorevelacionfm.cl\/?p=55700&#038;t=Inacap%20realiza%20capacitaci%C3%B3n%20en%20uso%20de%20extintores%20a%20colaboradores%20del%20Centro%20de%20Negocios%20de%20Coyhaique' aria-hidden='false' data-av_icon='\ue8f3' data-av_iconfont='entypo-fontello' title='' data-avia-related-tooltip='Compartir en Facebook' rel=\"noopener\"><span class='avia_hidden_link_text'>Compartir en Facebook<\/span><\/a><\/li><li class='av-share-link av-social-link-twitter' ><a target=\"_blank\" aria-label=\"Compartir en Twitter\" href='https:\/\/twitter.com\/share?text=Inacap%20realiza%20capacitaci%C3%B3n%20en%20uso%20de%20extintores%20a%20colaboradores%20del%20Centro%20de%20Negocios%20de%20Coyhaique&#038;url=https:\/\/radiorevelacionfm.cl\/?p=55700' aria-hidden='false' data-av_icon='\ue8f1' data-av_iconfont='entypo-fontello' title='' data-avia-related-tooltip='Compartir en Twitter' rel=\"noopener\"><span class='avia_hidden_link_text'>Compartir en Twitter<\/span><\/a><\/li><li class='av-share-link av-social-link-whatsapp' ><a target=\"_blank\" aria-label=\"Compartir en Whatsapp\" href='https:\/\/api.whatsapp.com\/send?text=https:\/\/radiorevelacionfm.cl\/?p=55700' aria-hidden='false' data-av_icon='\uf232' data-av_iconfont='entypo-fontello' title='' data-avia-related-tooltip='Compartir en Whatsapp' rel=\"noopener\"><span class='avia_hidden_link_text'>Compartir en Whatsapp<\/span><\/a><\/li><li class='av-share-link av-social-link-linkedin' ><a target=\"_blank\" aria-label=\"Compartir en LinkedIn\" href='https:\/\/linkedin.com\/shareArticle?mini=true&#038;title=Inacap%20realiza%20capacitaci%C3%B3n%20en%20uso%20de%20extintores%20a%20colaboradores%20del%20Centro%20de%20Negocios%20de%20Coyhaique&#038;url=https:\/\/radiorevelacionfm.cl\/?p=55700' aria-hidden='false' data-av_icon='\ue8fc' data-av_iconfont='entypo-fontello' title='' data-avia-related-tooltip='Compartir en LinkedIn' rel=\"noopener\"><span class='avia_hidden_link_text'>Compartir en LinkedIn<\/span><\/a><\/li><li class='av-share-link av-social-link-mail' ><a  aria-label=\"Compartir por correo\" href='mailto:?subject=Inacap%20realiza%20capacitaci%C3%B3n%20en%20uso%20de%20extintores%20a%20colaboradores%20del%20Centro%20de%20Negocios%20de%20Coyhaique&#038;body=https:\/\/radiorevelacionfm.cl\/?p=55700' aria-hidden='false' data-av_icon='\ue805' data-av_iconfont='entypo-fontello' title='' data-avia-related-tooltip='Compartir por correo'><span class='avia_hidden_link_text'>Compartir por correo<\/span><\/a><\/li><\/ul><\/div><\/div>\n<div  style='height:50px' class='hr hr-invisible   avia-builder-el-8  el_after_av_social_share  el_before_av_comments_list '><span class='hr-inner ' ><span class='hr-inner-style'><\/span><\/span><\/div>\n<div  class='av-buildercomment  av-blog-meta-html-info-disabled av-blog-meta-tag-disabled  '><\/div>\n","protected":false},"excerpt":{"rendered":"","protected":false},"author":1,"featured_media":55701,"comment_status":"closed","ping_status":"closed","sticky":false,"template":"","format":"standard","meta":{"footnotes":""},"categories":[49],"tags":[],"class_list":["post-55700","post","type-post","status-publish","format-standard","has-post-thumbnail","hentry","category-educacion"],"jetpack_featured_media_url":"https:\/\/radiorevelacionfm.cl\/wp-content\/uploads\/2025\/06\/DSC05051-1-1.jpg","_links":{"self":[{"href":"https:\/\/radiorevelacionfm.cl\/index.php?rest_route=\/wp\/v2\/posts\/55700","targetHints":{"allow":["GET"]}}],"collection":[{"href":"https:\/\/radiorevelacionfm.cl\/index.php?rest_route=\/wp\/v2\/posts"}],"about":[{"href":"https:\/\/radiorevelacionfm.cl\/index.php?rest_route=\/wp\/v2\/types\/post"}],"author":[{"embeddable":true,"href":"https:\/\/radiorevelacionfm.cl\/index.php?rest_route=\/wp\/v2\/users\/1"}],"replies":[{"embeddable":true,"href":"https:\/\/radiorevelacionfm.cl\/index.php?rest_route=%2Fwp%2Fv2%2Fcomments&post=55700"}],"version-history":[{"count":2,"href":"https:\/\/radiorevelacionfm.cl\/index.php?rest_route=\/wp\/v2\/posts\/55700\/revisions"}],"predecessor-version":[{"id":55721,"href":"https:\/\/radiorevelacionfm.cl\/index.php?rest_route=\/wp\/v2\/posts\/55700\/revisions\/55721"}],"wp:featuredmedia":[{"embeddable":true,"href":"https:\/\/radiorevelacionfm.cl\/index.php?rest_route=\/wp\/v2\/media\/55701"}],"wp:attachment":[{"href":"https:\/\/radiorevelacionfm.cl\/index.php?rest_route=%2Fwp%2Fv2%2Fmedia&parent=55700"}],"wp:term":[{"taxonomy":"category","embeddable":true,"href":"https:\/\/radiorevelacionfm.cl\/index.php?rest_route=%2Fwp%2Fv2%2Fcategories&post=55700"},{"taxonomy":"post_tag","embeddable":true,"href":"https:\/\/radiorevelacionfm.cl\/index.php?rest_route=%2Fwp%2Fv2%2Ftags&post=55700"}],"curies":[{"name":"wp","href":"https:\/\/api.w.org\/{rel}","templated":true}]}}