{"id":55696,"date":"2025-06-25T20:03:09","date_gmt":"2025-06-25T23:03:09","guid":{"rendered":"https:\/\/radiorevelacionfm.cl\/?p=55696"},"modified":"2025-06-25T20:03:09","modified_gmt":"2025-06-25T23:03:09","slug":"ecoterraneo-lanza-nueva-etapa-de-su-programa-de-apoyo-al-emprendimiento-y-la-innovacion","status":"publish","type":"post","link":"https:\/\/radiorevelacionfm.cl\/?p=55696","title":{"rendered":"Ecoterr\u00e1neo lanza nueva etapa de su programa de apoyo al emprendimiento y la innovaci\u00f3n"},"content":{"rendered":"<div class=\"flex_column av_one_full  flex_column_div av-zero-column-padding first  avia-builder-el-0  el_before_av_one_full  avia-builder-el-first  \" style='border-radius:0px; '><div  class='avia-image-container  av-styling-    avia-builder-el-1  avia-builder-el-no-sibling  avia-align-center '  itemprop=\"image\" itemscope=\"itemscope\" itemtype=\"https:\/\/schema.org\/ImageObject\"  ><div class='avia-image-container-inner'><div class='avia-image-overlay-wrap'><img decoding=\"async\" class='wp-image-55697 avia-img-lazy-loading-not-55697 avia_image' src=\"https:\/\/radiorevelacionfm.cl\/wp-content\/uploads\/2025\/06\/08_incubadora3erano_puertoaysen-1_optimized.jpg\" alt='' title='08_incubadora3era\u00f1o_puertoaysen-(1)_optimized' height=\"600\" width=\"1067\"  itemprop=\"thumbnailUrl\" srcset=\"https:\/\/radiorevelacionfm.cl\/wp-content\/uploads\/2025\/06\/08_incubadora3erano_puertoaysen-1_optimized.jpg 1067w, https:\/\/radiorevelacionfm.cl\/wp-content\/uploads\/2025\/06\/08_incubadora3erano_puertoaysen-1_optimized-300x169.jpg 300w, https:\/\/radiorevelacionfm.cl\/wp-content\/uploads\/2025\/06\/08_incubadora3erano_puertoaysen-1_optimized-1030x579.jpg 1030w, https:\/\/radiorevelacionfm.cl\/wp-content\/uploads\/2025\/06\/08_incubadora3erano_puertoaysen-1_optimized-768x432.jpg 768w, https:\/\/radiorevelacionfm.cl\/wp-content\/uploads\/2025\/06\/08_incubadora3erano_puertoaysen-1_optimized-705x396.jpg 705w, https:\/\/radiorevelacionfm.cl\/wp-content\/uploads\/2025\/06\/08_incubadora3erano_puertoaysen-1_optimized-450x253.jpg 450w, https:\/\/radiorevelacionfm.cl\/wp-content\/uploads\/2025\/06\/08_incubadora3erano_puertoaysen-1_optimized-600x337.jpg 600w\" sizes=\"(max-width: 1067px) 100vw, 1067px\" \/><\/div><\/div><\/div><\/div><div class=\"flex_column av_one_full  flex_column_div av-zero-column-padding first  avia-builder-el-2  el_after_av_one_full  el_before_av_one_full  column-top-margin\" style='border-radius:0px; '><section class=\"av_textblock_section \"  itemscope=\"itemscope\" itemtype=\"https:\/\/schema.org\/BlogPosting\" itemprop=\"blogPost\" ><div class='avia_textblock  '   itemprop=\"text\" ><p style=\"text-align: center;\"><span style=\"font-size: 18pt;\"><b>Ecoterr\u00e1neo lanza nueva etapa de su programa de apoyo al emprendimiento y la innovaci\u00f3n<\/b><\/span><\/p>\n<div id=\"gtx-trans\" style=\"position: absolute; left: -50px; top: 4.31534px;\">\n<div class=\"gtx-trans-icon\"><\/div>\n<\/div>\n<\/div><\/section><\/div><div class=\"flex_column av_one_full  flex_column_div av-zero-column-padding first  avia-builder-el-4  el_after_av_one_full  el_before_av_hr  column-top-margin\" style='border-radius:0px; '><section class=\"av_textblock_section \"  itemscope=\"itemscope\" itemtype=\"https:\/\/schema.org\/BlogPosting\" itemprop=\"blogPost\" ><div class='avia_textblock  '   itemprop=\"text\" ><p style=\"font-weight: 400; text-align: justify;\"><em>Con foco en la innovaci\u00f3n y el territorio, se da inicio a la tercera generaci\u00f3n de la \u201cAcademia Ecoterr\u00e1neo\u201d, incubadora de negocios de la Regi\u00f3n de Ays\u00e9n.<\/em><\/p>\n<p style=\"font-weight: 400; text-align: justify;\">Con eventos de lanzamiento realizados en Puerto Ays\u00e9n y Coyhaique, comenz\u00f3 oficialmente la tercera generaci\u00f3n de la Academia Ecoterr\u00e1neo, incubadora de negocios impulsada por Ecoterr\u00e1neo Patagonia, con el respaldo de Corfo y la empresa aysenina Geogama. El programa busca potenciar ideas innovadoras surgidas desde la Regi\u00f3n de Ays\u00e9n, conect\u00e1ndolas con redes de apoyo y oportunidades de crecimiento.<\/p>\n<p style=\"font-weight: 400; text-align: justify;\">M\u00e1s de 70 emprendedores y emprendedoras de diversas comunas \u2014entre ellas Puerto Ays\u00e9n, Coyhaique, Cisnes y Chile Chico\u2014 iniciaron su proceso de incubaci\u00f3n. La iniciativa entrega acompa\u00f1amiento experto, formaci\u00f3n, mentor\u00edas y herramientas pr\u00e1cticas para validar modelos de negocio, fortalecer capacidades y proyectar emprendimientos de forma sostenible, innovadora y con visi\u00f3n regional y global.<\/p>\n<p style=\"font-weight: 400; text-align: justify;\">Durante la ceremonia de lanzamiento, el director regional de Corfo, Humberto Mar\u00edn Leiva, subray\u00f3 la relevancia del inicio de esta nueva etapa formativa, que beneficiar\u00e1 a m\u00e1s de 70 emprendedores y emprendedoras provenientes de diversas localidades de la Regi\u00f3n de Ays\u00e9n. Seg\u00fan explic\u00f3, el programa contempla un acompa\u00f1amiento integral enfocado tanto en el desarrollo de habilidades relacionales como en la adquisici\u00f3n de competencias t\u00e9cnicas necesarias para emprender con \u00e9xito. \u201cLa idea es poder generar precisamente un ecosistema de emprendedores y emprendedoras que colaboren, para hacer de la regi\u00f3n de Ays\u00e9n un territorio m\u00e1s competitivo y aprovechar las oportunidades que nos entrega nuestro territorio\u201d, se\u00f1al\u00f3 Mar\u00edn, destacando adem\u00e1s la importancia de fortalecer espacios de colaboraci\u00f3n que impulsen el desarrollo econ\u00f3mico local.<\/p>\n<p style=\"font-weight: 400; text-align: justify;\">Por su parte, el seremi de Econom\u00eda, Fomento y Turismo de la Regi\u00f3n de Ays\u00e9n, Felipe Rojas, valor\u00f3 el rol estrat\u00e9gico de Ecoterr\u00e1neo en el fortalecimiento del ecosistema emprendedor local, destacando su capacidad para conectar a emprendedores y generar instancias formativas clave para el desarrollo del sector privado. \u201cComo Gobierno estamos muy motivados en fortalecer el crecimiento y desarrollo de la regi\u00f3n de Ays\u00e9n. En ese sentido, la academia de Ecoterr\u00e1neo es un actor fundamental para formar emprendedores, conectar iniciativas y, sobre todo, promover la sociabilidad y el desarrollo del sector privado en nuestra regi\u00f3n\u201d, expres\u00f3 la autoridad, subrayando que espacios como este permiten transformar ideas de negocio en oportunidades concretas.<\/p>\n<p style=\"font-weight: 400; text-align: justify;\">La gerenta de Ecoterr\u00e1neo, Marcela Vidal, destac\u00f3 que esta nueva etapa representa tanto una satisfacci\u00f3n como un compromiso profundo con el desarrollo del emprendimiento regional. Subray\u00f3 que el programa ha sido especialmente dise\u00f1ado para responder a los desaf\u00edos que implica emprender desde territorios como Ays\u00e9n, ofreciendo herramientas concretas, redes de apoyo y un entorno propicio para la innovaci\u00f3n con sentido. \u201cQueremos que cada persona que entra a este proceso sepa que no est\u00e1 sola, que aqu\u00ed encontrar\u00e1 acompa\u00f1amiento experto, formaci\u00f3n de calidad y una comunidad comprometida\u201d, afirm\u00f3, a\u00f1adiendo que el coraz\u00f3n del proyecto es \u201ccreer en el talento local, fortalecerlo y ayudarlo a proyectarse con fuerza desde la Patagonia al mundo\u201d.<\/p>\n<p style=\"font-weight: 400; text-align: justify;\">Cabe destacar que m\u00e1s de 100 personas postularon a la edici\u00f3n 2025 de la incubadora de negocios. Tras un riguroso proceso de selecci\u00f3n, fueron 70 los emprendedores y emprendedoras que iniciaron este nuevo ciclo de formaci\u00f3n y acompa\u00f1amiento.<\/p>\n<p style=\"font-weight: 400; text-align: justify;\"><strong>VOCES DEL TERRITORIO<\/strong><\/p>\n<p style=\"font-weight: 400; text-align: justify;\">Los participantes de esta nueva generaci\u00f3n de la Academia Ecoterr\u00e1neo coincidieron en valorar la iniciativa como una oportunidad concreta para fortalecer sus ideas, establecer redes de apoyo y avanzar en sus emprendimientos desde una mirada colaborativa y territorial. Desde Coyhaique, Marcelo Gonzl\u00e1lez destac\u00f3 la importancia de compartir con otros emprendedores del territorio, se\u00f1alando que \u201cme sent\u00ed muy feliz con las palabras de los directores, con la presentaci\u00f3n, porque veo que estamos alineados y, al compartir con la gente, sent\u00ed que estamos todos en la misma\u201d. Por su parte, Gabriela Az\u00f3car, ceramista de Ays\u00e9n, subray\u00f3 el valor de encontrarse con personas en etapas similares de desarrollo: \u201ccuando uno empieza en el camino del emprendimiento es un camino solitario, y encontrarse con otros genera apoyo, conexi\u00f3n y v\u00ednculos\u201d. En la misma l\u00ednea, Jorge Lepio, tambi\u00e9n de Puerto Ays\u00e9n, recalc\u00f3 el impacto positivo que pueden tener estos espacios, valorando especialmente su acceso gratuito y el trabajo articulado entre lo p\u00fablico y lo privado: \u201cestas instancias son s\u00faper valorables\u2026 es bonito ver cuando se conjugan bien las cosas y resultan espacios tan enriquecedores como el que estamos disfrutando hoy\u201d.<\/p>\n<p style=\"font-weight: 400; text-align: justify;\">Actualmente, la Academia Ecoterr\u00e1neo contin\u00faa en ejecuci\u00f3n, entregando herramientas clave para el fortalecimiento de los emprendimientos locales. Aunque las postulaciones ya finalizaron, el equipo mantiene activa su agenda de actividades abiertas a la comunidad, por lo que se invita a seguir sus redes oficiales para conocer nuevas oportunidades de formaci\u00f3n e innovaci\u00f3n en la Regi\u00f3n de Ays\u00e9n.<\/p>\n<\/div><\/section><\/div><div  style='height:50px' class='hr hr-invisible   avia-builder-el-6  el_after_av_one_full  el_before_av_social_share '><span class='hr-inner ' ><span class='hr-inner-style'><\/span><\/span><\/div><\/p>\n<div  class='av-social-sharing-box  avia-builder-el-7  el_after_av_hr  el_before_av_hr  '><div class='av-share-box'><h5 class='av-share-link-description av-no-toc '>Compartir esta noticia<\/h5><ul class='av-share-box-list noLightbox'><li class='av-share-link av-social-link-facebook' ><a target=\"_blank\" aria-label=\"Compartir en Facebook\" href='https:\/\/www.facebook.com\/sharer.php?u=https:\/\/radiorevelacionfm.cl\/?p=55696&#038;t=Ecoterr%C3%A1neo%20lanza%20nueva%20etapa%20de%20su%20programa%20de%20apoyo%20al%20emprendimiento%20y%20la%20innovaci%C3%B3n' aria-hidden='false' data-av_icon='\ue8f3' data-av_iconfont='entypo-fontello' title='' data-avia-related-tooltip='Compartir en Facebook' rel=\"noopener\"><span class='avia_hidden_link_text'>Compartir en Facebook<\/span><\/a><\/li><li class='av-share-link av-social-link-twitter' ><a target=\"_blank\" aria-label=\"Compartir en Twitter\" href='https:\/\/twitter.com\/share?text=Ecoterr%C3%A1neo%20lanza%20nueva%20etapa%20de%20su%20programa%20de%20apoyo%20al%20emprendimiento%20y%20la%20innovaci%C3%B3n&#038;url=https:\/\/radiorevelacionfm.cl\/?p=55696' aria-hidden='false' data-av_icon='\ue8f1' data-av_iconfont='entypo-fontello' title='' data-avia-related-tooltip='Compartir en Twitter' rel=\"noopener\"><span class='avia_hidden_link_text'>Compartir en Twitter<\/span><\/a><\/li><li class='av-share-link av-social-link-whatsapp' ><a target=\"_blank\" aria-label=\"Compartir en Whatsapp\" href='https:\/\/api.whatsapp.com\/send?text=https:\/\/radiorevelacionfm.cl\/?p=55696' aria-hidden='false' data-av_icon='\uf232' data-av_iconfont='entypo-fontello' title='' data-avia-related-tooltip='Compartir en Whatsapp' rel=\"noopener\"><span class='avia_hidden_link_text'>Compartir en Whatsapp<\/span><\/a><\/li><li class='av-share-link av-social-link-linkedin' ><a target=\"_blank\" aria-label=\"Compartir en LinkedIn\" href='https:\/\/linkedin.com\/shareArticle?mini=true&#038;title=Ecoterr%C3%A1neo%20lanza%20nueva%20etapa%20de%20su%20programa%20de%20apoyo%20al%20emprendimiento%20y%20la%20innovaci%C3%B3n&#038;url=https:\/\/radiorevelacionfm.cl\/?p=55696' aria-hidden='false' data-av_icon='\ue8fc' data-av_iconfont='entypo-fontello' title='' data-avia-related-tooltip='Compartir en LinkedIn' rel=\"noopener\"><span class='avia_hidden_link_text'>Compartir en LinkedIn<\/span><\/a><\/li><li class='av-share-link av-social-link-mail' ><a  aria-label=\"Compartir por correo\" href='mailto:?subject=Ecoterr%C3%A1neo%20lanza%20nueva%20etapa%20de%20su%20programa%20de%20apoyo%20al%20emprendimiento%20y%20la%20innovaci%C3%B3n&#038;body=https:\/\/radiorevelacionfm.cl\/?p=55696' aria-hidden='false' data-av_icon='\ue805' data-av_iconfont='entypo-fontello' title='' data-avia-related-tooltip='Compartir por correo'><span class='avia_hidden_link_text'>Compartir por correo<\/span><\/a><\/li><\/ul><\/div><\/div>\n<div  style='height:50px' class='hr hr-invisible   avia-builder-el-8  el_after_av_social_share  el_before_av_comments_list '><span class='hr-inner ' ><span class='hr-inner-style'><\/span><\/span><\/div>\n<div  class='av-buildercomment  av-blog-meta-html-info-disabled av-blog-meta-tag-disabled  '><\/div>\n","protected":false},"excerpt":{"rendered":"","protected":false},"author":1,"featured_media":55697,"comment_status":"closed","ping_status":"closed","sticky":false,"template":"","format":"standard","meta":{"footnotes":""},"categories":[38],"tags":[],"class_list":["post-55696","post","type-post","status-publish","format-standard","has-post-thumbnail","hentry","category-regional"],"jetpack_featured_media_url":"https:\/\/radiorevelacionfm.cl\/wp-content\/uploads\/2025\/06\/08_incubadora3erano_puertoaysen-1_optimized.jpg","_links":{"self":[{"href":"https:\/\/radiorevelacionfm.cl\/index.php?rest_route=\/wp\/v2\/posts\/55696","targetHints":{"allow":["GET"]}}],"collection":[{"href":"https:\/\/radiorevelacionfm.cl\/index.php?rest_route=\/wp\/v2\/posts"}],"about":[{"href":"https:\/\/radiorevelacionfm.cl\/index.php?rest_route=\/wp\/v2\/types\/post"}],"author":[{"embeddable":true,"href":"https:\/\/radiorevelacionfm.cl\/index.php?rest_route=\/wp\/v2\/users\/1"}],"replies":[{"embeddable":true,"href":"https:\/\/radiorevelacionfm.cl\/index.php?rest_route=%2Fwp%2Fv2%2Fcomments&post=55696"}],"version-history":[{"count":2,"href":"https:\/\/radiorevelacionfm.cl\/index.php?rest_route=\/wp\/v2\/posts\/55696\/revisions"}],"predecessor-version":[{"id":55720,"href":"https:\/\/radiorevelacionfm.cl\/index.php?rest_route=\/wp\/v2\/posts\/55696\/revisions\/55720"}],"wp:featuredmedia":[{"embeddable":true,"href":"https:\/\/radiorevelacionfm.cl\/index.php?rest_route=\/wp\/v2\/media\/55697"}],"wp:attachment":[{"href":"https:\/\/radiorevelacionfm.cl\/index.php?rest_route=%2Fwp%2Fv2%2Fmedia&parent=55696"}],"wp:term":[{"taxonomy":"category","embeddable":true,"href":"https:\/\/radiorevelacionfm.cl\/index.php?rest_route=%2Fwp%2Fv2%2Fcategories&post=55696"},{"taxonomy":"post_tag","embeddable":true,"href":"https:\/\/radiorevelacionfm.cl\/index.php?rest_route=%2Fwp%2Fv2%2Ftags&post=55696"}],"curies":[{"name":"wp","href":"https:\/\/api.w.org\/{rel}","templated":true}]}}