{"id":55693,"date":"2025-06-26T12:27:30","date_gmt":"2025-06-26T15:27:30","guid":{"rendered":"https:\/\/radiorevelacionfm.cl\/?p=55693"},"modified":"2025-06-26T12:27:30","modified_gmt":"2025-06-26T15:27:30","slug":"avanzan-acciones-intersectoriales-para-fortalecer-la-estrategia-nacional-de-drogas-en-aysen","status":"publish","type":"post","link":"https:\/\/radiorevelacionfm.cl\/?p=55693","title":{"rendered":"Avanzan acciones intersectoriales para fortalecer la Estrategia Nacional de Drogas en Ays\u00e9n"},"content":{"rendered":"<div class=\"flex_column av_one_full  flex_column_div av-zero-column-padding first  avia-builder-el-0  el_before_av_one_full  avia-builder-el-first  \" style='border-radius:0px; '><div  class='avia-image-container  av-styling-    avia-builder-el-1  avia-builder-el-no-sibling  avia-align-center '  itemprop=\"image\" itemscope=\"itemscope\" itemtype=\"https:\/\/schema.org\/ImageObject\"  ><div class='avia-image-container-inner'><div class='avia-image-overlay-wrap'><img decoding=\"async\" class='wp-image-55694 avia-img-lazy-loading-not-55694 avia_image' src=\"https:\/\/radiorevelacionfm.cl\/wp-content\/uploads\/2025\/06\/ag5-1_optimized.jpeg\" alt='' title='ag5-(1)_optimized' height=\"600\" width=\"900\"  itemprop=\"thumbnailUrl\" srcset=\"https:\/\/radiorevelacionfm.cl\/wp-content\/uploads\/2025\/06\/ag5-1_optimized.jpeg 900w, https:\/\/radiorevelacionfm.cl\/wp-content\/uploads\/2025\/06\/ag5-1_optimized-300x200.jpeg 300w, https:\/\/radiorevelacionfm.cl\/wp-content\/uploads\/2025\/06\/ag5-1_optimized-768x512.jpeg 768w, https:\/\/radiorevelacionfm.cl\/wp-content\/uploads\/2025\/06\/ag5-1_optimized-705x470.jpeg 705w, https:\/\/radiorevelacionfm.cl\/wp-content\/uploads\/2025\/06\/ag5-1_optimized-450x300.jpeg 450w, https:\/\/radiorevelacionfm.cl\/wp-content\/uploads\/2025\/06\/ag5-1_optimized-600x400.jpeg 600w\" sizes=\"(max-width: 900px) 100vw, 900px\" \/><\/div><\/div><\/div><\/div><div class=\"flex_column av_one_full  flex_column_div av-zero-column-padding first  avia-builder-el-2  el_after_av_one_full  el_before_av_one_full  column-top-margin\" style='border-radius:0px; '><section class=\"av_textblock_section \"  itemscope=\"itemscope\" itemtype=\"https:\/\/schema.org\/BlogPosting\" itemprop=\"blogPost\" ><div class='avia_textblock  '   itemprop=\"text\" ><p style=\"text-align: center;\"><span style=\"font-size: 18pt;\"><strong>Avanzan acciones intersectoriales para fortalecer la Estrategia Nacional de Drogas en Ays\u00e9n<\/strong><\/span><\/p>\n<div id=\"gtx-trans\" style=\"position: absolute; left: -50px; top: 4.31534px;\">\n<div class=\"gtx-trans-icon\"><\/div>\n<\/div>\n<\/div><\/section><\/div><div class=\"flex_column av_one_full  flex_column_div av-zero-column-padding first  avia-builder-el-4  el_after_av_one_full  el_before_av_hr  column-top-margin\" style='border-radius:0px; '><section class=\"av_textblock_section \"  itemscope=\"itemscope\" itemtype=\"https:\/\/schema.org\/BlogPosting\" itemprop=\"blogPost\" ><div class='avia_textblock  '   itemprop=\"text\" ><p style=\"text-align: justify;\">En el marco del Plan de Acci\u00f3n 2024-2030 de la Estrategia Nacional de Drogas, se presentaron los avances regionales ante el Comit\u00e9 Directivo Regional, en una jornada encabezada por el Delegado Presidencial Regional (DPR), Jorge D\u00edaz Guzm\u00e1n, y la directora regional del Servicio Nacional para la Prevenci\u00f3n y Rehabilitaci\u00f3n del Consumo de Drogas y Alcohol (SENDA), Victoria Contreras Lemus.<\/p>\n<p style=\"text-align: justify;\">El Comit\u00e9 Directivo Regional, constituido en 2023, ha sido esencial para articular el trabajo intersectorial y construir una hoja de ruta regional que permita enfrentar el fen\u00f3meno del consumo de alcohol y otras drogas, con un enfoque de salud p\u00fablica, derechos humanos, equidad de g\u00e9nero y pertinencia territorial.<\/p>\n<p style=\"text-align: justify;\">El comit\u00e9 busca abordar tanto las causas como las consecuencias sociales y sanitarias del consumo de sustancias, comprendiendo que se trata de un fen\u00f3meno que afecta de manera desigual a personas y comunidades. El desaf\u00edo es ofrecer respuestas integrales y articuladas, que permitan incorporar la prevenci\u00f3n, el tratamiento y la integraci\u00f3n social en todas las pol\u00edticas p\u00fablicas.<\/p>\n<p style=\"text-align: justify;\">El Plan de Acci\u00f3n, lanzado oficialmente en mayo de 2024 en Ays\u00e9n con la presencia de la Ministra del Interior y la Directora Nacional de SENDA, establece 8 objetivos estrat\u00e9gicos, 42 medidas intersectoriales y 123 acciones a nivel nacional. En la regi\u00f3n de Ays\u00e9n, se han priorizado 70 acciones concretas orientadas a potenciar un Sistema Integral de Prevenci\u00f3n en todos los \u00e1mbitos del quehacer p\u00fablico, consolidar la Red de Tratamiento, impulsar estrategias comunitarias y barriales que fortalezcan entornos protectores.<\/p>\n<p style=\"text-align: justify;\">El balance presentado indica que, del total de acciones regionales, un 42 % ya se encuentran ejecutadas, mientras que un 34 % est\u00e1n en ejecuci\u00f3n durante este 2025. Estos avances reflejan un compromiso real del Estado por transformar el abordaje de las pol\u00edticas sobre drogas, y demuestran que el trabajo coordinado y sostenido entre instituciones p\u00fablicas y comunidades es fundamental para generar cambios en los territorios.<\/p>\n<p style=\"text-align: justify;\">La implementaci\u00f3n de esta estrategia en Ays\u00e9n destaca por su car\u00e1cter participativo; el Comit\u00e9 cuenta con la integraci\u00f3n de 14 instituciones, incluyendo Secretar\u00edas Regionales Ministeriales de diversas \u00e1reas, como Salud, Educaci\u00f3n, Justicia, Cultura, Trabajo, Transportes, Deportes, entre otras, el Gobierno Regional, el Servicio de Salud Ays\u00e9n y SENDA. Adem\u00e1s, un Comit\u00e9 T\u00e9cnico Regional con representantes de 25 instituciones ha participado activamente en la elaboraci\u00f3n de la agenda regional y en la priorizaci\u00f3n de las medidas.<\/p>\n<p style=\"text-align: justify;\">La directora regional de SENDA, Victoria Contreras Lemus, subray\u00f3:<br \/>\n\u201cpudimos analizar el estado de avance de nuestra agenda regional en el marco del Plan de Acci\u00f3n que fortalece la Estrategia Nacional de Drogas. Contamos con 70 acciones que nos permiten instalar en la regi\u00f3n una pol\u00edtica p\u00fablica en torno a la prevenci\u00f3n, la recuperaci\u00f3n y la integraci\u00f3n social de las personas que consumen sustancias, de manera integral, permeando as\u00ed a otros sectores con esta pol\u00edtica. Hemos tenido un alto nivel de desarrollo y estamos trabajando de manera conjunta para abordar el fen\u00f3meno del consumo de sustancias de manera articulada e integral.\u201d<\/p>\n<p style=\"text-align: justify;\">Desde el gobierno regional destacan que este trabajo intersectorial ha logrado generar sinergias entre m\u00faltiples sectores p\u00fablicos, fortaleciendo una pol\u00edtica com\u00fan y contribuyendo a que las respuestas sean m\u00e1s pertinentes a las realidades de cada territorio. En esa l\u00ednea, el Delegado Presidencial Regional, Jorge D\u00edaz Guzm\u00e1n, se\u00f1al\u00f3:<\/p>\n<p style=\"text-align: justify;\">\u201cCreemos que estamos avanzando en la direcci\u00f3n correcta, en el sentido de tener resultados concretos y vemos como en el mundo del trabajo nos demandan cosas, en el \u00e1rea de salud estamos trabajando intersectorialmente para ver c\u00f3mo llegamos a las comunidades m\u00e1s rurales; por lo tanto creemos que la labor que articula SENDA para lograr una mejor pr\u00e1ctica en nuestros quehaceres que son diversos, en el mundo de la cultura, en el mundo del deporte, en el mundo del trabajo y eso va generando una mejor calidad de vida.\u201d<\/p>\n<p style=\"text-align: justify;\">A trav\u00e9s de este esfuerzo intersectorial se busca no solo fortalecer las respuestas institucionales, sino tambi\u00e9n empoderar a las comunidades para que sean protagonistas en la construcci\u00f3n de entornos seguros, inclusivos y protectores. La Estrategia Nacional de Drogas pone especial \u00e9nfasis en las determinantes sociales, reconociendo que factores como la desigualdad, la exclusi\u00f3n y las brechas en el acceso a servicios son aspectos que deben abordarse para avanzar en la prevenci\u00f3n.<\/p>\n<p style=\"text-align: justify;\">Con este trabajo, el Gobierno del Presidente Gabriel Boric Font reafirma su compromiso de avanzar en pol\u00edticas p\u00fablicas integrales que coloquen en el centro la dignidad y el bienestar de las personas, promoviendo un enfoque preventivo y de acompa\u00f1amiento que responda a la diversidad de territorios y comunidades de Ays\u00e9n.<\/p>\n<\/div><\/section><\/div><div  style='height:50px' class='hr hr-invisible   avia-builder-el-6  el_after_av_one_full  el_before_av_social_share '><span class='hr-inner ' ><span class='hr-inner-style'><\/span><\/span><\/div><\/p>\n<div  class='av-social-sharing-box  avia-builder-el-7  el_after_av_hr  el_before_av_hr  '><div class='av-share-box'><h5 class='av-share-link-description av-no-toc '>Compartir esta noticia<\/h5><ul class='av-share-box-list noLightbox'><li class='av-share-link av-social-link-facebook' ><a target=\"_blank\" aria-label=\"Compartir en Facebook\" href='https:\/\/www.facebook.com\/sharer.php?u=https:\/\/radiorevelacionfm.cl\/?p=55693&#038;t=Avanzan%20acciones%20intersectoriales%20para%20fortalecer%20la%20Estrategia%20Nacional%20de%20Drogas%20en%20Ays%C3%A9n' aria-hidden='false' data-av_icon='\ue8f3' data-av_iconfont='entypo-fontello' title='' data-avia-related-tooltip='Compartir en Facebook' rel=\"noopener\"><span class='avia_hidden_link_text'>Compartir en Facebook<\/span><\/a><\/li><li class='av-share-link av-social-link-twitter' ><a target=\"_blank\" aria-label=\"Compartir en Twitter\" href='https:\/\/twitter.com\/share?text=Avanzan%20acciones%20intersectoriales%20para%20fortalecer%20la%20Estrategia%20Nacional%20de%20Drogas%20en%20Ays%C3%A9n&#038;url=https:\/\/radiorevelacionfm.cl\/?p=55693' aria-hidden='false' data-av_icon='\ue8f1' data-av_iconfont='entypo-fontello' title='' data-avia-related-tooltip='Compartir en Twitter' rel=\"noopener\"><span class='avia_hidden_link_text'>Compartir en Twitter<\/span><\/a><\/li><li class='av-share-link av-social-link-whatsapp' ><a target=\"_blank\" aria-label=\"Compartir en Whatsapp\" href='https:\/\/api.whatsapp.com\/send?text=https:\/\/radiorevelacionfm.cl\/?p=55693' aria-hidden='false' data-av_icon='\uf232' data-av_iconfont='entypo-fontello' title='' data-avia-related-tooltip='Compartir en Whatsapp' rel=\"noopener\"><span class='avia_hidden_link_text'>Compartir en Whatsapp<\/span><\/a><\/li><li class='av-share-link av-social-link-linkedin' ><a target=\"_blank\" aria-label=\"Compartir en LinkedIn\" href='https:\/\/linkedin.com\/shareArticle?mini=true&#038;title=Avanzan%20acciones%20intersectoriales%20para%20fortalecer%20la%20Estrategia%20Nacional%20de%20Drogas%20en%20Ays%C3%A9n&#038;url=https:\/\/radiorevelacionfm.cl\/?p=55693' aria-hidden='false' data-av_icon='\ue8fc' data-av_iconfont='entypo-fontello' title='' data-avia-related-tooltip='Compartir en LinkedIn' rel=\"noopener\"><span class='avia_hidden_link_text'>Compartir en LinkedIn<\/span><\/a><\/li><li class='av-share-link av-social-link-mail' ><a  aria-label=\"Compartir por correo\" href='mailto:?subject=Avanzan%20acciones%20intersectoriales%20para%20fortalecer%20la%20Estrategia%20Nacional%20de%20Drogas%20en%20Ays%C3%A9n&#038;body=https:\/\/radiorevelacionfm.cl\/?p=55693' aria-hidden='false' data-av_icon='\ue805' data-av_iconfont='entypo-fontello' title='' data-avia-related-tooltip='Compartir por correo'><span class='avia_hidden_link_text'>Compartir por correo<\/span><\/a><\/li><\/ul><\/div><\/div>\n<div  style='height:50px' class='hr hr-invisible   avia-builder-el-8  el_after_av_social_share  el_before_av_comments_list '><span class='hr-inner ' ><span class='hr-inner-style'><\/span><\/span><\/div>\n<div  class='av-buildercomment  av-blog-meta-html-info-disabled av-blog-meta-tag-disabled  '><\/div>\n","protected":false},"excerpt":{"rendered":"","protected":false},"author":1,"featured_media":55694,"comment_status":"closed","ping_status":"closed","sticky":false,"template":"","format":"standard","meta":{"footnotes":""},"categories":[38],"tags":[],"class_list":["post-55693","post","type-post","status-publish","format-standard","has-post-thumbnail","hentry","category-regional"],"jetpack_featured_media_url":"https:\/\/radiorevelacionfm.cl\/wp-content\/uploads\/2025\/06\/ag5-1_optimized.jpeg","_links":{"self":[{"href":"https:\/\/radiorevelacionfm.cl\/index.php?rest_route=\/wp\/v2\/posts\/55693","targetHints":{"allow":["GET"]}}],"collection":[{"href":"https:\/\/radiorevelacionfm.cl\/index.php?rest_route=\/wp\/v2\/posts"}],"about":[{"href":"https:\/\/radiorevelacionfm.cl\/index.php?rest_route=\/wp\/v2\/types\/post"}],"author":[{"embeddable":true,"href":"https:\/\/radiorevelacionfm.cl\/index.php?rest_route=\/wp\/v2\/users\/1"}],"replies":[{"embeddable":true,"href":"https:\/\/radiorevelacionfm.cl\/index.php?rest_route=%2Fwp%2Fv2%2Fcomments&post=55693"}],"version-history":[{"count":2,"href":"https:\/\/radiorevelacionfm.cl\/index.php?rest_route=\/wp\/v2\/posts\/55693\/revisions"}],"predecessor-version":[{"id":55737,"href":"https:\/\/radiorevelacionfm.cl\/index.php?rest_route=\/wp\/v2\/posts\/55693\/revisions\/55737"}],"wp:featuredmedia":[{"embeddable":true,"href":"https:\/\/radiorevelacionfm.cl\/index.php?rest_route=\/wp\/v2\/media\/55694"}],"wp:attachment":[{"href":"https:\/\/radiorevelacionfm.cl\/index.php?rest_route=%2Fwp%2Fv2%2Fmedia&parent=55693"}],"wp:term":[{"taxonomy":"category","embeddable":true,"href":"https:\/\/radiorevelacionfm.cl\/index.php?rest_route=%2Fwp%2Fv2%2Fcategories&post=55693"},{"taxonomy":"post_tag","embeddable":true,"href":"https:\/\/radiorevelacionfm.cl\/index.php?rest_route=%2Fwp%2Fv2%2Ftags&post=55693"}],"curies":[{"name":"wp","href":"https:\/\/api.w.org\/{rel}","templated":true}]}}