{"id":5569,"date":"2021-06-23T21:25:50","date_gmt":"2021-06-24T00:25:50","guid":{"rendered":"https:\/\/radiorevelacionfm.cl\/?p=5569"},"modified":"2021-06-23T21:25:50","modified_gmt":"2021-06-24T00:25:50","slug":"constatan-avances-en-instalacion-del-puente-pampita-en-el-sector-palena-norte-en-la-junta","status":"publish","type":"post","link":"https:\/\/radiorevelacionfm.cl\/?p=5569","title":{"rendered":"Constatan avances en instalaci\u00f3n del puente \u201cPampita\u201d en el sector Palena Norte en La Junta"},"content":{"rendered":"<div class=\"flex_column av_one_full  flex_column_div av-zero-column-padding first  avia-builder-el-0  el_before_av_one_full  avia-builder-el-first  \" style='border-radius:0px; '><div  class='avia-image-container  av-styling-    avia-builder-el-1  avia-builder-el-no-sibling  avia-align-center '  itemprop=\"image\" itemscope=\"itemscope\" itemtype=\"https:\/\/schema.org\/ImageObject\"  ><div class='avia-image-container-inner'><div class='avia-image-overlay-wrap'><img decoding=\"async\" class='wp-image-5570 avia-img-lazy-loading-not-5570 avia_image' src=\"https:\/\/radiorevelacionfm.cl\/wp-content\/uploads\/2021\/06\/puente-2_optimized-1_optimized-1.png\" alt='' title='puente-(2)_optimized-(1)_optimized (1)' height=\"480\" width=\"817\"  itemprop=\"thumbnailUrl\" srcset=\"https:\/\/radiorevelacionfm.cl\/wp-content\/uploads\/2021\/06\/puente-2_optimized-1_optimized-1.png 817w, https:\/\/radiorevelacionfm.cl\/wp-content\/uploads\/2021\/06\/puente-2_optimized-1_optimized-1-300x176.png 300w, https:\/\/radiorevelacionfm.cl\/wp-content\/uploads\/2021\/06\/puente-2_optimized-1_optimized-1-768x451.png 768w, https:\/\/radiorevelacionfm.cl\/wp-content\/uploads\/2021\/06\/puente-2_optimized-1_optimized-1-705x414.png 705w, https:\/\/radiorevelacionfm.cl\/wp-content\/uploads\/2021\/06\/puente-2_optimized-1_optimized-1-600x353.png 600w\" sizes=\"(max-width: 817px) 100vw, 817px\" \/><\/div><\/div><\/div><\/div><div class=\"flex_column av_one_full  flex_column_div av-zero-column-padding first  avia-builder-el-2  el_after_av_one_full  el_before_av_one_full  column-top-margin\" style='border-radius:0px; '><section class=\"av_textblock_section \"  itemscope=\"itemscope\" itemtype=\"https:\/\/schema.org\/BlogPosting\" itemprop=\"blogPost\" ><div class='avia_textblock  '   itemprop=\"text\" ><p style=\"text-align: center;\"><strong><span style=\"font-size: 18pt;\">Constatan avances en instalaci\u00f3n del puente \u201cPampita\u201d en el sector Palena Norte en La Junta <\/span><\/strong><\/p>\n<div id=\"gtx-trans\" style=\"position: absolute; left: -50px; top: 4.31534px;\">\n<div class=\"gtx-trans-icon\"><\/div>\n<\/div>\n<\/div><\/section><\/div><div class=\"flex_column av_one_full  flex_column_div av-zero-column-padding first  avia-builder-el-4  el_after_av_one_full  el_before_av_hr  column-top-margin\" style='border-radius:0px; '><section class=\"av_textblock_section \"  itemscope=\"itemscope\" itemtype=\"https:\/\/schema.org\/BlogPosting\" itemprop=\"blogPost\" ><div class='avia_textblock  '   itemprop=\"text\" ><p style=\"text-align: justify;\">Hasta el sector Palena Norte en La Junta, se trasladaron el Seremi de Obras Publicas N\u00e9stor Mera y el Alcalde de la comuna de Cisnes Francisco Roncagliolo, para constatar el avance en la instalaci\u00f3n del puente \u201cPampita\u201d, infraestructura que solucionar\u00e1 un hist\u00f3rico problema y entregar\u00e1 definitivamente una buena conectividad a los pobladores del lugar.<\/p>\n<p style=\"text-align: justify;\">Es una inversi\u00f3n de 440 millones de pesos y que ha sido el resultado de un trabajo coordinado entre el MOP y la Municipalidad. Tal como lo evidenci\u00f3 el Seremi, N\u00e9stor Mera.<\/p>\n<p style=\"text-align: justify;\">\u201cEs fruto del trabajo de hace mucho tiempo, trabajo que ha hecho la comunidad organizada, los vecinos, los dirigentes de la zona, trabajo que tambi\u00e9n ha hecho la Municipalidad muy bien representada por el Alcalde Francisco Roncagliolo, con quien hemos mantenido un trabajo muy estrecho y muy colaborativo en los \u00faltimos a\u00f1os y no me cabe duda que as\u00ed va a seguir siendo en el futuro. Entre tantas obras que tenemos en la comuna y que por cierto que son muchas, tenemos nuestro puente Pampita, una inversi\u00f3n de 440 millones de pesos, casi 34 metros de puente mecano, que hoy son pr\u00e1cticamente una realidad. En 20 d\u00edas m\u00e1s nos dec\u00eda el contratista deber\u00eda estar completamente terminado y disponible para el uso de los vecinos\u201d.<\/p>\n<p style=\"text-align: justify;\">El Alcalde Francisco Roncagliolo, tambi\u00e9n destac\u00f3 el trabajo entre servicios que lleva a concretar iniciativas tan importantes y requeridas por la comunidad como el puente \u201cPampita\u201d.<\/p>\n<p style=\"text-align: justify;\">\u201cNosotros como comuna estamos muy agradecidos del trabajo que se ha ido haciendo con el Ministerio de Obras P\u00fablicas, con el Seremi N\u00e9stor Mera, con el equipo de Vialidad, tambi\u00e9n con los pobladores, con los dirigentes del comit\u00e9 Palena Norte y hoy estamos viendo los resultados del trabajo de tanto tiempo. Es una obra muy esperada, muy anhelada por muchos a\u00f1os, en un rio que es muy complejo para el tr\u00e1nsito de nuestros vecinos del sector y esto claramente se suma a varias cosas hemos hecho con el MOP en el tema de conectividad interior\u201d.<\/p>\n<p style=\"text-align: justify;\">Una vez finalizada la instalaci\u00f3n del puente \u201cPampita\u201d, muchos pobladores y campesinos podr\u00e1n sacar su producci\u00f3n de le\u00f1a, madera, verduras y otros art\u00edculos que esperan comercializar para la econom\u00eda familiar y que en pocos d\u00edas cambiar\u00e1 considerablemente gracias a la conectividad que les entregar\u00e1 esta nueva infraestructura vial.<\/p>\n<p style=\"text-align: justify;\">La conectividad y el apoyo a la gente de campo es otra de las prioridades que ha sido parte importante en la gesti\u00f3n del Alcalde Francisco Roncagliolo y algo que seguir\u00e1 potenciando junto al equipo de la Municipalidad de Cisnes y en alianza a otros servicios p\u00fablicos como el MOP.<\/p>\n<\/div><\/section><\/div><div  style='height:50px' class='hr hr-invisible   avia-builder-el-6  el_after_av_one_full  el_before_av_social_share '><span class='hr-inner ' ><span class='hr-inner-style'><\/span><\/span><\/div><\/p>\n<div  class='av-social-sharing-box  avia-builder-el-7  el_after_av_hr  el_before_av_hr  '><div class='av-share-box'><h5 class='av-share-link-description av-no-toc '>Compartir esta noticia<\/h5><ul class='av-share-box-list noLightbox'><li class='av-share-link av-social-link-facebook' ><a target=\"_blank\" aria-label=\"Compartir en Facebook\" href='https:\/\/www.facebook.com\/sharer.php?u=https:\/\/radiorevelacionfm.cl\/?p=5569&#038;t=Constatan%20avances%20en%20instalaci%C3%B3n%20del%20puente%20%E2%80%9CPampita%E2%80%9D%20en%20el%20sector%20Palena%20Norte%20en%20La%20Junta' aria-hidden='false' data-av_icon='\ue8f3' data-av_iconfont='entypo-fontello' title='' data-avia-related-tooltip='Compartir en Facebook' rel=\"noopener\"><span class='avia_hidden_link_text'>Compartir en Facebook<\/span><\/a><\/li><li class='av-share-link av-social-link-twitter' ><a target=\"_blank\" aria-label=\"Compartir en Twitter\" href='https:\/\/twitter.com\/share?text=Constatan%20avances%20en%20instalaci%C3%B3n%20del%20puente%20%E2%80%9CPampita%E2%80%9D%20en%20el%20sector%20Palena%20Norte%20en%20La%20Junta&#038;url=https:\/\/radiorevelacionfm.cl\/?p=5569' aria-hidden='false' data-av_icon='\ue8f1' data-av_iconfont='entypo-fontello' title='' data-avia-related-tooltip='Compartir en Twitter' rel=\"noopener\"><span class='avia_hidden_link_text'>Compartir en Twitter<\/span><\/a><\/li><li class='av-share-link av-social-link-whatsapp' ><a target=\"_blank\" aria-label=\"Compartir en Whatsapp\" href='https:\/\/api.whatsapp.com\/send?text=https:\/\/radiorevelacionfm.cl\/?p=5569' aria-hidden='false' data-av_icon='\uf232' data-av_iconfont='entypo-fontello' title='' data-avia-related-tooltip='Compartir en Whatsapp' rel=\"noopener\"><span class='avia_hidden_link_text'>Compartir en Whatsapp<\/span><\/a><\/li><li class='av-share-link av-social-link-linkedin' ><a target=\"_blank\" aria-label=\"Compartir en LinkedIn\" href='https:\/\/linkedin.com\/shareArticle?mini=true&#038;title=Constatan%20avances%20en%20instalaci%C3%B3n%20del%20puente%20%E2%80%9CPampita%E2%80%9D%20en%20el%20sector%20Palena%20Norte%20en%20La%20Junta&#038;url=https:\/\/radiorevelacionfm.cl\/?p=5569' aria-hidden='false' data-av_icon='\ue8fc' data-av_iconfont='entypo-fontello' title='' data-avia-related-tooltip='Compartir en LinkedIn' rel=\"noopener\"><span class='avia_hidden_link_text'>Compartir en LinkedIn<\/span><\/a><\/li><li class='av-share-link av-social-link-mail' ><a  aria-label=\"Compartir por correo\" href='mailto:?subject=Constatan%20avances%20en%20instalaci%C3%B3n%20del%20puente%20%E2%80%9CPampita%E2%80%9D%20en%20el%20sector%20Palena%20Norte%20en%20La%20Junta&#038;body=https:\/\/radiorevelacionfm.cl\/?p=5569' aria-hidden='false' data-av_icon='\ue805' data-av_iconfont='entypo-fontello' title='' data-avia-related-tooltip='Compartir por correo'><span class='avia_hidden_link_text'>Compartir por correo<\/span><\/a><\/li><\/ul><\/div><\/div>\n<div  style='height:50px' class='hr hr-invisible   avia-builder-el-8  el_after_av_social_share  el_before_av_comments_list '><span class='hr-inner ' ><span class='hr-inner-style'><\/span><\/span><\/div>\n<div  class='av-buildercomment  av-blog-meta-html-info-disabled av-blog-meta-tag-disabled  '><\/div>\n","protected":false},"excerpt":{"rendered":"","protected":false},"author":1,"featured_media":5570,"comment_status":"open","ping_status":"open","sticky":false,"template":"","format":"standard","meta":{"footnotes":""},"categories":[38],"tags":[],"class_list":["post-5569","post","type-post","status-publish","format-standard","has-post-thumbnail","hentry","category-regional"],"jetpack_featured_media_url":"https:\/\/radiorevelacionfm.cl\/wp-content\/uploads\/2021\/06\/puente-2_optimized-1_optimized-1.png","_links":{"self":[{"href":"https:\/\/radiorevelacionfm.cl\/index.php?rest_route=\/wp\/v2\/posts\/5569","targetHints":{"allow":["GET"]}}],"collection":[{"href":"https:\/\/radiorevelacionfm.cl\/index.php?rest_route=\/wp\/v2\/posts"}],"about":[{"href":"https:\/\/radiorevelacionfm.cl\/index.php?rest_route=\/wp\/v2\/types\/post"}],"author":[{"embeddable":true,"href":"https:\/\/radiorevelacionfm.cl\/index.php?rest_route=\/wp\/v2\/users\/1"}],"replies":[{"embeddable":true,"href":"https:\/\/radiorevelacionfm.cl\/index.php?rest_route=%2Fwp%2Fv2%2Fcomments&post=5569"}],"version-history":[{"count":1,"href":"https:\/\/radiorevelacionfm.cl\/index.php?rest_route=\/wp\/v2\/posts\/5569\/revisions"}],"predecessor-version":[{"id":5571,"href":"https:\/\/radiorevelacionfm.cl\/index.php?rest_route=\/wp\/v2\/posts\/5569\/revisions\/5571"}],"wp:featuredmedia":[{"embeddable":true,"href":"https:\/\/radiorevelacionfm.cl\/index.php?rest_route=\/wp\/v2\/media\/5570"}],"wp:attachment":[{"href":"https:\/\/radiorevelacionfm.cl\/index.php?rest_route=%2Fwp%2Fv2%2Fmedia&parent=5569"}],"wp:term":[{"taxonomy":"category","embeddable":true,"href":"https:\/\/radiorevelacionfm.cl\/index.php?rest_route=%2Fwp%2Fv2%2Fcategories&post=5569"},{"taxonomy":"post_tag","embeddable":true,"href":"https:\/\/radiorevelacionfm.cl\/index.php?rest_route=%2Fwp%2Fv2%2Ftags&post=5569"}],"curies":[{"name":"wp","href":"https:\/\/api.w.org\/{rel}","templated":true}]}}