{"id":55688,"date":"2025-06-25T12:51:05","date_gmt":"2025-06-25T15:51:05","guid":{"rendered":"https:\/\/radiorevelacionfm.cl\/?p=55688"},"modified":"2025-06-25T12:51:05","modified_gmt":"2025-06-25T15:51:05","slug":"rupu-mawun-la-ruta-del-agua-2025-una-fiesta-del-deporte-sobre-dos-ruedas-en-aysen","status":"publish","type":"post","link":"https:\/\/radiorevelacionfm.cl\/?p=55688","title":{"rendered":"R\u00fcp\u00fc Maw\u00fcn \u2013 La Ruta del Agua 2025: Una fiesta del deporte sobre dos ruedas en Ays\u00e9n"},"content":{"rendered":"<div class=\"flex_column av_one_full  flex_column_div av-zero-column-padding first  avia-builder-el-0  el_before_av_one_full  avia-builder-el-first  \" style='border-radius:0px; '><div  class='avia-image-container  av-styling-    avia-builder-el-1  avia-builder-el-no-sibling  avia-align-center '  itemprop=\"image\" itemscope=\"itemscope\" itemtype=\"https:\/\/schema.org\/ImageObject\"  ><div class='avia-image-container-inner'><div class='avia-image-overlay-wrap'><img decoding=\"async\" class='wp-image-55689 avia-img-lazy-loading-not-55689 avia_image' src=\"https:\/\/radiorevelacionfm.cl\/wp-content\/uploads\/2025\/06\/foto-48-1_optimized-1.jpg\" alt='' title='foto-48-(1)_optimized (1)' height=\"600\" width=\"900\"  itemprop=\"thumbnailUrl\" srcset=\"https:\/\/radiorevelacionfm.cl\/wp-content\/uploads\/2025\/06\/foto-48-1_optimized-1.jpg 900w, https:\/\/radiorevelacionfm.cl\/wp-content\/uploads\/2025\/06\/foto-48-1_optimized-1-300x200.jpg 300w, https:\/\/radiorevelacionfm.cl\/wp-content\/uploads\/2025\/06\/foto-48-1_optimized-1-768x512.jpg 768w, https:\/\/radiorevelacionfm.cl\/wp-content\/uploads\/2025\/06\/foto-48-1_optimized-1-705x470.jpg 705w, https:\/\/radiorevelacionfm.cl\/wp-content\/uploads\/2025\/06\/foto-48-1_optimized-1-450x300.jpg 450w, https:\/\/radiorevelacionfm.cl\/wp-content\/uploads\/2025\/06\/foto-48-1_optimized-1-600x400.jpg 600w\" sizes=\"(max-width: 900px) 100vw, 900px\" \/><\/div><\/div><\/div><\/div><div class=\"flex_column av_one_full  flex_column_div av-zero-column-padding first  avia-builder-el-2  el_after_av_one_full  el_before_av_one_full  column-top-margin\" style='border-radius:0px; '><section class=\"av_textblock_section \"  itemscope=\"itemscope\" itemtype=\"https:\/\/schema.org\/BlogPosting\" itemprop=\"blogPost\" ><div class='avia_textblock  '   itemprop=\"text\" ><p style=\"text-align: center;\"><span style=\"font-size: 18pt;\"><strong>R\u00fcp\u00fc Maw\u00fcn \u2013 La Ruta del Agua 2025: Una fiesta del deporte sobre dos ruedas en Ays\u00e9n<\/strong><\/span><\/p>\n<div id=\"gtx-trans\" style=\"position: absolute; left: -50px; top: 4.31534px;\">\n<div class=\"gtx-trans-icon\"><\/div>\n<\/div>\n<\/div><\/section><\/div><div class=\"flex_column av_one_full  flex_column_div av-zero-column-padding first  avia-builder-el-4  el_after_av_one_full  el_before_av_hr  column-top-margin\" style='border-radius:0px; '><section class=\"av_textblock_section \"  itemscope=\"itemscope\" itemtype=\"https:\/\/schema.org\/BlogPosting\" itemprop=\"blogPost\" ><div class='avia_textblock  '   itemprop=\"text\" ><p style=\"text-align: justify;\">Este pr\u00f3ximo s\u00e1bado 28 de junio se vivir\u00e1 una nueva edici\u00f3n del evento cicl\u00edstico invernal m\u00e1s esperado del a\u00f1o en la comuna: el R\u00fcp\u00fc Maw\u00fcn \u2013 La Ruta del Agua, actividad organizada por el Club de Ciclismo de Ays\u00e9n con el apoyo de la Corporaci\u00f3n de Deportes y Recreaci\u00f3n de la Municipalidad de Ays\u00e9n.<\/p>\n<p style=\"text-align: justify;\">La ruta, que recorrer\u00e1 desde Bah\u00eda Acantilada hasta el sector R\u00edo Los Palos, promete nuevamente reunir a decenas de ciclistas locales y regionales en un entorno natural privilegiado. El evento contempla categor\u00edas para bicicletas MTB, Gravel y E-Bike, buscando fomentar la participaci\u00f3n tanto de deportistas experimentados como de ciclistas aficionados.<\/p>\n<p style=\"text-align: justify;\">El destacado ciclista regional y seleccionado nacional Jos\u00e9 Luis \u201cPipo\u201d Rodr\u00edguez ser\u00e1 uno de los rostros presentes en esta tercera versi\u00f3n. En un mensaje dirigido a la comunidad, el ciclista expres\u00f3: \u201cQuiero dejarles una invitaci\u00f3n muy especial a una ruta que no se pueden perder: se trata del R\u00fcp\u00fc Maw\u00fcn. Invito a todos a ser parte de esta gran fiesta del ciclismo, del mundo de las dos ruedas, y en una ruta que de verdad es preciosa y en la cual tambi\u00e9n estar\u00e9 presente, as\u00ed que quedan todos cordialmente invitados, no se queden fuera\u201d.<\/p>\n<p style=\"text-align: justify;\">Carola Fresno, ciclista amateur de la capital regional, subray\u00f3 el enfoque inclusivo y el potencial de este tipo de eventos para impulsar el turismo invernal: \u201cEn especial, invito a todas las mujeres que disfrutan del ciclismo y buscan una aventura invernal a que se sumen. Es una gran oportunidad para demostrar que el deporte tambi\u00e9n es posible en invierno. Agradecemos al Club de Ciclismo Ays\u00e9n y a la Corporaci\u00f3n de Deportes por apoyar eventos como este, que hacen posible que no solo Puerto Ays\u00e9n, sino toda la Regi\u00f3n, se potencie como un destino tur\u00edstico y deportivo.\u201d<\/p>\n<p style=\"text-align: justify;\">En tanto, Alejandra Henr\u00edquez, vecina de Puerto Ays\u00e9n y participante de la versi\u00f3n anterior, record\u00f3 con entusiasmo su vivencia: \u201cEl a\u00f1o pasado fue mi primera experiencia en el ciclismo y desde entonces no he parado. La ruta ofrece paisajes, aventura, compa\u00f1erismo y mucha emoci\u00f3n. Es una carrera para todos, desde quienes est\u00e1n comenzando hasta los m\u00e1s experimentados. Los invito a todos a vivir esta fiesta del deporte en la Patagonia, llena de resistencia, naturaleza y alegr\u00eda.\u201d<\/p>\n<p style=\"text-align: justify;\">La Corporaci\u00f3n de Deportes ha tenido un rol clave en la coordinaci\u00f3n log\u00edstica, facilitaci\u00f3n de espacios y articulaci\u00f3n institucional, consolidando as\u00ed su compromiso con el desarrollo del ciclismo como disciplina estrat\u00e9gica a nivel comunal.<\/p>\n<p style=\"text-align: justify;\">La entrega de kits, acreditaciones y cronometraje electr\u00f3nico se realizar\u00e1 el viernes 27 de junio en el Polideportivo 21 de Abril, jornada que adem\u00e1s incluir\u00e1 informaci\u00f3n t\u00e9cnica, concursos y otras sorpresas para los asistentes.<\/p>\n<p style=\"text-align: justify;\">Se espera una amplia convocatoria, tanto de participantes como del p\u00fablico general, consolidando el R\u00fcp\u00fc Maw\u00fcn como una de las principales actividades deportivas del calendario invernal en la regi\u00f3n.<\/p>\n<\/div><\/section><\/div><div  style='height:50px' class='hr hr-invisible   avia-builder-el-6  el_after_av_one_full  el_before_av_social_share '><span class='hr-inner ' ><span class='hr-inner-style'><\/span><\/span><\/div><\/p>\n<div  class='av-social-sharing-box  avia-builder-el-7  el_after_av_hr  el_before_av_hr  '><div class='av-share-box'><h5 class='av-share-link-description av-no-toc '>Compartir esta noticia<\/h5><ul class='av-share-box-list noLightbox'><li class='av-share-link av-social-link-facebook' ><a target=\"_blank\" aria-label=\"Compartir en Facebook\" href='https:\/\/www.facebook.com\/sharer.php?u=https:\/\/radiorevelacionfm.cl\/?p=55688&#038;t=R%C3%BCp%C3%BC%20Maw%C3%BCn%20%E2%80%93%20La%20Ruta%20del%20Agua%202025%3A%20Una%20fiesta%20del%20deporte%20sobre%20dos%20ruedas%20en%20Ays%C3%A9n' aria-hidden='false' data-av_icon='\ue8f3' data-av_iconfont='entypo-fontello' title='' data-avia-related-tooltip='Compartir en Facebook' rel=\"noopener\"><span class='avia_hidden_link_text'>Compartir en Facebook<\/span><\/a><\/li><li class='av-share-link av-social-link-twitter' ><a target=\"_blank\" aria-label=\"Compartir en Twitter\" href='https:\/\/twitter.com\/share?text=R%C3%BCp%C3%BC%20Maw%C3%BCn%20%E2%80%93%20La%20Ruta%20del%20Agua%202025%3A%20Una%20fiesta%20del%20deporte%20sobre%20dos%20ruedas%20en%20Ays%C3%A9n&#038;url=https:\/\/radiorevelacionfm.cl\/?p=55688' aria-hidden='false' data-av_icon='\ue8f1' data-av_iconfont='entypo-fontello' title='' data-avia-related-tooltip='Compartir en Twitter' rel=\"noopener\"><span class='avia_hidden_link_text'>Compartir en Twitter<\/span><\/a><\/li><li class='av-share-link av-social-link-whatsapp' ><a target=\"_blank\" aria-label=\"Compartir en Whatsapp\" href='https:\/\/api.whatsapp.com\/send?text=https:\/\/radiorevelacionfm.cl\/?p=55688' aria-hidden='false' data-av_icon='\uf232' data-av_iconfont='entypo-fontello' title='' data-avia-related-tooltip='Compartir en Whatsapp' rel=\"noopener\"><span class='avia_hidden_link_text'>Compartir en Whatsapp<\/span><\/a><\/li><li class='av-share-link av-social-link-linkedin' ><a target=\"_blank\" aria-label=\"Compartir en LinkedIn\" href='https:\/\/linkedin.com\/shareArticle?mini=true&#038;title=R%C3%BCp%C3%BC%20Maw%C3%BCn%20%E2%80%93%20La%20Ruta%20del%20Agua%202025%3A%20Una%20fiesta%20del%20deporte%20sobre%20dos%20ruedas%20en%20Ays%C3%A9n&#038;url=https:\/\/radiorevelacionfm.cl\/?p=55688' aria-hidden='false' data-av_icon='\ue8fc' data-av_iconfont='entypo-fontello' title='' data-avia-related-tooltip='Compartir en LinkedIn' rel=\"noopener\"><span class='avia_hidden_link_text'>Compartir en LinkedIn<\/span><\/a><\/li><li class='av-share-link av-social-link-mail' ><a  aria-label=\"Compartir por correo\" href='mailto:?subject=R%C3%BCp%C3%BC%20Maw%C3%BCn%20%E2%80%93%20La%20Ruta%20del%20Agua%202025%3A%20Una%20fiesta%20del%20deporte%20sobre%20dos%20ruedas%20en%20Ays%C3%A9n&#038;body=https:\/\/radiorevelacionfm.cl\/?p=55688' aria-hidden='false' data-av_icon='\ue805' data-av_iconfont='entypo-fontello' title='' data-avia-related-tooltip='Compartir por correo'><span class='avia_hidden_link_text'>Compartir por correo<\/span><\/a><\/li><\/ul><\/div><\/div>\n<div  style='height:50px' class='hr hr-invisible   avia-builder-el-8  el_after_av_social_share  el_before_av_comments_list '><span class='hr-inner ' ><span class='hr-inner-style'><\/span><\/span><\/div>\n<div  class='av-buildercomment  av-blog-meta-html-info-disabled av-blog-meta-tag-disabled  '><\/div>\n","protected":false},"excerpt":{"rendered":"","protected":false},"author":1,"featured_media":55689,"comment_status":"closed","ping_status":"closed","sticky":false,"template":"","format":"standard","meta":{"footnotes":""},"categories":[40],"tags":[],"class_list":["post-55688","post","type-post","status-publish","format-standard","has-post-thumbnail","hentry","category-deportes"],"jetpack_featured_media_url":"https:\/\/radiorevelacionfm.cl\/wp-content\/uploads\/2025\/06\/foto-48-1_optimized-1.jpg","_links":{"self":[{"href":"https:\/\/radiorevelacionfm.cl\/index.php?rest_route=\/wp\/v2\/posts\/55688","targetHints":{"allow":["GET"]}}],"collection":[{"href":"https:\/\/radiorevelacionfm.cl\/index.php?rest_route=\/wp\/v2\/posts"}],"about":[{"href":"https:\/\/radiorevelacionfm.cl\/index.php?rest_route=\/wp\/v2\/types\/post"}],"author":[{"embeddable":true,"href":"https:\/\/radiorevelacionfm.cl\/index.php?rest_route=\/wp\/v2\/users\/1"}],"replies":[{"embeddable":true,"href":"https:\/\/radiorevelacionfm.cl\/index.php?rest_route=%2Fwp%2Fv2%2Fcomments&post=55688"}],"version-history":[{"count":2,"href":"https:\/\/radiorevelacionfm.cl\/index.php?rest_route=\/wp\/v2\/posts\/55688\/revisions"}],"predecessor-version":[{"id":55691,"href":"https:\/\/radiorevelacionfm.cl\/index.php?rest_route=\/wp\/v2\/posts\/55688\/revisions\/55691"}],"wp:featuredmedia":[{"embeddable":true,"href":"https:\/\/radiorevelacionfm.cl\/index.php?rest_route=\/wp\/v2\/media\/55689"}],"wp:attachment":[{"href":"https:\/\/radiorevelacionfm.cl\/index.php?rest_route=%2Fwp%2Fv2%2Fmedia&parent=55688"}],"wp:term":[{"taxonomy":"category","embeddable":true,"href":"https:\/\/radiorevelacionfm.cl\/index.php?rest_route=%2Fwp%2Fv2%2Fcategories&post=55688"},{"taxonomy":"post_tag","embeddable":true,"href":"https:\/\/radiorevelacionfm.cl\/index.php?rest_route=%2Fwp%2Fv2%2Ftags&post=55688"}],"curies":[{"name":"wp","href":"https:\/\/api.w.org\/{rel}","templated":true}]}}