{"id":55685,"date":"2025-06-25T17:06:44","date_gmt":"2025-06-25T20:06:44","guid":{"rendered":"https:\/\/radiorevelacionfm.cl\/?p=55685"},"modified":"2025-06-25T17:06:44","modified_gmt":"2025-06-25T20:06:44","slug":"centro-cultural-coyhaique-se-adjudica-fondos-para-enriquecer-su-programacion","status":"publish","type":"post","link":"https:\/\/radiorevelacionfm.cl\/?p=55685","title":{"rendered":"Centro Cultural Coyhaique se adjudica fondos para enriquecer su programaci\u00f3n"},"content":{"rendered":"<div class=\"flex_column av_one_full  flex_column_div av-zero-column-padding first  avia-builder-el-0  el_before_av_one_full  avia-builder-el-first  \" style='border-radius:0px; '><div  class='avia-image-container  av-styling-    avia-builder-el-1  avia-builder-el-no-sibling  avia-align-center '  itemprop=\"image\" itemscope=\"itemscope\" itemtype=\"https:\/\/schema.org\/ImageObject\"  ><div class='avia-image-container-inner'><div class='avia-image-overlay-wrap'><img decoding=\"async\" class='wp-image-55686 avia-img-lazy-loading-not-55686 avia_image' src=\"https:\/\/radiorevelacionfm.cl\/wp-content\/uploads\/2025\/06\/centro-cultural-coyhaique_fachada-1_optimized-1.jpg\" alt='' title='centro-cultural-coyhaique_fachada-(1)_optimized (1)' height=\"600\" width=\"899\"  itemprop=\"thumbnailUrl\" srcset=\"https:\/\/radiorevelacionfm.cl\/wp-content\/uploads\/2025\/06\/centro-cultural-coyhaique_fachada-1_optimized-1.jpg 899w, https:\/\/radiorevelacionfm.cl\/wp-content\/uploads\/2025\/06\/centro-cultural-coyhaique_fachada-1_optimized-1-300x200.jpg 300w, https:\/\/radiorevelacionfm.cl\/wp-content\/uploads\/2025\/06\/centro-cultural-coyhaique_fachada-1_optimized-1-768x513.jpg 768w, https:\/\/radiorevelacionfm.cl\/wp-content\/uploads\/2025\/06\/centro-cultural-coyhaique_fachada-1_optimized-1-705x471.jpg 705w, https:\/\/radiorevelacionfm.cl\/wp-content\/uploads\/2025\/06\/centro-cultural-coyhaique_fachada-1_optimized-1-450x300.jpg 450w, https:\/\/radiorevelacionfm.cl\/wp-content\/uploads\/2025\/06\/centro-cultural-coyhaique_fachada-1_optimized-1-600x400.jpg 600w\" sizes=\"(max-width: 899px) 100vw, 899px\" \/><\/div><\/div><\/div><\/div><div class=\"flex_column av_one_full  flex_column_div av-zero-column-padding first  avia-builder-el-2  el_after_av_one_full  el_before_av_one_full  column-top-margin\" style='border-radius:0px; '><section class=\"av_textblock_section \"  itemscope=\"itemscope\" itemtype=\"https:\/\/schema.org\/BlogPosting\" itemprop=\"blogPost\" ><div class='avia_textblock  '   itemprop=\"text\" ><p style=\"text-align: center;\"><span style=\"font-size: 18pt;\"><b>Centro Cultural Coyhaique se adjudica fondos para enriquecer su programaci\u00f3n<\/b><\/span><\/p>\n<div id=\"gtx-trans\" style=\"position: absolute; left: -50px; top: 4.31534px;\">\n<div class=\"gtx-trans-icon\"><\/div>\n<\/div>\n<\/div><\/section><\/div><div class=\"flex_column av_one_full  flex_column_div av-zero-column-padding first  avia-builder-el-4  el_after_av_one_full  el_before_av_hr  column-top-margin\" style='border-radius:0px; '><section class=\"av_textblock_section \"  itemscope=\"itemscope\" itemtype=\"https:\/\/schema.org\/BlogPosting\" itemprop=\"blogPost\" ><div class='avia_textblock  '   itemprop=\"text\" ><p style=\"text-align: justify;\">Ays\u00e9n es una de las 10 regiones del pa\u00eds que se adjudic\u00f3 recursos de la convocatoria de Teatros Regionales y Municipales del Programa de Apoyo a Organizaciones Culturales Colaboradoras del Ministerio de las Culturas, las Artes y el Patrimonio.<\/p>\n<p style=\"text-align: justify;\">Este a\u00f1o, el Centro Cultural Coyhaique es uno de los 21 espacios que obtuvieron en total recursos por m\u00e1s de 1400 millones de pesos. En el caso de la Corporaci\u00f3n Cultural de la Municipalidad de Coyhaique, entidad responsable del Centro Cultural, son m\u00e1s de 32 millones de pesos que fortalecer\u00e1n la programaci\u00f3n y, al mismo tiempo, el acceso masivo a espect\u00e1culos, exhibiciones, talleres y experiencias art\u00edsticas de calidad.<\/p>\n<p style=\"text-align: justify;\">El seremi de Culturas Ays\u00e9n, Felipe Quiroz, dijo que \u201cpara esta secretar\u00eda ministerial es una excelente noticia que el Centro Cultural de nuestra ciudad robustezca su cartelera y el trabajo comunitario a trav\u00e9s de esta convocatoria del PAOCC. Este programa ha demostrado consistencia en cuanto a la continuidad y crecimiento en el n\u00famero de proyectos. De este modo, estamos cumpliendo con una de las m\u00e1ximas aspiraciones de nuestro Gobierno en el \u00e1mbito cultural, que tiene que ver con democratizar la cultura e inyectar los recursos donde hacen falta\u201d.<\/p>\n<p style=\"text-align: justify;\">Las organizaciones fueron evaluadas con una pauta parametrizada que, siguiendo indicadores objetivos, establece una priorizaci\u00f3n de las organizaciones, seg\u00fan a\u00f1os de antig\u00fcedad de los teatros, el promedio anual de ocupaci\u00f3n de sala, cobertura territorial y vinculaci\u00f3n con otras organizaciones.<\/p>\n<p style=\"text-align: justify;\">Para el alcalde de Coyhaique, Carlos Gatica, se trata de una gran noticia que, sin duda, va en directo beneficio de la comunidad: \u201cEstamos muy contentos y agradecidos de ser parte de este Programa de Apoyo a las Organizaciones Culturales Colaboradoras con el Ministerio de las Culturas que solo refleja el compromiso que hemos tenido en un trabajo conjunto para poder dar mayores oportunidades a nuestra ciudadan\u00eda, a nuestros vecinos y vecinas en materia de cultura y, adem\u00e1s de reconocernos en este espacio, tambi\u00e9n es muy importante que este tipo de programas, estos recursos, nos permiten seguir dotando de una completa parrilla el Centro Cultural para que nuestros vecinos y vecinas tengan el acceso a la cultura que corresponde y por supuesto tambi\u00e9n generar instancias de participaci\u00f3n en donde todos nos podamos vincular\u201d.<\/p>\n<p style=\"text-align: justify;\">En la actualidad,\u00a0182 organizaciones\u00a0son financiadas por el Programa de Apoyo a Organizaciones Culturales Colaboradoras (PAOCC) del MINCAP\u00a0que se orienta a entregar financiamiento a organizaciones culturales que generan programaci\u00f3n, implementan acciones de participaci\u00f3n y fomentan la creaci\u00f3n y experimentaci\u00f3n art\u00edstica. En Ays\u00e9n ya hay 3 organizaciones que cuentan con financiamiento basal.<\/p>\n<\/div><\/section><\/div><div  style='height:50px' class='hr hr-invisible   avia-builder-el-6  el_after_av_one_full  el_before_av_social_share '><span class='hr-inner ' ><span class='hr-inner-style'><\/span><\/span><\/div><\/p>\n<div  class='av-social-sharing-box  avia-builder-el-7  el_after_av_hr  el_before_av_hr  '><div class='av-share-box'><h5 class='av-share-link-description av-no-toc '>Compartir esta noticia<\/h5><ul class='av-share-box-list noLightbox'><li class='av-share-link av-social-link-facebook' ><a target=\"_blank\" aria-label=\"Compartir en Facebook\" href='https:\/\/www.facebook.com\/sharer.php?u=https:\/\/radiorevelacionfm.cl\/?p=55685&#038;t=Centro%20Cultural%20Coyhaique%20se%20adjudica%20fondos%20para%20enriquecer%20su%20programaci%C3%B3n' aria-hidden='false' data-av_icon='\ue8f3' data-av_iconfont='entypo-fontello' title='' data-avia-related-tooltip='Compartir en Facebook' rel=\"noopener\"><span class='avia_hidden_link_text'>Compartir en Facebook<\/span><\/a><\/li><li class='av-share-link av-social-link-twitter' ><a target=\"_blank\" aria-label=\"Compartir en Twitter\" href='https:\/\/twitter.com\/share?text=Centro%20Cultural%20Coyhaique%20se%20adjudica%20fondos%20para%20enriquecer%20su%20programaci%C3%B3n&#038;url=https:\/\/radiorevelacionfm.cl\/?p=55685' aria-hidden='false' data-av_icon='\ue8f1' data-av_iconfont='entypo-fontello' title='' data-avia-related-tooltip='Compartir en Twitter' rel=\"noopener\"><span class='avia_hidden_link_text'>Compartir en Twitter<\/span><\/a><\/li><li class='av-share-link av-social-link-whatsapp' ><a target=\"_blank\" aria-label=\"Compartir en Whatsapp\" href='https:\/\/api.whatsapp.com\/send?text=https:\/\/radiorevelacionfm.cl\/?p=55685' aria-hidden='false' data-av_icon='\uf232' data-av_iconfont='entypo-fontello' title='' data-avia-related-tooltip='Compartir en Whatsapp' rel=\"noopener\"><span class='avia_hidden_link_text'>Compartir en Whatsapp<\/span><\/a><\/li><li class='av-share-link av-social-link-linkedin' ><a target=\"_blank\" aria-label=\"Compartir en LinkedIn\" href='https:\/\/linkedin.com\/shareArticle?mini=true&#038;title=Centro%20Cultural%20Coyhaique%20se%20adjudica%20fondos%20para%20enriquecer%20su%20programaci%C3%B3n&#038;url=https:\/\/radiorevelacionfm.cl\/?p=55685' aria-hidden='false' data-av_icon='\ue8fc' data-av_iconfont='entypo-fontello' title='' data-avia-related-tooltip='Compartir en LinkedIn' rel=\"noopener\"><span class='avia_hidden_link_text'>Compartir en LinkedIn<\/span><\/a><\/li><li class='av-share-link av-social-link-mail' ><a  aria-label=\"Compartir por correo\" href='mailto:?subject=Centro%20Cultural%20Coyhaique%20se%20adjudica%20fondos%20para%20enriquecer%20su%20programaci%C3%B3n&#038;body=https:\/\/radiorevelacionfm.cl\/?p=55685' aria-hidden='false' data-av_icon='\ue805' data-av_iconfont='entypo-fontello' title='' data-avia-related-tooltip='Compartir por correo'><span class='avia_hidden_link_text'>Compartir por correo<\/span><\/a><\/li><\/ul><\/div><\/div>\n<div  style='height:50px' class='hr hr-invisible   avia-builder-el-8  el_after_av_social_share  el_before_av_comments_list '><span class='hr-inner ' ><span class='hr-inner-style'><\/span><\/span><\/div>\n<div  class='av-buildercomment  av-blog-meta-html-info-disabled av-blog-meta-tag-disabled  '><\/div>\n","protected":false},"excerpt":{"rendered":"","protected":false},"author":1,"featured_media":55686,"comment_status":"closed","ping_status":"closed","sticky":false,"template":"","format":"standard","meta":{"footnotes":""},"categories":[52],"tags":[],"class_list":["post-55685","post","type-post","status-publish","format-standard","has-post-thumbnail","hentry","category-cultura"],"jetpack_featured_media_url":"https:\/\/radiorevelacionfm.cl\/wp-content\/uploads\/2025\/06\/centro-cultural-coyhaique_fachada-1_optimized-1.jpg","_links":{"self":[{"href":"https:\/\/radiorevelacionfm.cl\/index.php?rest_route=\/wp\/v2\/posts\/55685","targetHints":{"allow":["GET"]}}],"collection":[{"href":"https:\/\/radiorevelacionfm.cl\/index.php?rest_route=\/wp\/v2\/posts"}],"about":[{"href":"https:\/\/radiorevelacionfm.cl\/index.php?rest_route=\/wp\/v2\/types\/post"}],"author":[{"embeddable":true,"href":"https:\/\/radiorevelacionfm.cl\/index.php?rest_route=\/wp\/v2\/users\/1"}],"replies":[{"embeddable":true,"href":"https:\/\/radiorevelacionfm.cl\/index.php?rest_route=%2Fwp%2Fv2%2Fcomments&post=55685"}],"version-history":[{"count":2,"href":"https:\/\/radiorevelacionfm.cl\/index.php?rest_route=\/wp\/v2\/posts\/55685\/revisions"}],"predecessor-version":[{"id":55707,"href":"https:\/\/radiorevelacionfm.cl\/index.php?rest_route=\/wp\/v2\/posts\/55685\/revisions\/55707"}],"wp:featuredmedia":[{"embeddable":true,"href":"https:\/\/radiorevelacionfm.cl\/index.php?rest_route=\/wp\/v2\/media\/55686"}],"wp:attachment":[{"href":"https:\/\/radiorevelacionfm.cl\/index.php?rest_route=%2Fwp%2Fv2%2Fmedia&parent=55685"}],"wp:term":[{"taxonomy":"category","embeddable":true,"href":"https:\/\/radiorevelacionfm.cl\/index.php?rest_route=%2Fwp%2Fv2%2Fcategories&post=55685"},{"taxonomy":"post_tag","embeddable":true,"href":"https:\/\/radiorevelacionfm.cl\/index.php?rest_route=%2Fwp%2Fv2%2Ftags&post=55685"}],"curies":[{"name":"wp","href":"https:\/\/api.w.org\/{rel}","templated":true}]}}