{"id":55682,"date":"2025-06-25T16:04:02","date_gmt":"2025-06-25T19:04:02","guid":{"rendered":"https:\/\/radiorevelacionfm.cl\/?p=55682"},"modified":"2025-06-25T16:04:02","modified_gmt":"2025-06-25T19:04:02","slug":"este-viernes-vence-plazo-para-que-los-municipios-puedan-postular-al-programa-para-pequenas-localidades-del-minvu","status":"publish","type":"post","link":"https:\/\/radiorevelacionfm.cl\/?p=55682","title":{"rendered":"Este viernes vence plazo para que los municipios puedan postular al Programa para Peque\u00f1as Localidades del Minvu"},"content":{"rendered":"<div class=\"flex_column av_one_full  flex_column_div av-zero-column-padding first  avia-builder-el-0  el_before_av_one_full  avia-builder-el-first  \" style='border-radius:0px; '><div  class='avia-image-container  av-styling-    avia-builder-el-1  avia-builder-el-no-sibling  avia-align-center '  itemprop=\"image\" itemscope=\"itemscope\" itemtype=\"https:\/\/schema.org\/ImageObject\"  ><div class='avia-image-container-inner'><div class='avia-image-overlay-wrap'><img decoding=\"async\" class='wp-image-55683 avia-img-lazy-loading-not-55683 avia_image' src=\"https:\/\/radiorevelacionfm.cl\/wp-content\/uploads\/2025\/06\/caleta-tortel-es-una-de-las-localidades-que-ya-forma-parte-del-programa-para-pequenas-localidades-del-minvu-1_optimized-1.jpg\" alt='' title='caleta-tortel-es-una-de-las-localidades-que-ya-forma-parte-del-programa-para-peque\u00f1as-localidades-del-minvu-(1)_optimized (1)' height=\"600\" width=\"1067\"  itemprop=\"thumbnailUrl\" srcset=\"https:\/\/radiorevelacionfm.cl\/wp-content\/uploads\/2025\/06\/caleta-tortel-es-una-de-las-localidades-que-ya-forma-parte-del-programa-para-pequenas-localidades-del-minvu-1_optimized-1.jpg 1067w, https:\/\/radiorevelacionfm.cl\/wp-content\/uploads\/2025\/06\/caleta-tortel-es-una-de-las-localidades-que-ya-forma-parte-del-programa-para-pequenas-localidades-del-minvu-1_optimized-1-300x169.jpg 300w, https:\/\/radiorevelacionfm.cl\/wp-content\/uploads\/2025\/06\/caleta-tortel-es-una-de-las-localidades-que-ya-forma-parte-del-programa-para-pequenas-localidades-del-minvu-1_optimized-1-1030x579.jpg 1030w, https:\/\/radiorevelacionfm.cl\/wp-content\/uploads\/2025\/06\/caleta-tortel-es-una-de-las-localidades-que-ya-forma-parte-del-programa-para-pequenas-localidades-del-minvu-1_optimized-1-768x432.jpg 768w, https:\/\/radiorevelacionfm.cl\/wp-content\/uploads\/2025\/06\/caleta-tortel-es-una-de-las-localidades-que-ya-forma-parte-del-programa-para-pequenas-localidades-del-minvu-1_optimized-1-705x396.jpg 705w, https:\/\/radiorevelacionfm.cl\/wp-content\/uploads\/2025\/06\/caleta-tortel-es-una-de-las-localidades-que-ya-forma-parte-del-programa-para-pequenas-localidades-del-minvu-1_optimized-1-450x253.jpg 450w, https:\/\/radiorevelacionfm.cl\/wp-content\/uploads\/2025\/06\/caleta-tortel-es-una-de-las-localidades-que-ya-forma-parte-del-programa-para-pequenas-localidades-del-minvu-1_optimized-1-600x337.jpg 600w\" sizes=\"(max-width: 1067px) 100vw, 1067px\" \/><\/div><\/div><\/div><\/div><div class=\"flex_column av_one_full  flex_column_div av-zero-column-padding first  avia-builder-el-2  el_after_av_one_full  el_before_av_one_full  column-top-margin\" style='border-radius:0px; '><section class=\"av_textblock_section \"  itemscope=\"itemscope\" itemtype=\"https:\/\/schema.org\/BlogPosting\" itemprop=\"blogPost\" ><div class='avia_textblock  '   itemprop=\"text\" ><p style=\"text-align: center;\"><span style=\"font-size: 18pt;\"><strong>Este viernes vence plazo para que los municipios puedan postular al Programa para Peque\u00f1as Localidades del Minvu<\/strong><\/span><\/p>\n<div id=\"gtx-trans\" style=\"position: absolute; left: -50px; top: 4.31534px;\">\n<div class=\"gtx-trans-icon\"><\/div>\n<\/div>\n<\/div><\/section><\/div><div class=\"flex_column av_one_full  flex_column_div av-zero-column-padding first  avia-builder-el-4  el_after_av_one_full  el_before_av_hr  column-top-margin\" style='border-radius:0px; '><section class=\"av_textblock_section \"  itemscope=\"itemscope\" itemtype=\"https:\/\/schema.org\/BlogPosting\" itemprop=\"blogPost\" ><div class='avia_textblock  '   itemprop=\"text\" ><p style=\"text-align: justify;\">El Ministerio de Vivienda y Urbanismo (Minvu) record\u00f3 que solo hasta el viernes 27 de junio permanecer\u00e1n abiertas las postulaciones al Concurso Nacional del Programa para Peque\u00f1as Localidades. A trav\u00e9s de esta convocatoria, se sumar\u00e1n 18 nuevas localidades a nivel nacional, las que son postuladas por los municipios, en las Secretar\u00edas Regionales Ministeriales (Seremi) de Vivienda y Urbanismo del pa\u00eds.<\/p>\n<p style=\"text-align: justify;\">La Seremi de Vivienda y Urbanismo, Paulina Ruz, record\u00f3 que el objetivo de este programa es favorecer la equidad territorial en aquellos lugares de menos de 20 mil habitantes donde la oferta ministerial y del Estado presentan mayores rezagos. Para ello, el Minvu destinar\u00e1 una inversi\u00f3n de mil 597 millones de pesos por localidad, lo que totaliza alrededor de 30 mil millones de pesos y beneficiar\u00e1 a un universo estimado de 40.000 personas en todo el pa\u00eds.<\/p>\n<p style=\"text-align: justify;\">\u201cEl lugar donde habitan las personas no debe ser un obst\u00e1culo para su calidad de vida. Por eso, con el Programa para Peque\u00f1as Localidades, llevamos pol\u00edticas p\u00fablicas a territorios rezagados. Hoy, con esta nueva convocatoria, renovamos nuestro compromiso de impulsar su crecimiento urbano y habitacional, poner en valor su patrimonio y rescatar su identidad local. Este es un trabajo que realizamos siempre de la mano de los gobiernos locales y las comunidades\u201d, se\u00f1al\u00f3<\/p>\n<p style=\"text-align: justify;\">Precis\u00f3 la autoridad regional que este a\u00f1o el concurso de selecci\u00f3n para la implementaci\u00f3n del Programa para Peque\u00f1as Localidades distribuir\u00e1 un cupo para cada una de las regiones del pa\u00eds, y de manera particular, dos cupos para las regiones de O\u2019Higgins y Biob\u00edo, por encontrarse dentro de las regiones que cuentan con el mayor n\u00famero de localidades objeto del programa.<\/p>\n<p style=\"text-align: justify;\">Este nuevo concurso, cuyos resultados se conocer\u00e1n el 11 de agosto, permitir\u00e1 aumentar a 142 las localidades beneficiadas con la implementaci\u00f3n de este programa del Minvu, que hoy est\u00e1 presente en 114 comunas a nivel nacional. Entre las m\u00e1s emblem\u00e1ticas se cuentan San Miguel de Azapa, Pisagua, Inca de Oro, Combarbal\u00e1, Hanga Roa, Pelequ\u00e9n, San Rosendo, Traigu\u00e9n, Porvenir y Caleta Tortel, en el sur de la regi\u00f3n de Ays\u00e9n.<\/p>\n<p style=\"text-align: justify;\">La Seremi Paulina Ruz enfatiz\u00f3 en que el Programa para Peque\u00f1as Localidades del Minvu, creado hace diez a\u00f1os, fomenta el acceso a infraestructura urbana y habitacional, con la participaci\u00f3n activa de las comunidades y los municipios. Por lo general, las comunidades priorizan la construcci\u00f3n y el mejoramiento de equipamientos productivos; infraestructura sanitaria; calles y veredas; parques y espacios p\u00fablicos pertinentes; y equipamientos comunitarios.<\/p>\n<p style=\"text-align: justify;\">\u201cPara su implementaci\u00f3n, que va entre los cinco y seis a\u00f1os, se parte en una primera etapa de Diagn\u00f3stico, que generalmente comienza con una encuesta de caracterizaci\u00f3n y percepci\u00f3n. Luego, se conforma una Mesa de Actores Locales, que participa de cada una de las etapas del programa y finalmente se define un Plan de Desarrollo de la Localidad. Estas etapas se desarrollan durante el primer a\u00f1o del programa. Posteriormente, los vecinos y vecinas priorizan los proyectos (obras) posibles de desarrollar; y tambi\u00e9n, los proyectos sociales que aportar\u00e1n al desarrollo comunitario, principalmente, en iniciativas de desarrollo econ\u00f3mico local. Por eso reiteramos el llamado para que los municipios postulen a este programa que no solo contempla recursos para las localidades, sino tambi\u00e9n un trabajo que se basa en la participaci\u00f3n ciudadana y que ha entregado muy buenos frutos en todas las experiencias que hemos tenido en nuestra regi\u00f3n\u201d, explic\u00f3.<\/p>\n<p style=\"text-align: justify;\">A 2025, el programa est\u00e1 presente en 119 localidades de todo el pa\u00eds, las que se encuentran en distintas etapas de implementaci\u00f3n, en tanto que a nivel regional son 6 las localidades que est\u00e1n incorporadas a este trabajo, las que corresponden a Villa O\u2019Higgins, seleccionada el 2018; el sistema de localidades Lago Verde, Villa Amengual y la Tapera, seleccionada en 2021; Melinka, del 2022; Balmaceda, del 2023; Caleta Tortel, incorporado por asignaci\u00f3n directa por zona de rezago, en 2024 y Puerto Ingeniero Ib\u00e1\u00f1ez, seleccionada a trav\u00e9s del proceso de selecci\u00f3n del a\u00f1o pasado.<\/p>\n<\/div><\/section><\/div><div  style='height:50px' class='hr hr-invisible   avia-builder-el-6  el_after_av_one_full  el_before_av_social_share '><span class='hr-inner ' ><span class='hr-inner-style'><\/span><\/span><\/div><\/p>\n<div  class='av-social-sharing-box  avia-builder-el-7  el_after_av_hr  el_before_av_hr  '><div class='av-share-box'><h5 class='av-share-link-description av-no-toc '>Compartir esta noticia<\/h5><ul class='av-share-box-list noLightbox'><li class='av-share-link av-social-link-facebook' ><a target=\"_blank\" aria-label=\"Compartir en Facebook\" href='https:\/\/www.facebook.com\/sharer.php?u=https:\/\/radiorevelacionfm.cl\/?p=55682&#038;t=Este%20viernes%20vence%20plazo%20para%20que%20los%20municipios%20puedan%20postular%20al%20Programa%20para%20Peque%C3%B1as%20Localidades%20del%20Minvu' aria-hidden='false' data-av_icon='\ue8f3' data-av_iconfont='entypo-fontello' title='' data-avia-related-tooltip='Compartir en Facebook' rel=\"noopener\"><span class='avia_hidden_link_text'>Compartir en Facebook<\/span><\/a><\/li><li class='av-share-link av-social-link-twitter' ><a target=\"_blank\" aria-label=\"Compartir en Twitter\" href='https:\/\/twitter.com\/share?text=Este%20viernes%20vence%20plazo%20para%20que%20los%20municipios%20puedan%20postular%20al%20Programa%20para%20Peque%C3%B1as%20Localidades%20del%20Minvu&#038;url=https:\/\/radiorevelacionfm.cl\/?p=55682' aria-hidden='false' data-av_icon='\ue8f1' data-av_iconfont='entypo-fontello' title='' data-avia-related-tooltip='Compartir en Twitter' rel=\"noopener\"><span class='avia_hidden_link_text'>Compartir en Twitter<\/span><\/a><\/li><li class='av-share-link av-social-link-whatsapp' ><a target=\"_blank\" aria-label=\"Compartir en Whatsapp\" href='https:\/\/api.whatsapp.com\/send?text=https:\/\/radiorevelacionfm.cl\/?p=55682' aria-hidden='false' data-av_icon='\uf232' data-av_iconfont='entypo-fontello' title='' data-avia-related-tooltip='Compartir en Whatsapp' rel=\"noopener\"><span class='avia_hidden_link_text'>Compartir en Whatsapp<\/span><\/a><\/li><li class='av-share-link av-social-link-linkedin' ><a target=\"_blank\" aria-label=\"Compartir en LinkedIn\" href='https:\/\/linkedin.com\/shareArticle?mini=true&#038;title=Este%20viernes%20vence%20plazo%20para%20que%20los%20municipios%20puedan%20postular%20al%20Programa%20para%20Peque%C3%B1as%20Localidades%20del%20Minvu&#038;url=https:\/\/radiorevelacionfm.cl\/?p=55682' aria-hidden='false' data-av_icon='\ue8fc' data-av_iconfont='entypo-fontello' title='' data-avia-related-tooltip='Compartir en LinkedIn' rel=\"noopener\"><span class='avia_hidden_link_text'>Compartir en LinkedIn<\/span><\/a><\/li><li class='av-share-link av-social-link-mail' ><a  aria-label=\"Compartir por correo\" href='mailto:?subject=Este%20viernes%20vence%20plazo%20para%20que%20los%20municipios%20puedan%20postular%20al%20Programa%20para%20Peque%C3%B1as%20Localidades%20del%20Minvu&#038;body=https:\/\/radiorevelacionfm.cl\/?p=55682' aria-hidden='false' data-av_icon='\ue805' data-av_iconfont='entypo-fontello' title='' data-avia-related-tooltip='Compartir por correo'><span class='avia_hidden_link_text'>Compartir por correo<\/span><\/a><\/li><\/ul><\/div><\/div>\n<div  style='height:50px' class='hr hr-invisible   avia-builder-el-8  el_after_av_social_share  el_before_av_comments_list '><span class='hr-inner ' ><span class='hr-inner-style'><\/span><\/span><\/div>\n<div  class='av-buildercomment  av-blog-meta-html-info-disabled av-blog-meta-tag-disabled  '><\/div>\n","protected":false},"excerpt":{"rendered":"","protected":false},"author":1,"featured_media":55683,"comment_status":"closed","ping_status":"closed","sticky":false,"template":"","format":"standard","meta":{"footnotes":""},"categories":[57],"tags":[],"class_list":["post-55682","post","type-post","status-publish","format-standard","has-post-thumbnail","hentry","category-vivienda"],"jetpack_featured_media_url":"https:\/\/radiorevelacionfm.cl\/wp-content\/uploads\/2025\/06\/caleta-tortel-es-una-de-las-localidades-que-ya-forma-parte-del-programa-para-pequenas-localidades-del-minvu-1_optimized-1.jpg","_links":{"self":[{"href":"https:\/\/radiorevelacionfm.cl\/index.php?rest_route=\/wp\/v2\/posts\/55682","targetHints":{"allow":["GET"]}}],"collection":[{"href":"https:\/\/radiorevelacionfm.cl\/index.php?rest_route=\/wp\/v2\/posts"}],"about":[{"href":"https:\/\/radiorevelacionfm.cl\/index.php?rest_route=\/wp\/v2\/types\/post"}],"author":[{"embeddable":true,"href":"https:\/\/radiorevelacionfm.cl\/index.php?rest_route=\/wp\/v2\/users\/1"}],"replies":[{"embeddable":true,"href":"https:\/\/radiorevelacionfm.cl\/index.php?rest_route=%2Fwp%2Fv2%2Fcomments&post=55682"}],"version-history":[{"count":2,"href":"https:\/\/radiorevelacionfm.cl\/index.php?rest_route=\/wp\/v2\/posts\/55682\/revisions"}],"predecessor-version":[{"id":55699,"href":"https:\/\/radiorevelacionfm.cl\/index.php?rest_route=\/wp\/v2\/posts\/55682\/revisions\/55699"}],"wp:featuredmedia":[{"embeddable":true,"href":"https:\/\/radiorevelacionfm.cl\/index.php?rest_route=\/wp\/v2\/media\/55683"}],"wp:attachment":[{"href":"https:\/\/radiorevelacionfm.cl\/index.php?rest_route=%2Fwp%2Fv2%2Fmedia&parent=55682"}],"wp:term":[{"taxonomy":"category","embeddable":true,"href":"https:\/\/radiorevelacionfm.cl\/index.php?rest_route=%2Fwp%2Fv2%2Fcategories&post=55682"},{"taxonomy":"post_tag","embeddable":true,"href":"https:\/\/radiorevelacionfm.cl\/index.php?rest_route=%2Fwp%2Fv2%2Ftags&post=55682"}],"curies":[{"name":"wp","href":"https:\/\/api.w.org\/{rel}","templated":true}]}}