{"id":55677,"date":"2025-06-25T10:36:23","date_gmt":"2025-06-25T13:36:23","guid":{"rendered":"https:\/\/radiorevelacionfm.cl\/?p=55677"},"modified":"2025-06-25T10:36:23","modified_gmt":"2025-06-25T13:36:23","slug":"ninas-y-ninos-de-la-region-de-aysen-celebran-el-ano-nuevo-mapuche","status":"publish","type":"post","link":"https:\/\/radiorevelacionfm.cl\/?p=55677","title":{"rendered":"Ni\u00f1as y ni\u00f1os de la regi\u00f3n de Ays\u00e9n celebran el A\u00f1o Nuevo Mapuche"},"content":{"rendered":"<div class=\"flex_column av_one_full  flex_column_div av-zero-column-padding first  avia-builder-el-0  el_before_av_one_full  avia-builder-el-first  \" style='border-radius:0px; '><div  class='avia-image-container  av-styling-    avia-builder-el-1  avia-builder-el-no-sibling  avia-align-center '  itemprop=\"image\" itemscope=\"itemscope\" itemtype=\"https:\/\/schema.org\/ImageObject\"  ><div class='avia-image-container-inner'><div class='avia-image-overlay-wrap'><img decoding=\"async\" class='wp-image-55678 avia-img-lazy-loading-not-55678 avia_image' src=\"https:\/\/radiorevelacionfm.cl\/wp-content\/uploads\/2025\/06\/2-2025-06-25t103309_optimized.544-1.jpg\" alt='' title='2---2025-06-25t103309_optimized.544-(1)' height=\"600\" width=\"800\"  itemprop=\"thumbnailUrl\" srcset=\"https:\/\/radiorevelacionfm.cl\/wp-content\/uploads\/2025\/06\/2-2025-06-25t103309_optimized.544-1.jpg 800w, https:\/\/radiorevelacionfm.cl\/wp-content\/uploads\/2025\/06\/2-2025-06-25t103309_optimized.544-1-300x225.jpg 300w, https:\/\/radiorevelacionfm.cl\/wp-content\/uploads\/2025\/06\/2-2025-06-25t103309_optimized.544-1-768x576.jpg 768w, https:\/\/radiorevelacionfm.cl\/wp-content\/uploads\/2025\/06\/2-2025-06-25t103309_optimized.544-1-705x529.jpg 705w, https:\/\/radiorevelacionfm.cl\/wp-content\/uploads\/2025\/06\/2-2025-06-25t103309_optimized.544-1-450x338.jpg 450w, https:\/\/radiorevelacionfm.cl\/wp-content\/uploads\/2025\/06\/2-2025-06-25t103309_optimized.544-1-600x450.jpg 600w\" sizes=\"(max-width: 800px) 100vw, 800px\" \/><\/div><\/div><\/div><\/div><div class=\"flex_column av_one_full  flex_column_div av-zero-column-padding first  avia-builder-el-2  el_after_av_one_full  el_before_av_one_full  column-top-margin\" style='border-radius:0px; '><section class=\"av_textblock_section \"  itemscope=\"itemscope\" itemtype=\"https:\/\/schema.org\/BlogPosting\" itemprop=\"blogPost\" ><div class='avia_textblock  '   itemprop=\"text\" ><p style=\"text-align: center;\"><strong><span style=\"font-size: 18pt;\">Ni\u00f1as y ni\u00f1os de la regi\u00f3n de Ays\u00e9n celebran el A\u00f1o Nuevo Mapuche<\/span><\/strong><\/p>\n<div id=\"gtx-trans\" style=\"position: absolute; left: -50px; top: 4.31534px;\">\n<div class=\"gtx-trans-icon\"><\/div>\n<\/div>\n<\/div><\/section><\/div><div class=\"flex_column av_one_full  flex_column_div av-zero-column-padding first  avia-builder-el-4  el_after_av_one_full  el_before_av_hr  column-top-margin\" style='border-radius:0px; '><section class=\"av_textblock_section \"  itemscope=\"itemscope\" itemtype=\"https:\/\/schema.org\/BlogPosting\" itemprop=\"blogPost\" ><div class='avia_textblock  '   itemprop=\"text\" ><p style=\"font-weight: 400; text-align: justify;\"><em>Salas cuna y jardines infantiles de Fundaci\u00f3n Integra conmemoraron el We Tripantu con actividades que fortalecen la identidad cultural y promueven aprendizajes desde la diversidad y el juego.<\/em><\/p>\n<p style=\"font-weight: 400; text-align: justify;\">En el marco de la celebraci\u00f3n del A\u00f1o Nuevo Mapuche, We Tripantu, ni\u00f1as y ni\u00f1os de las salas cuna y jardines infantiles de Fundaci\u00f3n Integra en la regi\u00f3n de Ays\u00e9n participaron en diversas actividades pedag\u00f3gicas y culturales, que pusieron en valor los saberes y tradiciones de los pueblos ancestrales, promoviendo su reconocimiento, respeto y vinculaci\u00f3n con los territorios en los que habitan.<\/p>\n<p style=\"font-weight: 400; text-align: justify;\">A trav\u00e9s de cuentos originarios, juegos t\u00edpicos, degustaciones de alimentos y experiencias art\u00edsticas como la creaci\u00f3n de atrapanieblas, los equipos educativos generaron espacios de di\u00e1logo intercultural adaptados a los intereses y caracter\u00edsticas de ni\u00f1as y ni\u00f1os, reconociendo el We Tripantu como una oportunidad pedag\u00f3gica que promueve el aprendizaje a trav\u00e9s del juego, la exploraci\u00f3n y la participaci\u00f3n activa.<\/p>\n<p style=\"font-weight: 400; text-align: justify;\">La directora regional de Fundaci\u00f3n Integra, Leticia Araya Norambuena, destac\u00f3 la importancia de estas iniciativas reforzando que \u201creconocemos y valoramos la diversidad cultural como parte fundamental del desarrollo integral de ni\u00f1os y ni\u00f1as. Celebrar el We Tripantu en nuestros jardines infantiles no solo nos permite acercarlos a nuestras ra\u00edces, sino tambi\u00e9n a fomentar el respeto por la cosmovisi\u00f3n de los pueblos originarios desde los primeros a\u00f1os de vida. Esta celebraci\u00f3n, realizada con tanto cari\u00f1o y compromiso por los equipos educativos, promueve una educaci\u00f3n transformadora para el desarrollo humano y sostenible\u201d.<\/p>\n<p style=\"font-weight: 400; text-align: justify;\">En el extremo sur de la regi\u00f3n, la directora de la sala cuna y jard\u00edn infantil \u201cHielito Azul\u201d de Villa O\u2019Higgins, Katherine Gonz\u00e1lez Cartes, comparti\u00f3 la experiencia vivida por su comunidad educativa quien destac\u00f3 que \u201cvivimos una jornada muy especial, en la que ni\u00f1as y ni\u00f1os participaron activamente de las actividades preparadas. Observaron, escucharon, rieron, cantaron y bailaron. La participaci\u00f3n de las familias fue fundamental para crear un ambiente c\u00e1lido y significativo, que reforz\u00f3 el sentido de comunidad y aprendizaje compartido\u201d.<\/p>\n<p style=\"font-weight: 400; text-align: justify;\">Por su parte, en la localidad de Cochrane, el equipo del jard\u00edn infantil \u201cLos Pioneros\u201d quiso poner en valor la presencia hist\u00f3rica de los pueblos originarios del sur del pa\u00eds. Su directora, Cecilia Alvarado Vel\u00e1squez, destac\u00f3 que \u201ceste a\u00f1o, decidimos centrarnos en la herencia del pueblo Tehuelche, reconociendo su historia y presencia en nuestro territorio. Fue una experiencia de gran conexi\u00f3n para nuestra comunidad educativa, especialmente para las familias, muchas de las cuales tienen ra\u00edces directas en pueblos originarios. Estas acciones no solo educan, sino que fortalecen el sentido de identidad y pertenencia\u201d.<\/p>\n<p style=\"font-weight: 400; text-align: justify;\">Fundaci\u00f3n Integra, con m\u00e1s de 34 a\u00f1os de trayectoria y m\u00e1s de 1.200 jardines infantiles gratuitos a lo largo del pa\u00eds, contin\u00faa trabajando para brindar espacios educativos inclusivos, diversos y de calidad que promuevan el desarrollo integral y bienestar de la primera infancia.<\/p>\n<\/div><\/section><\/div><div  style='height:50px' class='hr hr-invisible   avia-builder-el-6  el_after_av_one_full  el_before_av_social_share '><span class='hr-inner ' ><span class='hr-inner-style'><\/span><\/span><\/div><\/p>\n<div  class='av-social-sharing-box  avia-builder-el-7  el_after_av_hr  el_before_av_hr  '><div class='av-share-box'><h5 class='av-share-link-description av-no-toc '>Compartir esta noticia<\/h5><ul class='av-share-box-list noLightbox'><li class='av-share-link av-social-link-facebook' ><a target=\"_blank\" aria-label=\"Compartir en Facebook\" href='https:\/\/www.facebook.com\/sharer.php?u=https:\/\/radiorevelacionfm.cl\/?p=55677&#038;t=Ni%C3%B1as%20y%20ni%C3%B1os%20de%20la%20regi%C3%B3n%20de%20Ays%C3%A9n%20celebran%20el%20A%C3%B1o%20Nuevo%20Mapuche' aria-hidden='false' data-av_icon='\ue8f3' data-av_iconfont='entypo-fontello' title='' data-avia-related-tooltip='Compartir en Facebook' rel=\"noopener\"><span class='avia_hidden_link_text'>Compartir en Facebook<\/span><\/a><\/li><li class='av-share-link av-social-link-twitter' ><a target=\"_blank\" aria-label=\"Compartir en Twitter\" href='https:\/\/twitter.com\/share?text=Ni%C3%B1as%20y%20ni%C3%B1os%20de%20la%20regi%C3%B3n%20de%20Ays%C3%A9n%20celebran%20el%20A%C3%B1o%20Nuevo%20Mapuche&#038;url=https:\/\/radiorevelacionfm.cl\/?p=55677' aria-hidden='false' data-av_icon='\ue8f1' data-av_iconfont='entypo-fontello' title='' data-avia-related-tooltip='Compartir en Twitter' rel=\"noopener\"><span class='avia_hidden_link_text'>Compartir en Twitter<\/span><\/a><\/li><li class='av-share-link av-social-link-whatsapp' ><a target=\"_blank\" aria-label=\"Compartir en Whatsapp\" href='https:\/\/api.whatsapp.com\/send?text=https:\/\/radiorevelacionfm.cl\/?p=55677' aria-hidden='false' data-av_icon='\uf232' data-av_iconfont='entypo-fontello' title='' data-avia-related-tooltip='Compartir en Whatsapp' rel=\"noopener\"><span class='avia_hidden_link_text'>Compartir en Whatsapp<\/span><\/a><\/li><li class='av-share-link av-social-link-linkedin' ><a target=\"_blank\" aria-label=\"Compartir en LinkedIn\" href='https:\/\/linkedin.com\/shareArticle?mini=true&#038;title=Ni%C3%B1as%20y%20ni%C3%B1os%20de%20la%20regi%C3%B3n%20de%20Ays%C3%A9n%20celebran%20el%20A%C3%B1o%20Nuevo%20Mapuche&#038;url=https:\/\/radiorevelacionfm.cl\/?p=55677' aria-hidden='false' data-av_icon='\ue8fc' data-av_iconfont='entypo-fontello' title='' data-avia-related-tooltip='Compartir en LinkedIn' rel=\"noopener\"><span class='avia_hidden_link_text'>Compartir en LinkedIn<\/span><\/a><\/li><li class='av-share-link av-social-link-mail' ><a  aria-label=\"Compartir por correo\" href='mailto:?subject=Ni%C3%B1as%20y%20ni%C3%B1os%20de%20la%20regi%C3%B3n%20de%20Ays%C3%A9n%20celebran%20el%20A%C3%B1o%20Nuevo%20Mapuche&#038;body=https:\/\/radiorevelacionfm.cl\/?p=55677' aria-hidden='false' data-av_icon='\ue805' data-av_iconfont='entypo-fontello' title='' data-avia-related-tooltip='Compartir por correo'><span class='avia_hidden_link_text'>Compartir por correo<\/span><\/a><\/li><\/ul><\/div><\/div>\n<div  style='height:50px' class='hr hr-invisible   avia-builder-el-8  el_after_av_social_share  el_before_av_comments_list '><span class='hr-inner ' ><span class='hr-inner-style'><\/span><\/span><\/div>\n<div  class='av-buildercomment  av-blog-meta-html-info-disabled av-blog-meta-tag-disabled  '><\/div>\n","protected":false},"excerpt":{"rendered":"","protected":false},"author":1,"featured_media":55678,"comment_status":"closed","ping_status":"closed","sticky":false,"template":"","format":"standard","meta":{"footnotes":""},"categories":[49],"tags":[],"class_list":["post-55677","post","type-post","status-publish","format-standard","has-post-thumbnail","hentry","category-educacion"],"jetpack_featured_media_url":"https:\/\/radiorevelacionfm.cl\/wp-content\/uploads\/2025\/06\/2-2025-06-25t103309_optimized.544-1.jpg","_links":{"self":[{"href":"https:\/\/radiorevelacionfm.cl\/index.php?rest_route=\/wp\/v2\/posts\/55677","targetHints":{"allow":["GET"]}}],"collection":[{"href":"https:\/\/radiorevelacionfm.cl\/index.php?rest_route=\/wp\/v2\/posts"}],"about":[{"href":"https:\/\/radiorevelacionfm.cl\/index.php?rest_route=\/wp\/v2\/types\/post"}],"author":[{"embeddable":true,"href":"https:\/\/radiorevelacionfm.cl\/index.php?rest_route=\/wp\/v2\/users\/1"}],"replies":[{"embeddable":true,"href":"https:\/\/radiorevelacionfm.cl\/index.php?rest_route=%2Fwp%2Fv2%2Fcomments&post=55677"}],"version-history":[{"count":2,"href":"https:\/\/radiorevelacionfm.cl\/index.php?rest_route=\/wp\/v2\/posts\/55677\/revisions"}],"predecessor-version":[{"id":55680,"href":"https:\/\/radiorevelacionfm.cl\/index.php?rest_route=\/wp\/v2\/posts\/55677\/revisions\/55680"}],"wp:featuredmedia":[{"embeddable":true,"href":"https:\/\/radiorevelacionfm.cl\/index.php?rest_route=\/wp\/v2\/media\/55678"}],"wp:attachment":[{"href":"https:\/\/radiorevelacionfm.cl\/index.php?rest_route=%2Fwp%2Fv2%2Fmedia&parent=55677"}],"wp:term":[{"taxonomy":"category","embeddable":true,"href":"https:\/\/radiorevelacionfm.cl\/index.php?rest_route=%2Fwp%2Fv2%2Fcategories&post=55677"},{"taxonomy":"post_tag","embeddable":true,"href":"https:\/\/radiorevelacionfm.cl\/index.php?rest_route=%2Fwp%2Fv2%2Ftags&post=55677"}],"curies":[{"name":"wp","href":"https:\/\/api.w.org\/{rel}","templated":true}]}}