{"id":55667,"date":"2025-06-25T11:01:02","date_gmt":"2025-06-25T14:01:02","guid":{"rendered":"https:\/\/radiorevelacionfm.cl\/?p=55667"},"modified":"2025-06-25T11:01:02","modified_gmt":"2025-06-25T14:01:02","slug":"aremu-aysen-solicita-formalmente-al-gobierno-regional-la-asignacion-de-recursos-para-la-generacion-de-empleos","status":"publish","type":"post","link":"https:\/\/radiorevelacionfm.cl\/?p=55667","title":{"rendered":"AREMU Ays\u00e9n solicita formalmente al Gobierno Regional la asignaci\u00f3n de recursos para la generaci\u00f3n de empleos"},"content":{"rendered":"<div class=\"flex_column av_one_full  flex_column_div av-zero-column-padding first  avia-builder-el-0  el_before_av_one_full  avia-builder-el-first  \" style='border-radius:0px; '><div  class='avia-image-container  av-styling-    avia-builder-el-1  avia-builder-el-no-sibling  avia-align-center '  itemprop=\"image\" itemscope=\"itemscope\" itemtype=\"https:\/\/schema.org\/ImageObject\"  ><div class='avia-image-container-inner'><div class='avia-image-overlay-wrap'><img decoding=\"async\" class='wp-image-55668 avia-img-lazy-loading-not-55668 avia_image' src=\"https:\/\/radiorevelacionfm.cl\/wp-content\/uploads\/2025\/06\/COM5027-1-1.jpg\" alt='' title='_COM5027 (1) (1)' height=\"600\" width=\"898\"  itemprop=\"thumbnailUrl\" srcset=\"https:\/\/radiorevelacionfm.cl\/wp-content\/uploads\/2025\/06\/COM5027-1-1.jpg 898w, https:\/\/radiorevelacionfm.cl\/wp-content\/uploads\/2025\/06\/COM5027-1-1-300x200.jpg 300w, https:\/\/radiorevelacionfm.cl\/wp-content\/uploads\/2025\/06\/COM5027-1-1-768x513.jpg 768w, https:\/\/radiorevelacionfm.cl\/wp-content\/uploads\/2025\/06\/COM5027-1-1-705x471.jpg 705w, https:\/\/radiorevelacionfm.cl\/wp-content\/uploads\/2025\/06\/COM5027-1-1-450x301.jpg 450w, https:\/\/radiorevelacionfm.cl\/wp-content\/uploads\/2025\/06\/COM5027-1-1-600x401.jpg 600w\" sizes=\"(max-width: 898px) 100vw, 898px\" \/><\/div><\/div><\/div><\/div><div class=\"flex_column av_one_full  flex_column_div av-zero-column-padding first  avia-builder-el-2  el_after_av_one_full  el_before_av_one_full  column-top-margin\" style='border-radius:0px; '><section class=\"av_textblock_section \"  itemscope=\"itemscope\" itemtype=\"https:\/\/schema.org\/BlogPosting\" itemprop=\"blogPost\" ><div class='avia_textblock  '   itemprop=\"text\" ><p style=\"text-align: center;\"><strong><span style=\"font-size: 18pt;\">AREMU Ays\u00e9n solicita formalmente al Gobierno Regional la asignaci\u00f3n de recursos para la generaci\u00f3n de empleos<\/span><\/strong><\/p>\n<div id=\"gtx-trans\" style=\"position: absolute; left: -50px; top: 4.31534px;\">\n<div class=\"gtx-trans-icon\"><\/div>\n<\/div>\n<\/div><\/section><\/div><div class=\"flex_column av_one_full  flex_column_div av-zero-column-padding first  avia-builder-el-4  el_after_av_one_full  el_before_av_hr  column-top-margin\" style='border-radius:0px; '><section class=\"av_textblock_section \"  itemscope=\"itemscope\" itemtype=\"https:\/\/schema.org\/BlogPosting\" itemprop=\"blogPost\" ><div class='avia_textblock  '   itemprop=\"text\" ><p style=\"text-align: justify;\">Ad portas de finalizar el primer semestre de este 2025 y luego de que la Subsecretar\u00eda de Desarrollo Regional y Administrativo, SUBDERE, reconociera que no hay dineros para financiar planes de empleo en la regi\u00f3n; los alcaldes de las diez comunas -agrupados en la Asociaci\u00f3n Regional de Municipalidades, AREMU Ays\u00e9n-, oficiaron al Gobierno Regional de Ays\u00e9n, para solicitar la apertura de marcos espec\u00edficos que permitan optar a financiamiento para la generaci\u00f3n de iniciativas que vayan en pos de la creaci\u00f3n de empleo.<\/p>\n<p style=\"text-align: justify;\">Al respecto, el presidente de la AREMU Ays\u00e9n, alcalde de Cisnes, Francisco Roncagliolo, expres\u00f3 la importancia de esta petici\u00f3n, dado que \u201ccomo alcaldes de la regi\u00f3n hoy d\u00eda estamos desarrollando iniciativas, pero son bastante focalizadas y muy espec\u00edficas, y claramente tenemos nuevas necesidades y complicaciones en los territorios. Por lo tanto, en esto lo que buscamos es poder llevar adelante iniciativas de administraci\u00f3n directa o de licitaciones que nos permitan tambi\u00e9n la reactivaci\u00f3n econ\u00f3mica dentro de las localidades, para generar programas de absorci\u00f3n de mano de obra en distintos lugares de la regi\u00f3n\u201d.<\/p>\n<p style=\"text-align: justify;\">De esta manera, la misiva, dirigida a la primera autoridad regional, Gobernador Marcelo Santana, relev\u00f3 que los municipios se encuentran hoy realizando esfuerzos propios en pos de disminuir los \u00edndices de cesant\u00eda, pero estos no son suficientes para dar continuidad y enfrentar de buena forma los tiempos de invierno. Por ello, se requiere evaluar la posibilidad de abrir herramientas tan importantes como son los marcos FRIL u otra, que permitan generar iniciativas de administraci\u00f3n directa o impacto en la econom\u00eda local en diversas localidades de la geograf\u00eda regional.<\/p>\n<p style=\"text-align: justify;\">El alcalde de Coyhaique, Carlos Gatica, enfatiz\u00f3 que \u201cse hace muy necesario poder contar con estos recursos, que no s\u00f3lo permitir\u00e1n generar empleo para nuestros vecinos, sino tambi\u00e9n responden de forma r\u00e1pida a diversas necesidades, que van desde la creaci\u00f3n de un pavimento o la reparaci\u00f3n de una vereda. Por eso, solicitamos encarecidamente al gobernador regional tomar consideraci\u00f3n de esta solicitud, que no s\u00f3lo viene a apoyar la infraestructura del desarrollo urbano, sino tambi\u00e9n considera una arista social muy importante, que va en directo apoyo de nuestros vecinos y vecinas\u201d.<\/p>\n<p style=\"text-align: justify;\">Por su parte, el tesorero de la AREMU -alcalde de Ays\u00e9n-, Luis Mart\u00ednez dio cuenta de la real necesidad de este presupuesto en pos de los habitantes de todas y cada una de las comunas de la regi\u00f3n. \u201cNecesitamos con suma urgencia generar un plan de empleo, y toda la gente est\u00e1 expectante. A seis meses de haber asumido, creo que es totalmente necesario implementar el empleo desde el estado. Sabemos que es complicado, por lo que en conversaci\u00f3n con los alcaldes estamos pidiendo que se abra un marco corto donde podamos postular y as\u00ed tener trabajo para la gente. No nos perdemos, sea el gobierno que sea, hay que ponerse las pilas porque nos debemos a la gente. Aqu\u00ed hay un espacio de conversaci\u00f3n y de an\u00e1lisis que es muy importante, es una conversaci\u00f3n requerida, y confiamos que va a llegar a buen puerto\u201d, finaliz\u00f3.<\/p>\n<\/div><\/section><\/div><div  style='height:50px' class='hr hr-invisible   avia-builder-el-6  el_after_av_one_full  el_before_av_social_share '><span class='hr-inner ' ><span class='hr-inner-style'><\/span><\/span><\/div><\/p>\n<div  class='av-social-sharing-box  avia-builder-el-7  el_after_av_hr  el_before_av_hr  '><div class='av-share-box'><h5 class='av-share-link-description av-no-toc '>Compartir esta noticia<\/h5><ul class='av-share-box-list noLightbox'><li class='av-share-link av-social-link-facebook' ><a target=\"_blank\" aria-label=\"Compartir en Facebook\" href='https:\/\/www.facebook.com\/sharer.php?u=https:\/\/radiorevelacionfm.cl\/?p=55667&#038;t=AREMU%20Ays%C3%A9n%20solicita%20formalmente%20al%20Gobierno%20Regional%20la%20asignaci%C3%B3n%20de%20recursos%20para%20la%20generaci%C3%B3n%20de%20empleos' aria-hidden='false' data-av_icon='\ue8f3' data-av_iconfont='entypo-fontello' title='' data-avia-related-tooltip='Compartir en Facebook' rel=\"noopener\"><span class='avia_hidden_link_text'>Compartir en Facebook<\/span><\/a><\/li><li class='av-share-link av-social-link-twitter' ><a target=\"_blank\" aria-label=\"Compartir en Twitter\" href='https:\/\/twitter.com\/share?text=AREMU%20Ays%C3%A9n%20solicita%20formalmente%20al%20Gobierno%20Regional%20la%20asignaci%C3%B3n%20de%20recursos%20para%20la%20generaci%C3%B3n%20de%20empleos&#038;url=https:\/\/radiorevelacionfm.cl\/?p=55667' aria-hidden='false' data-av_icon='\ue8f1' data-av_iconfont='entypo-fontello' title='' data-avia-related-tooltip='Compartir en Twitter' rel=\"noopener\"><span class='avia_hidden_link_text'>Compartir en Twitter<\/span><\/a><\/li><li class='av-share-link av-social-link-whatsapp' ><a target=\"_blank\" aria-label=\"Compartir en Whatsapp\" href='https:\/\/api.whatsapp.com\/send?text=https:\/\/radiorevelacionfm.cl\/?p=55667' aria-hidden='false' data-av_icon='\uf232' data-av_iconfont='entypo-fontello' title='' data-avia-related-tooltip='Compartir en Whatsapp' rel=\"noopener\"><span class='avia_hidden_link_text'>Compartir en Whatsapp<\/span><\/a><\/li><li class='av-share-link av-social-link-linkedin' ><a target=\"_blank\" aria-label=\"Compartir en LinkedIn\" href='https:\/\/linkedin.com\/shareArticle?mini=true&#038;title=AREMU%20Ays%C3%A9n%20solicita%20formalmente%20al%20Gobierno%20Regional%20la%20asignaci%C3%B3n%20de%20recursos%20para%20la%20generaci%C3%B3n%20de%20empleos&#038;url=https:\/\/radiorevelacionfm.cl\/?p=55667' aria-hidden='false' data-av_icon='\ue8fc' data-av_iconfont='entypo-fontello' title='' data-avia-related-tooltip='Compartir en LinkedIn' rel=\"noopener\"><span class='avia_hidden_link_text'>Compartir en LinkedIn<\/span><\/a><\/li><li class='av-share-link av-social-link-mail' ><a  aria-label=\"Compartir por correo\" href='mailto:?subject=AREMU%20Ays%C3%A9n%20solicita%20formalmente%20al%20Gobierno%20Regional%20la%20asignaci%C3%B3n%20de%20recursos%20para%20la%20generaci%C3%B3n%20de%20empleos&#038;body=https:\/\/radiorevelacionfm.cl\/?p=55667' aria-hidden='false' data-av_icon='\ue805' data-av_iconfont='entypo-fontello' title='' data-avia-related-tooltip='Compartir por correo'><span class='avia_hidden_link_text'>Compartir por correo<\/span><\/a><\/li><\/ul><\/div><\/div>\n<div  style='height:50px' class='hr hr-invisible   avia-builder-el-8  el_after_av_social_share  el_before_av_comments_list '><span class='hr-inner ' ><span class='hr-inner-style'><\/span><\/span><\/div>\n<div  class='av-buildercomment  av-blog-meta-html-info-disabled av-blog-meta-tag-disabled  '><\/div>\n","protected":false},"excerpt":{"rendered":"","protected":false},"author":1,"featured_media":55668,"comment_status":"closed","ping_status":"closed","sticky":false,"template":"","format":"standard","meta":{"footnotes":""},"categories":[38],"tags":[],"class_list":["post-55667","post","type-post","status-publish","format-standard","has-post-thumbnail","hentry","category-regional"],"jetpack_featured_media_url":"https:\/\/radiorevelacionfm.cl\/wp-content\/uploads\/2025\/06\/COM5027-1-1.jpg","_links":{"self":[{"href":"https:\/\/radiorevelacionfm.cl\/index.php?rest_route=\/wp\/v2\/posts\/55667","targetHints":{"allow":["GET"]}}],"collection":[{"href":"https:\/\/radiorevelacionfm.cl\/index.php?rest_route=\/wp\/v2\/posts"}],"about":[{"href":"https:\/\/radiorevelacionfm.cl\/index.php?rest_route=\/wp\/v2\/types\/post"}],"author":[{"embeddable":true,"href":"https:\/\/radiorevelacionfm.cl\/index.php?rest_route=\/wp\/v2\/users\/1"}],"replies":[{"embeddable":true,"href":"https:\/\/radiorevelacionfm.cl\/index.php?rest_route=%2Fwp%2Fv2%2Fcomments&post=55667"}],"version-history":[{"count":2,"href":"https:\/\/radiorevelacionfm.cl\/index.php?rest_route=\/wp\/v2\/posts\/55667\/revisions"}],"predecessor-version":[{"id":55681,"href":"https:\/\/radiorevelacionfm.cl\/index.php?rest_route=\/wp\/v2\/posts\/55667\/revisions\/55681"}],"wp:featuredmedia":[{"embeddable":true,"href":"https:\/\/radiorevelacionfm.cl\/index.php?rest_route=\/wp\/v2\/media\/55668"}],"wp:attachment":[{"href":"https:\/\/radiorevelacionfm.cl\/index.php?rest_route=%2Fwp%2Fv2%2Fmedia&parent=55667"}],"wp:term":[{"taxonomy":"category","embeddable":true,"href":"https:\/\/radiorevelacionfm.cl\/index.php?rest_route=%2Fwp%2Fv2%2Fcategories&post=55667"},{"taxonomy":"post_tag","embeddable":true,"href":"https:\/\/radiorevelacionfm.cl\/index.php?rest_route=%2Fwp%2Fv2%2Ftags&post=55667"}],"curies":[{"name":"wp","href":"https:\/\/api.w.org\/{rel}","templated":true}]}}