{"id":55663,"date":"2025-06-24T15:44:32","date_gmt":"2025-06-24T18:44:32","guid":{"rendered":"https:\/\/radiorevelacionfm.cl\/?p=55663"},"modified":"2025-06-24T15:44:32","modified_gmt":"2025-06-24T18:44:32","slug":"condenan-a-imputado-por-abuso-sexual-de-su-conviviente-en-puerto-aysen","status":"publish","type":"post","link":"https:\/\/radiorevelacionfm.cl\/?p=55663","title":{"rendered":"Condenan a imputado por abuso sexual de su conviviente en Puerto Ays\u00e9n"},"content":{"rendered":"<div class=\"flex_column av_one_full  flex_column_div av-zero-column-padding first  avia-builder-el-0  el_before_av_one_full  avia-builder-el-first  \" style='border-radius:0px; '><div  class='avia-image-container  av-styling-    avia-builder-el-1  avia-builder-el-no-sibling  avia-align-center '  itemprop=\"image\" itemscope=\"itemscope\" itemtype=\"https:\/\/schema.org\/ImageObject\"  ><div class='avia-image-container-inner'><div class='avia-image-overlay-wrap'><img decoding=\"async\" class='wp-image-50142 avia-img-lazy-loading-not-50142 avia_image' src=\"https:\/\/radiorevelacionfm.cl\/wp-content\/uploads\/2025\/01\/Imputado-1-1-1.jpg\" alt='' title='Imputado 1 (1) (1)' height=\"600\" width=\"938\"  itemprop=\"thumbnailUrl\" srcset=\"https:\/\/radiorevelacionfm.cl\/wp-content\/uploads\/2025\/01\/Imputado-1-1-1.jpg 938w, https:\/\/radiorevelacionfm.cl\/wp-content\/uploads\/2025\/01\/Imputado-1-1-1-300x192.jpg 300w, https:\/\/radiorevelacionfm.cl\/wp-content\/uploads\/2025\/01\/Imputado-1-1-1-768x491.jpg 768w, https:\/\/radiorevelacionfm.cl\/wp-content\/uploads\/2025\/01\/Imputado-1-1-1-705x451.jpg 705w, https:\/\/radiorevelacionfm.cl\/wp-content\/uploads\/2025\/01\/Imputado-1-1-1-450x288.jpg 450w, https:\/\/radiorevelacionfm.cl\/wp-content\/uploads\/2025\/01\/Imputado-1-1-1-600x384.jpg 600w\" sizes=\"(max-width: 938px) 100vw, 938px\" \/><\/div><\/div><\/div><\/div><div class=\"flex_column av_one_full  flex_column_div av-zero-column-padding first  avia-builder-el-2  el_after_av_one_full  el_before_av_one_full  column-top-margin\" style='border-radius:0px; '><section class=\"av_textblock_section \"  itemscope=\"itemscope\" itemtype=\"https:\/\/schema.org\/BlogPosting\" itemprop=\"blogPost\" ><div class='avia_textblock  '   itemprop=\"text\" ><p style=\"text-align: center;\"><span style=\"font-size: 18pt;\"><b>Condenan a imputado por abuso sexual de su conviviente en Puerto Ays\u00e9n<\/b><\/span><\/p>\n<div id=\"gtx-trans\" style=\"position: absolute; left: -50px; top: 4.31534px;\">\n<div class=\"gtx-trans-icon\"><\/div>\n<\/div>\n<\/div><\/section><\/div><div class=\"flex_column av_one_full  flex_column_div av-zero-column-padding first  avia-builder-el-4  el_after_av_one_full  el_before_av_hr  column-top-margin\" style='border-radius:0px; '><section class=\"av_textblock_section \"  itemscope=\"itemscope\" itemtype=\"https:\/\/schema.org\/BlogPosting\" itemprop=\"blogPost\" ><div class='avia_textblock  '   itemprop=\"text\" ><p style=\"font-weight: 400; text-align: justify;\"><em>Los hechos fueron cometidos \u201cen un marco de violencia intrafamiliar, por quien fuera el ex marido de la v\u00edctima\u201d, explic\u00f3 el fiscal jefe de Ays\u00e9n-Cisnes, Pedro Poblete Viejo.<\/em><\/p>\n<p style=\"font-weight: 400; text-align: justify;\">Tras una acusaci\u00f3n de la Fiscal\u00eda Local de Ays\u00e9n-Cisnes, fue condenado a 4 a\u00f1os de presidio efectivo, es decir que deber\u00e1 cumplir en la c\u00e1rcel, un imputado de 22 a\u00f1os por el delito de abuso sexual cometido en contra de su pareja en horas de la madrugada del d\u00eda 11 de julio del a\u00f1o pasado en Puerto Ays\u00e9n.<\/p>\n<p style=\"font-weight: 400; text-align: justify;\">\u201cEstos hechos habr\u00edan ocurrido en el transcurso del a\u00f1o pasado en la ciudad de Puerto Ays\u00e9n y se ventilaron dentro de un trasfondo de una agresi\u00f3n sexual perpetrada en un marco de violencia intrafamiliar, por quien fuera el ex marido de la v\u00edctima\u201d, explic\u00f3 el fiscal jefe de Ays\u00e9n-Cisnes, Pedro Poblete Viejo.<\/p>\n<p style=\"font-weight: 400; text-align: justify;\">\u201cCon el m\u00e9rito de la prueba rendida, el tribunal solamente se forj\u00f3 convicci\u00f3n de la existencia de un delito de abuso sexual. La Fiscal\u00eda hab\u00eda acusado por un delito abuso calificado, pero conforme a ello estableci\u00f3 una pena de cuatro a\u00f1os de presidio menor en su grado m\u00e1ximo, pena que deber\u00e1 ser cumplida de manera efectiva por el acusado y le servir\u00eda de abono el per\u00edodo cercano a un a\u00f1o que ha permanecido privado de libertad como objeto de una medida de prisi\u00f3n preventiva\u201d.<\/p>\n<p style=\"font-weight: 400; text-align: justify;\">HECHOS<\/p>\n<p style=\"font-weight: 400; text-align: justify;\">De acuerdo a los hechos establecidos en la investigaci\u00f3n donde particip\u00f3 Carabineros de la Segunda Comisar\u00eda de Puerto Ays\u00e9n, la Brigada de Delitos Sexuales y el LACRIM de la PDI, el 11 de julio de 2024, a las 01:00 horas aproximadamente, en el interior del domicilio que ambos habitaban, el acusado mientras se encontraba en el dormitorio junto a su conviviente y madre de un hijo en com\u00fan, la insult\u00f3 y exigi\u00f3 mantener relaciones sexuales, tras lo cual efectu\u00f3 diversas acciones violentas y abusivas en su contra.<\/p>\n<p style=\"font-weight: 400; text-align: justify;\">En este caso tambi\u00e9n se efectuaron peritajes por parte del Servicio M\u00e9dico Legal, los cuales fueron expuestos en el juicio y la Unidad de V\u00edctimas y Testigos de la Fiscal\u00eda tambi\u00e9n tom\u00f3 contacto con la afectada para prestarle apoyo y orientaci\u00f3n.<\/p>\n<p style=\"font-weight: 400; text-align: justify;\">Adem\u00e1s, el Tribunal de Juicio Oral en Lo Penal orden\u00f3 el ingreso de la huella gen\u00e9tica del sentenciado en el Registro de Condenados.<\/p>\n<p style=\"font-weight: 400; text-align: justify;\">Al no concurrir los requisitos establecidos en la Ley N\u00ba 18.216, no se le concedi\u00f3 al imputado la pena sustitutiva para el cumplimiento alternativo de la pena impuesta. La sentencia fue dictada por la sala \u00fanica del Tribunal de Juicio Oral en Lo Penal de Coyhaique.<\/p>\n<\/div><\/section><\/div><div  style='height:50px' class='hr hr-invisible   avia-builder-el-6  el_after_av_one_full  el_before_av_social_share '><span class='hr-inner ' ><span class='hr-inner-style'><\/span><\/span><\/div><\/p>\n<div  class='av-social-sharing-box  avia-builder-el-7  el_after_av_hr  el_before_av_hr  '><div class='av-share-box'><h5 class='av-share-link-description av-no-toc '>Compartir esta noticia<\/h5><ul class='av-share-box-list noLightbox'><li class='av-share-link av-social-link-facebook' ><a target=\"_blank\" aria-label=\"Compartir en Facebook\" href='https:\/\/www.facebook.com\/sharer.php?u=https:\/\/radiorevelacionfm.cl\/?p=55663&#038;t=Condenan%20a%20imputado%20por%20abuso%20sexual%20de%20su%20conviviente%20en%20Puerto%20Ays%C3%A9n' aria-hidden='false' data-av_icon='\ue8f3' data-av_iconfont='entypo-fontello' title='' data-avia-related-tooltip='Compartir en Facebook' rel=\"noopener\"><span class='avia_hidden_link_text'>Compartir en Facebook<\/span><\/a><\/li><li class='av-share-link av-social-link-twitter' ><a target=\"_blank\" aria-label=\"Compartir en Twitter\" href='https:\/\/twitter.com\/share?text=Condenan%20a%20imputado%20por%20abuso%20sexual%20de%20su%20conviviente%20en%20Puerto%20Ays%C3%A9n&#038;url=https:\/\/radiorevelacionfm.cl\/?p=55663' aria-hidden='false' data-av_icon='\ue8f1' data-av_iconfont='entypo-fontello' title='' data-avia-related-tooltip='Compartir en Twitter' rel=\"noopener\"><span class='avia_hidden_link_text'>Compartir en Twitter<\/span><\/a><\/li><li class='av-share-link av-social-link-whatsapp' ><a target=\"_blank\" aria-label=\"Compartir en Whatsapp\" href='https:\/\/api.whatsapp.com\/send?text=https:\/\/radiorevelacionfm.cl\/?p=55663' aria-hidden='false' data-av_icon='\uf232' data-av_iconfont='entypo-fontello' title='' data-avia-related-tooltip='Compartir en Whatsapp' rel=\"noopener\"><span class='avia_hidden_link_text'>Compartir en Whatsapp<\/span><\/a><\/li><li class='av-share-link av-social-link-linkedin' ><a target=\"_blank\" aria-label=\"Compartir en LinkedIn\" href='https:\/\/linkedin.com\/shareArticle?mini=true&#038;title=Condenan%20a%20imputado%20por%20abuso%20sexual%20de%20su%20conviviente%20en%20Puerto%20Ays%C3%A9n&#038;url=https:\/\/radiorevelacionfm.cl\/?p=55663' aria-hidden='false' data-av_icon='\ue8fc' data-av_iconfont='entypo-fontello' title='' data-avia-related-tooltip='Compartir en LinkedIn' rel=\"noopener\"><span class='avia_hidden_link_text'>Compartir en LinkedIn<\/span><\/a><\/li><li class='av-share-link av-social-link-mail' ><a  aria-label=\"Compartir por correo\" href='mailto:?subject=Condenan%20a%20imputado%20por%20abuso%20sexual%20de%20su%20conviviente%20en%20Puerto%20Ays%C3%A9n&#038;body=https:\/\/radiorevelacionfm.cl\/?p=55663' aria-hidden='false' data-av_icon='\ue805' data-av_iconfont='entypo-fontello' title='' data-avia-related-tooltip='Compartir por correo'><span class='avia_hidden_link_text'>Compartir por correo<\/span><\/a><\/li><\/ul><\/div><\/div>\n<div  style='height:50px' class='hr hr-invisible   avia-builder-el-8  el_after_av_social_share  el_before_av_comments_list '><span class='hr-inner ' ><span class='hr-inner-style'><\/span><\/span><\/div>\n<div  class='av-buildercomment  av-blog-meta-html-info-disabled av-blog-meta-tag-disabled  '><\/div>\n","protected":false},"excerpt":{"rendered":"","protected":false},"author":1,"featured_media":50142,"comment_status":"closed","ping_status":"closed","sticky":false,"template":"","format":"standard","meta":{"footnotes":""},"categories":[55],"tags":[],"class_list":["post-55663","post","type-post","status-publish","format-standard","has-post-thumbnail","hentry","category-justicia"],"jetpack_featured_media_url":"https:\/\/radiorevelacionfm.cl\/wp-content\/uploads\/2025\/01\/Imputado-1-1-1.jpg","_links":{"self":[{"href":"https:\/\/radiorevelacionfm.cl\/index.php?rest_route=\/wp\/v2\/posts\/55663","targetHints":{"allow":["GET"]}}],"collection":[{"href":"https:\/\/radiorevelacionfm.cl\/index.php?rest_route=\/wp\/v2\/posts"}],"about":[{"href":"https:\/\/radiorevelacionfm.cl\/index.php?rest_route=\/wp\/v2\/types\/post"}],"author":[{"embeddable":true,"href":"https:\/\/radiorevelacionfm.cl\/index.php?rest_route=\/wp\/v2\/users\/1"}],"replies":[{"embeddable":true,"href":"https:\/\/radiorevelacionfm.cl\/index.php?rest_route=%2Fwp%2Fv2%2Fcomments&post=55663"}],"version-history":[{"count":2,"href":"https:\/\/radiorevelacionfm.cl\/index.php?rest_route=\/wp\/v2\/posts\/55663\/revisions"}],"predecessor-version":[{"id":55665,"href":"https:\/\/radiorevelacionfm.cl\/index.php?rest_route=\/wp\/v2\/posts\/55663\/revisions\/55665"}],"wp:featuredmedia":[{"embeddable":true,"href":"https:\/\/radiorevelacionfm.cl\/index.php?rest_route=\/wp\/v2\/media\/50142"}],"wp:attachment":[{"href":"https:\/\/radiorevelacionfm.cl\/index.php?rest_route=%2Fwp%2Fv2%2Fmedia&parent=55663"}],"wp:term":[{"taxonomy":"category","embeddable":true,"href":"https:\/\/radiorevelacionfm.cl\/index.php?rest_route=%2Fwp%2Fv2%2Fcategories&post=55663"},{"taxonomy":"post_tag","embeddable":true,"href":"https:\/\/radiorevelacionfm.cl\/index.php?rest_route=%2Fwp%2Fv2%2Ftags&post=55663"}],"curies":[{"name":"wp","href":"https:\/\/api.w.org\/{rel}","templated":true}]}}