{"id":55660,"date":"2025-06-25T10:16:18","date_gmt":"2025-06-25T13:16:18","guid":{"rendered":"https:\/\/radiorevelacionfm.cl\/?p=55660"},"modified":"2025-06-25T10:16:18","modified_gmt":"2025-06-25T13:16:18","slug":"diputados-calisto-y-alinco-visitan-villa-ohiggins-y-abordan-conflicto-por-alto-cobro-de-los-arriendos-de-terrenos-por-parte-de-bienes-nacionales","status":"publish","type":"post","link":"https:\/\/radiorevelacionfm.cl\/?p=55660","title":{"rendered":"Diputados Calisto y Alinco visitan Villa O&#8217;higgins y abordan conflicto por alto cobro de los arriendos de terrenos por parte de Bienes Nacionales"},"content":{"rendered":"<div class=\"flex_column av_one_full  flex_column_div av-zero-column-padding first  avia-builder-el-0  el_before_av_one_full  avia-builder-el-first  \" style='border-radius:0px; '><div  class='avia-image-container  av-styling-    avia-builder-el-1  avia-builder-el-no-sibling  avia-align-center '  itemprop=\"image\" itemscope=\"itemscope\" itemtype=\"https:\/\/schema.org\/ImageObject\"  ><div class='avia-image-container-inner'><div class='avia-image-overlay-wrap'><img decoding=\"async\" class='wp-image-55661 avia-img-lazy-loading-not-55661 avia_image' src=\"https:\/\/radiorevelacionfm.cl\/wp-content\/uploads\/2025\/06\/foto-reuniOn-campesinos-villa-ohiggins-1_optimized.jpeg\" alt='' title='foto-reuni\u00d3n-campesinos-villa-ohiggins-(1)_optimized' height=\"600\" width=\"800\"  itemprop=\"thumbnailUrl\" srcset=\"https:\/\/radiorevelacionfm.cl\/wp-content\/uploads\/2025\/06\/foto-reuniOn-campesinos-villa-ohiggins-1_optimized.jpeg 800w, https:\/\/radiorevelacionfm.cl\/wp-content\/uploads\/2025\/06\/foto-reuniOn-campesinos-villa-ohiggins-1_optimized-300x225.jpeg 300w, https:\/\/radiorevelacionfm.cl\/wp-content\/uploads\/2025\/06\/foto-reuniOn-campesinos-villa-ohiggins-1_optimized-768x576.jpeg 768w, https:\/\/radiorevelacionfm.cl\/wp-content\/uploads\/2025\/06\/foto-reuniOn-campesinos-villa-ohiggins-1_optimized-705x529.jpeg 705w, https:\/\/radiorevelacionfm.cl\/wp-content\/uploads\/2025\/06\/foto-reuniOn-campesinos-villa-ohiggins-1_optimized-450x338.jpeg 450w, https:\/\/radiorevelacionfm.cl\/wp-content\/uploads\/2025\/06\/foto-reuniOn-campesinos-villa-ohiggins-1_optimized-600x450.jpeg 600w\" sizes=\"(max-width: 800px) 100vw, 800px\" \/><\/div><\/div><\/div><\/div><div class=\"flex_column av_one_full  flex_column_div av-zero-column-padding first  avia-builder-el-2  el_after_av_one_full  el_before_av_one_full  column-top-margin\" style='border-radius:0px; '><section class=\"av_textblock_section \"  itemscope=\"itemscope\" itemtype=\"https:\/\/schema.org\/BlogPosting\" itemprop=\"blogPost\" ><div class='avia_textblock  '   itemprop=\"text\" ><p style=\"text-align: center;\"><strong><span style=\"font-size: 18pt;\">Diputados Calisto y Alinco visitan Villa O&#8217;higgins y abordan conflicto por alto cobro de los arriendos de terrenos por parte de Bienes Nacionales<\/span><\/strong><\/p>\n<div id=\"gtx-trans\" style=\"position: absolute; left: -50px; top: 4.31534px;\">\n<div class=\"gtx-trans-icon\"><\/div>\n<\/div>\n<\/div><\/section><\/div><div class=\"flex_column av_one_full  flex_column_div av-zero-column-padding first  avia-builder-el-4  el_after_av_one_full  el_before_av_hr  column-top-margin\" style='border-radius:0px; '><section class=\"av_textblock_section \"  itemscope=\"itemscope\" itemtype=\"https:\/\/schema.org\/BlogPosting\" itemprop=\"blogPost\" ><div class='avia_textblock  '   itemprop=\"text\" ><p style=\"text-align: justify;\">En un significativo viaje a la comuna de Villa O&#8217;Higgins, los diputados Miguel \u00c1ngel Calisto y Ren\u00e9 Alinco se reunieron con vecinos y autoridades locales para abordar una problem\u00e1tica que afecta directamente la vida de los peque\u00f1os campesinos y la soberan\u00eda nacional: el aumento de los cobros de arriendos por parte de Bienes Nacionales y la falta de valoraci\u00f3n del rol de quienes hacen patria en la zona.<\/p>\n<p style=\"text-align: justify;\">Durante su visita, el diputado Calisto enfatiz\u00f3 la importancia de la presencia y el arraigo en estas zonas de frontera. \u00abHacer patria significa garantizar la soberan\u00eda de Chile. Ellos muchas veces le han ganado a usurpaciones ilegales por parte de argentinos, y eso lamentablemente no se ha valorizado por parte del Estado Central, todo lo contrario, le han aumentado el cobro de impuestos, en lo que se refiere al pago de contribuciones para los que son due\u00f1os de terrenos, y para los que arriendan terrenos fiscales, el costo mensual ha ido en aumento, cuando en realidad los terrenos no tienen productividad\u00bb, sostuvo el parlamentario.<\/p>\n<p style=\"text-align: justify;\">Calisto critic\u00f3 que muchos de los afectados son adultos mayores que, con sus pensiones, deben afrontar estos cobros, calific\u00e1ndolo como un \u00ababuso\u00bb.<\/p>\n<p style=\"text-align: justify;\">La preocupaci\u00f3n por esta situaci\u00f3n fue compartida por el concejal de Villa O&#8217;Higgins, Juan Carlos Mu\u00f1oz, quien agradeci\u00f3 la visita de ambos diputados. \u00abEstamos un poco preocupados de este tema porque en el \u00faltimo tiempo los arriendos de Bienes Nacionales a los peque\u00f1os campesinos han subido mucho. A la gente m\u00e1s esforzada, que m\u00e1s sufre, que m\u00e1s los castiga el clima, m\u00e1s encima los castiga el Estado con los altos cobros de los arriendos. Hoy en d\u00eda se les est\u00e1 haciendo dif\u00edcil llegar a fin de mes con su pago de arriendo\u00bb, manifest\u00f3 Mu\u00f1oz, evidenciando el impacto directo en la econom\u00eda familiar de los habitantes.<\/p>\n<p style=\"text-align: justify;\">Carolina Cisternas, Presidenta de la Asociaci\u00f3n de Campesinos y Campesinas de la comuna, alz\u00f3 la voz en representaci\u00f3n de sus pares, quienes han permanecido \u00abcalladas\u00bb debido a las extremas condiciones de vida en la zona austral. \u00abLes cuento que nosotros no queremos salir de nuestros lugares, necesitamos un apoyo real y espero que esta ayuda vaya con la voz de todos nosotros. Ya no podemos seguir pagando los abusivos arriendos que nos est\u00e1n cobrando. Porque es verdad, es un abuso lo que a nosotros nos est\u00e1n cobrando por hacer soberan\u00eda en estas tierras donde nadie quiere venir a vivir en estas condiciones\u00bb, expres\u00f3 Cisternas.<\/p>\n<p style=\"text-align: justify;\">Ante esta compleja realidad, el diputado Calisto anunci\u00f3 acciones concretas. \u00abNosotros creemos que tiene que haber un r\u00e9gimen especial para las zonas australes, sobre todo para la Comuna O&#8217;Higgins, donde hoy d\u00eda hay reclamaciones lim\u00edtrofes pendientes, es una zona que nosotros tenemos que reforzar, y por eso es que junto con el Diputado Alinco, junto con los vecinos, vamos a presentar esta reclamaci\u00f3n directa al Ministerio de Bienes Nacionales, al Ministerio de Agricultura y tambi\u00e9n a la Canciller\u00eda, porque ac\u00e1 estamos hablando de un argumento de fondo que tiene que ver con la soberan\u00eda regional y nacional\u00bb, concluy\u00f3 el diputado, reafirmando el compromiso de seguir apoyando a los habitantes de Villa O&#8217;Higgins.<\/p>\n<\/div><\/section><\/div><div  style='height:50px' class='hr hr-invisible   avia-builder-el-6  el_after_av_one_full  el_before_av_social_share '><span class='hr-inner ' ><span class='hr-inner-style'><\/span><\/span><\/div><\/p>\n<div  class='av-social-sharing-box  avia-builder-el-7  el_after_av_hr  el_before_av_hr  '><div class='av-share-box'><h5 class='av-share-link-description av-no-toc '>Compartir esta noticia<\/h5><ul class='av-share-box-list noLightbox'><li class='av-share-link av-social-link-facebook' ><a target=\"_blank\" aria-label=\"Compartir en Facebook\" href='https:\/\/www.facebook.com\/sharer.php?u=https:\/\/radiorevelacionfm.cl\/?p=55660&#038;t=Diputados%20Calisto%20y%20Alinco%20visitan%20Villa%20O%E2%80%99higgins%20y%20abordan%20conflicto%20por%20alto%20cobro%20de%20los%20arriendos%20de%20terrenos%20por%20parte%20de%20Bienes%20Nacionales' aria-hidden='false' data-av_icon='\ue8f3' data-av_iconfont='entypo-fontello' title='' data-avia-related-tooltip='Compartir en Facebook' rel=\"noopener\"><span class='avia_hidden_link_text'>Compartir en Facebook<\/span><\/a><\/li><li class='av-share-link av-social-link-twitter' ><a target=\"_blank\" aria-label=\"Compartir en Twitter\" href='https:\/\/twitter.com\/share?text=Diputados%20Calisto%20y%20Alinco%20visitan%20Villa%20O%E2%80%99higgins%20y%20abordan%20conflicto%20por%20alto%20cobro%20de%20los%20arriendos%20de%20terrenos%20por%20parte%20de%20Bienes%20Nacionales&#038;url=https:\/\/radiorevelacionfm.cl\/?p=55660' aria-hidden='false' data-av_icon='\ue8f1' data-av_iconfont='entypo-fontello' title='' data-avia-related-tooltip='Compartir en Twitter' rel=\"noopener\"><span class='avia_hidden_link_text'>Compartir en Twitter<\/span><\/a><\/li><li class='av-share-link av-social-link-whatsapp' ><a target=\"_blank\" aria-label=\"Compartir en Whatsapp\" href='https:\/\/api.whatsapp.com\/send?text=https:\/\/radiorevelacionfm.cl\/?p=55660' aria-hidden='false' data-av_icon='\uf232' data-av_iconfont='entypo-fontello' title='' data-avia-related-tooltip='Compartir en Whatsapp' rel=\"noopener\"><span class='avia_hidden_link_text'>Compartir en Whatsapp<\/span><\/a><\/li><li class='av-share-link av-social-link-linkedin' ><a target=\"_blank\" aria-label=\"Compartir en LinkedIn\" href='https:\/\/linkedin.com\/shareArticle?mini=true&#038;title=Diputados%20Calisto%20y%20Alinco%20visitan%20Villa%20O%E2%80%99higgins%20y%20abordan%20conflicto%20por%20alto%20cobro%20de%20los%20arriendos%20de%20terrenos%20por%20parte%20de%20Bienes%20Nacionales&#038;url=https:\/\/radiorevelacionfm.cl\/?p=55660' aria-hidden='false' data-av_icon='\ue8fc' data-av_iconfont='entypo-fontello' title='' data-avia-related-tooltip='Compartir en LinkedIn' rel=\"noopener\"><span class='avia_hidden_link_text'>Compartir en LinkedIn<\/span><\/a><\/li><li class='av-share-link av-social-link-mail' ><a  aria-label=\"Compartir por correo\" href='mailto:?subject=Diputados%20Calisto%20y%20Alinco%20visitan%20Villa%20O%E2%80%99higgins%20y%20abordan%20conflicto%20por%20alto%20cobro%20de%20los%20arriendos%20de%20terrenos%20por%20parte%20de%20Bienes%20Nacionales&#038;body=https:\/\/radiorevelacionfm.cl\/?p=55660' aria-hidden='false' data-av_icon='\ue805' data-av_iconfont='entypo-fontello' title='' data-avia-related-tooltip='Compartir por correo'><span class='avia_hidden_link_text'>Compartir por correo<\/span><\/a><\/li><\/ul><\/div><\/div>\n<div  style='height:50px' class='hr hr-invisible   avia-builder-el-8  el_after_av_social_share  el_before_av_comments_list '><span class='hr-inner ' ><span class='hr-inner-style'><\/span><\/span><\/div>\n<div  class='av-buildercomment  av-blog-meta-html-info-disabled av-blog-meta-tag-disabled  '><\/div>\n","protected":false},"excerpt":{"rendered":"","protected":false},"author":1,"featured_media":55661,"comment_status":"closed","ping_status":"closed","sticky":false,"template":"","format":"standard","meta":{"footnotes":""},"categories":[35],"tags":[],"class_list":["post-55660","post","type-post","status-publish","format-standard","has-post-thumbnail","hentry","category-politica"],"jetpack_featured_media_url":"https:\/\/radiorevelacionfm.cl\/wp-content\/uploads\/2025\/06\/foto-reuniOn-campesinos-villa-ohiggins-1_optimized.jpeg","_links":{"self":[{"href":"https:\/\/radiorevelacionfm.cl\/index.php?rest_route=\/wp\/v2\/posts\/55660","targetHints":{"allow":["GET"]}}],"collection":[{"href":"https:\/\/radiorevelacionfm.cl\/index.php?rest_route=\/wp\/v2\/posts"}],"about":[{"href":"https:\/\/radiorevelacionfm.cl\/index.php?rest_route=\/wp\/v2\/types\/post"}],"author":[{"embeddable":true,"href":"https:\/\/radiorevelacionfm.cl\/index.php?rest_route=\/wp\/v2\/users\/1"}],"replies":[{"embeddable":true,"href":"https:\/\/radiorevelacionfm.cl\/index.php?rest_route=%2Fwp%2Fv2%2Fcomments&post=55660"}],"version-history":[{"count":2,"href":"https:\/\/radiorevelacionfm.cl\/index.php?rest_route=\/wp\/v2\/posts\/55660\/revisions"}],"predecessor-version":[{"id":55676,"href":"https:\/\/radiorevelacionfm.cl\/index.php?rest_route=\/wp\/v2\/posts\/55660\/revisions\/55676"}],"wp:featuredmedia":[{"embeddable":true,"href":"https:\/\/radiorevelacionfm.cl\/index.php?rest_route=\/wp\/v2\/media\/55661"}],"wp:attachment":[{"href":"https:\/\/radiorevelacionfm.cl\/index.php?rest_route=%2Fwp%2Fv2%2Fmedia&parent=55660"}],"wp:term":[{"taxonomy":"category","embeddable":true,"href":"https:\/\/radiorevelacionfm.cl\/index.php?rest_route=%2Fwp%2Fv2%2Fcategories&post=55660"},{"taxonomy":"post_tag","embeddable":true,"href":"https:\/\/radiorevelacionfm.cl\/index.php?rest_route=%2Fwp%2Fv2%2Ftags&post=55660"}],"curies":[{"name":"wp","href":"https:\/\/api.w.org\/{rel}","templated":true}]}}