{"id":5566,"date":"2021-06-23T17:53:51","date_gmt":"2021-06-23T20:53:51","guid":{"rendered":"https:\/\/radiorevelacionfm.cl\/?p=5566"},"modified":"2021-06-23T17:53:51","modified_gmt":"2021-06-23T20:53:51","slug":"hospitalizacion-domiciliaria-hrc-mas-de-mil-pacientes-han-sido-atendidos-en-sus-hogares-durante-la-pandemia","status":"publish","type":"post","link":"https:\/\/radiorevelacionfm.cl\/?p=5566","title":{"rendered":"Hospitalizaci\u00f3n Domiciliaria HRC: M\u00e1s de mil pacientes han sido atendidos en sus hogares durante la pandemia"},"content":{"rendered":"<div class=\"flex_column av_one_full  flex_column_div av-zero-column-padding first  avia-builder-el-0  el_before_av_one_full  avia-builder-el-first  \" style='border-radius:0px; '><div  class='avia-image-container  av-styling-    avia-builder-el-1  avia-builder-el-no-sibling  avia-align-center '  itemprop=\"image\" itemscope=\"itemscope\" itemtype=\"https:\/\/schema.org\/ImageObject\"  ><div class='avia-image-container-inner'><div class='avia-image-overlay-wrap'><img decoding=\"async\" class='wp-image-5567 avia-img-lazy-loading-not-5567 avia_image' src=\"https:\/\/radiorevelacionfm.cl\/wp-content\/uploads\/2021\/06\/Hospitalizacon-Domiciliaria-2-1.jpg\" alt='' title='Hospitalizacon Domiciliaria (2) (1)' height=\"576\" width=\"1024\"  itemprop=\"thumbnailUrl\" srcset=\"https:\/\/radiorevelacionfm.cl\/wp-content\/uploads\/2021\/06\/Hospitalizacon-Domiciliaria-2-1.jpg 1024w, https:\/\/radiorevelacionfm.cl\/wp-content\/uploads\/2021\/06\/Hospitalizacon-Domiciliaria-2-1-300x169.jpg 300w, https:\/\/radiorevelacionfm.cl\/wp-content\/uploads\/2021\/06\/Hospitalizacon-Domiciliaria-2-1-768x432.jpg 768w, https:\/\/radiorevelacionfm.cl\/wp-content\/uploads\/2021\/06\/Hospitalizacon-Domiciliaria-2-1-705x397.jpg 705w, https:\/\/radiorevelacionfm.cl\/wp-content\/uploads\/2021\/06\/Hospitalizacon-Domiciliaria-2-1-600x338.jpg 600w\" sizes=\"(max-width: 1024px) 100vw, 1024px\" \/><\/div><\/div><\/div><\/div><div class=\"flex_column av_one_full  flex_column_div av-zero-column-padding first  avia-builder-el-2  el_after_av_one_full  el_before_av_one_full  column-top-margin\" style='border-radius:0px; '><section class=\"av_textblock_section \"  itemscope=\"itemscope\" itemtype=\"https:\/\/schema.org\/BlogPosting\" itemprop=\"blogPost\" ><div class='avia_textblock  '   itemprop=\"text\" ><p style=\"text-align: center;\"><span style=\"font-size: 18pt;\"><strong>Hospitalizaci\u00f3n Domiciliaria HRC: M\u00e1s de mil pacientes han sido atendidos en sus hogares durante la pandemia<\/strong><\/span><\/p>\n<div id=\"gtx-trans\" style=\"position: absolute; left: -50px; top: 4.31534px;\">\n<div class=\"gtx-trans-icon\"><\/div>\n<\/div>\n<\/div><\/section><\/div><div class=\"flex_column av_one_full  flex_column_div av-zero-column-padding first  avia-builder-el-4  el_after_av_one_full  el_before_av_hr  column-top-margin\" style='border-radius:0px; '><section class=\"av_textblock_section \"  itemscope=\"itemscope\" itemtype=\"https:\/\/schema.org\/BlogPosting\" itemprop=\"blogPost\" ><div class='avia_textblock  '   itemprop=\"text\" ><p style=\"text-align: justify;\">Hace dos a\u00f1os, Daniel Sandoval sufri\u00f3 la amputaci\u00f3n de un dedo del pie, producto de una diabetes avanzada, situaci\u00f3n que lo ha llevado a ser, de manera intermitente, paciente de Hospitalizaci\u00f3n Domiciliaria, unidad del Hospital Regional Coyhaique cuyo objetivo es atender a pacientes con patolog\u00edas que si bien son de cuidado, no implican que la persona deba estar internada en un hospital.<\/p>\n<p style=\"text-align: justify;\">\u201cNada que decir de ellos, he sido bien atendido, son s\u00faper preocupados. M\u00e1s que curaciones, me han ayudado a llevar la situaci\u00f3n. Estoy muy agradecido de todos, contento porque estoy en mi casa. Me ha tocado estar hospitalizado y el hospital es aburrido, m\u00e1s ahora como est\u00e1 la situaci\u00f3n\u201d, cuenta don Daniel, uno de los m\u00e1s de mil pacientes que han sido atendidos por la Unidad de Hospitalizaci\u00f3n Domiciliaria (UHD) durante esta pandemia.<\/p>\n<p style=\"text-align: justify;\">El rol de la UHD ha sido clave durante la emergencia sanitaria, no s\u00f3lo porque ha logrado liberar un total de 9.910 d\u00edas\/cama, lo que permite mantener espacios disponibles para pacientes COVID y No COVID, sino tambi\u00e9n han realizado m\u00e1s de 10 mil atenciones, beneficiando a 1.066 usuarios con problemas puntuales de salud, con un tratamiento limitado en el tiempo. En efecto, ha sido un pilar fundamental en el proceso de rehabilitaci\u00f3n de pacientes COVID que estuvieron intubados (traqueostomizados).<\/p>\n<p style=\"text-align: justify;\">\u00abHemos podido hacer lo mismo que en el Hospital, pero ac\u00e1, en el servicio domiciliario, con una buena respuesta. Adem\u00e1s, as\u00ed conocemos la realidad del paciente dentro de su hogar, d\u00e1ndole unos peque\u00f1os tips para que pueda manejar el ambiente y poder ayudar a su mismo seguimiento, observando los factores sociales de la enfermedad que tambi\u00e9n inciden en su buena evoluci\u00f3n\u201d, explica Daniel Jim\u00e9nez, uno de los cuatro m\u00e9dicos que se desempe\u00f1an en la UHD.<\/p>\n<p style=\"text-align: justify;\">Para lograr ese funcionamiento, el equipo de Hospitalizaci\u00f3n Domiciliaria a contar de marzo del a\u00f1o pasado, sufri\u00f3 profundas transformaciones, gracias a lo que lograron aumentar su producci\u00f3n, lo que ha significado un respiro para los pacientes y sus familias debido a la imposibilidad de realizar visitas al establecimiento producto de la pandemia, lo que tambi\u00e9n ayuda a su recuperaci\u00f3n por la cercan\u00eda de su entorno familiar.<\/p>\n<p style=\"text-align: justify;\"><strong>TRANSFORMACIONES<\/strong><\/p>\n<p style=\"text-align: justify;\">En el contexto de la pandemia, este dispositivo del HRC duplic\u00f3 su personal, pasando de 7 profesionales (2019) a quince en el a\u00f1o 2020, contando con un equipo multidisciplinario compuesto por m\u00e9dicos (4), enfermeras (4), TENS (4), kinesi\u00f3logos (2) y una fonoaudi\u00f3loga. Adem\u00e1s, ampliaron los d\u00edas de atenci\u00f3n: antes era de lunes a viernes, mientras que ahora, se realizan visitas domiciliarias los 7 d\u00edas de la semana.<\/p>\n<p style=\"text-align: justify;\">Dado el incremento en la atenci\u00f3n de cupos, se adquirieron tambi\u00e9n portasueros, monitores de signos vitales e insumos para curaciones avanzadas y dar cobertura a las atenciones requeridas por los pacientes, incluyendo dos minibuses, donde se traslada diariamente al equipo multidisciplinario.<\/p>\n<p style=\"text-align: justify;\">\u201cSi bien nuestra adaptaci\u00f3n no fue tan notoria como en otras unidades, hemos pasado a atender pacientes m\u00e1s complejos y con un enfoque multidisciplinario. Antes ten\u00edamos usuarios que requer\u00edan la atenci\u00f3n de uno u otro profesional, pero ahora vienen destinados para ser atendidos por el equipo completo\u201d, precis\u00f3 Jos\u00e9 Francisco Butorovic, m\u00e9dico jefe de Hospitalizaci\u00f3n Domiciliaria.<\/p>\n<p style=\"text-align: justify;\">El Dr. Butorovic enfatiz\u00f3 en la reconversi\u00f3n que han tenido no s\u00f3lo como equipo, sino en el incremento en la oferta de prestaciones, lo que se traduce en mayor n\u00famero de d\u00edas\/cama disponibles dentro del Hospital Regional Coyhaique. \u201cNuestro \u00edndice ocupacional aument\u00f3 a un 90%, ahora tenemos m\u00e1s cupos de atenci\u00f3n disponibles. Somos una unidad que no ha parado desde que comenz\u00f3 la pandemia\u201d, sostuvo.<\/p>\n<p style=\"text-align: justify;\">Por su parte, Claudia Pozo, enfermera jefe de Hospitalizaci\u00f3n Domiciliaria, indic\u00f3 que los pacientes que son atendidos en esta unidad, son derivados mayormente de los servicios de Medicina, Cirug\u00eda y Urgencia mediante de una interconsulta emitida por su m\u00e9dico tratante.<\/p>\n<p style=\"text-align: justify;\">\u201cNos env\u00edan los datos del paciente, hacemos una pauta y evaluamos sus condiciones de vivienda y psicosociales. Cuando se trata de adultos mayores o dependientes severos necesitamos que haya un cuidador de forma permanente. Una vez evaluadas esas condiciones y cuando el paciente ya est\u00e1 en casa, coordinamos la visita\u201d, detalla la enfermera jefe.<\/p>\n<p style=\"text-align: justify;\">La profesional agrega que a la fecha se han atendido 25 pacientes COVID en proceso de recuperaci\u00f3n, la mayor\u00eda derivados desde Unidad de Paciente Cr\u00edtico que requirieron traqueotom\u00eda y quedaron con secuelas de la enfermedad, teniendo que recibir rehabilitaci\u00f3n kin\u00e9sica, motora, respiratoria y atenci\u00f3n fonoaudiol\u00f3gica. \u201cLos pacientes se encuentran s\u00faper agradecidos de que vayamos a sus domicilios, y no tener que estar en condiciones de aislamiento, sin contacto con la familia. Est\u00e1n muy contentos de recibir las prestaciones de enfermer\u00eda y de todos los funcionarios de la unidad\u201d, sostuvo.<\/p>\n<\/div><\/section><\/div><div  style='height:50px' class='hr hr-invisible   avia-builder-el-6  el_after_av_one_full  el_before_av_social_share '><span class='hr-inner ' ><span class='hr-inner-style'><\/span><\/span><\/div><\/p>\n<div  class='av-social-sharing-box  avia-builder-el-7  el_after_av_hr  el_before_av_hr  '><div class='av-share-box'><h5 class='av-share-link-description av-no-toc '>Compartir esta noticia<\/h5><ul class='av-share-box-list noLightbox'><li class='av-share-link av-social-link-facebook' ><a target=\"_blank\" aria-label=\"Compartir en Facebook\" href='https:\/\/www.facebook.com\/sharer.php?u=https:\/\/radiorevelacionfm.cl\/?p=5566&#038;t=Hospitalizaci%C3%B3n%20Domiciliaria%20HRC%3A%20M%C3%A1s%20de%20mil%20pacientes%20han%20sido%20atendidos%20en%20sus%20hogares%20durante%20la%20pandemia' aria-hidden='false' data-av_icon='\ue8f3' data-av_iconfont='entypo-fontello' title='' data-avia-related-tooltip='Compartir en Facebook' rel=\"noopener\"><span class='avia_hidden_link_text'>Compartir en Facebook<\/span><\/a><\/li><li class='av-share-link av-social-link-twitter' ><a target=\"_blank\" aria-label=\"Compartir en Twitter\" href='https:\/\/twitter.com\/share?text=Hospitalizaci%C3%B3n%20Domiciliaria%20HRC%3A%20M%C3%A1s%20de%20mil%20pacientes%20han%20sido%20atendidos%20en%20sus%20hogares%20durante%20la%20pandemia&#038;url=https:\/\/radiorevelacionfm.cl\/?p=5566' aria-hidden='false' data-av_icon='\ue8f1' data-av_iconfont='entypo-fontello' title='' data-avia-related-tooltip='Compartir en Twitter' rel=\"noopener\"><span class='avia_hidden_link_text'>Compartir en Twitter<\/span><\/a><\/li><li class='av-share-link av-social-link-whatsapp' ><a target=\"_blank\" aria-label=\"Compartir en Whatsapp\" href='https:\/\/api.whatsapp.com\/send?text=https:\/\/radiorevelacionfm.cl\/?p=5566' aria-hidden='false' data-av_icon='\uf232' data-av_iconfont='entypo-fontello' title='' data-avia-related-tooltip='Compartir en Whatsapp' rel=\"noopener\"><span class='avia_hidden_link_text'>Compartir en Whatsapp<\/span><\/a><\/li><li class='av-share-link av-social-link-linkedin' ><a target=\"_blank\" aria-label=\"Compartir en LinkedIn\" href='https:\/\/linkedin.com\/shareArticle?mini=true&#038;title=Hospitalizaci%C3%B3n%20Domiciliaria%20HRC%3A%20M%C3%A1s%20de%20mil%20pacientes%20han%20sido%20atendidos%20en%20sus%20hogares%20durante%20la%20pandemia&#038;url=https:\/\/radiorevelacionfm.cl\/?p=5566' aria-hidden='false' data-av_icon='\ue8fc' data-av_iconfont='entypo-fontello' title='' data-avia-related-tooltip='Compartir en LinkedIn' rel=\"noopener\"><span class='avia_hidden_link_text'>Compartir en LinkedIn<\/span><\/a><\/li><li class='av-share-link av-social-link-mail' ><a  aria-label=\"Compartir por correo\" href='mailto:?subject=Hospitalizaci%C3%B3n%20Domiciliaria%20HRC%3A%20M%C3%A1s%20de%20mil%20pacientes%20han%20sido%20atendidos%20en%20sus%20hogares%20durante%20la%20pandemia&#038;body=https:\/\/radiorevelacionfm.cl\/?p=5566' aria-hidden='false' data-av_icon='\ue805' data-av_iconfont='entypo-fontello' title='' data-avia-related-tooltip='Compartir por correo'><span class='avia_hidden_link_text'>Compartir por correo<\/span><\/a><\/li><\/ul><\/div><\/div>\n<div  style='height:50px' class='hr hr-invisible   avia-builder-el-8  el_after_av_social_share  el_before_av_comments_list '><span class='hr-inner ' ><span class='hr-inner-style'><\/span><\/span><\/div>\n<div  class='av-buildercomment  av-blog-meta-html-info-disabled av-blog-meta-tag-disabled  '><\/div>\n","protected":false},"excerpt":{"rendered":"","protected":false},"author":1,"featured_media":5567,"comment_status":"open","ping_status":"open","sticky":false,"template":"","format":"standard","meta":{"footnotes":""},"categories":[46],"tags":[],"class_list":["post-5566","post","type-post","status-publish","format-standard","has-post-thumbnail","hentry","category-salud"],"jetpack_featured_media_url":"https:\/\/radiorevelacionfm.cl\/wp-content\/uploads\/2021\/06\/Hospitalizacon-Domiciliaria-2-1.jpg","_links":{"self":[{"href":"https:\/\/radiorevelacionfm.cl\/index.php?rest_route=\/wp\/v2\/posts\/5566","targetHints":{"allow":["GET"]}}],"collection":[{"href":"https:\/\/radiorevelacionfm.cl\/index.php?rest_route=\/wp\/v2\/posts"}],"about":[{"href":"https:\/\/radiorevelacionfm.cl\/index.php?rest_route=\/wp\/v2\/types\/post"}],"author":[{"embeddable":true,"href":"https:\/\/radiorevelacionfm.cl\/index.php?rest_route=\/wp\/v2\/users\/1"}],"replies":[{"embeddable":true,"href":"https:\/\/radiorevelacionfm.cl\/index.php?rest_route=%2Fwp%2Fv2%2Fcomments&post=5566"}],"version-history":[{"count":1,"href":"https:\/\/radiorevelacionfm.cl\/index.php?rest_route=\/wp\/v2\/posts\/5566\/revisions"}],"predecessor-version":[{"id":5568,"href":"https:\/\/radiorevelacionfm.cl\/index.php?rest_route=\/wp\/v2\/posts\/5566\/revisions\/5568"}],"wp:featuredmedia":[{"embeddable":true,"href":"https:\/\/radiorevelacionfm.cl\/index.php?rest_route=\/wp\/v2\/media\/5567"}],"wp:attachment":[{"href":"https:\/\/radiorevelacionfm.cl\/index.php?rest_route=%2Fwp%2Fv2%2Fmedia&parent=5566"}],"wp:term":[{"taxonomy":"category","embeddable":true,"href":"https:\/\/radiorevelacionfm.cl\/index.php?rest_route=%2Fwp%2Fv2%2Fcategories&post=5566"},{"taxonomy":"post_tag","embeddable":true,"href":"https:\/\/radiorevelacionfm.cl\/index.php?rest_route=%2Fwp%2Fv2%2Ftags&post=5566"}],"curies":[{"name":"wp","href":"https:\/\/api.w.org\/{rel}","templated":true}]}}