{"id":55656,"date":"2025-06-24T15:08:52","date_gmt":"2025-06-24T18:08:52","guid":{"rendered":"https:\/\/radiorevelacionfm.cl\/?p=55656"},"modified":"2025-06-24T15:08:52","modified_gmt":"2025-06-24T18:08:52","slug":"dan-luz-verde-para-pavimentacion-en-ruta-7-se-adjudican-165-km-entre-laguna-verde-y-alcantarilla-la-cascada","status":"publish","type":"post","link":"https:\/\/radiorevelacionfm.cl\/?p=55656","title":{"rendered":"Dan luz verde para pavimentaci\u00f3n en Ruta 7: Se adjudican 16,5 km entre Laguna Verde y alcantarilla La Cascada"},"content":{"rendered":"<div class=\"flex_column av_one_full  flex_column_div av-zero-column-padding first  avia-builder-el-0  el_before_av_one_full  avia-builder-el-first  \" style='border-radius:0px; '><div  class='avia-image-container  av-styling-    avia-builder-el-1  avia-builder-el-no-sibling  avia-align-center '  itemprop=\"image\" itemscope=\"itemscope\" itemtype=\"https:\/\/schema.org\/ImageObject\"  ><div class='avia-image-container-inner'><div class='avia-image-overlay-wrap'><img decoding=\"async\" class='wp-image-55657 avia-img-lazy-loading-not-55657 avia_image' src=\"https:\/\/radiorevelacionfm.cl\/wp-content\/uploads\/2025\/06\/dji_0067-1_optimized.jpg\" alt='' title='dji_0067-(1)_optimized' height=\"600\" width=\"1067\"  itemprop=\"thumbnailUrl\" srcset=\"https:\/\/radiorevelacionfm.cl\/wp-content\/uploads\/2025\/06\/dji_0067-1_optimized.jpg 1067w, https:\/\/radiorevelacionfm.cl\/wp-content\/uploads\/2025\/06\/dji_0067-1_optimized-300x169.jpg 300w, https:\/\/radiorevelacionfm.cl\/wp-content\/uploads\/2025\/06\/dji_0067-1_optimized-1030x579.jpg 1030w, https:\/\/radiorevelacionfm.cl\/wp-content\/uploads\/2025\/06\/dji_0067-1_optimized-768x432.jpg 768w, https:\/\/radiorevelacionfm.cl\/wp-content\/uploads\/2025\/06\/dji_0067-1_optimized-705x396.jpg 705w, https:\/\/radiorevelacionfm.cl\/wp-content\/uploads\/2025\/06\/dji_0067-1_optimized-450x253.jpg 450w, https:\/\/radiorevelacionfm.cl\/wp-content\/uploads\/2025\/06\/dji_0067-1_optimized-600x337.jpg 600w\" sizes=\"(max-width: 1067px) 100vw, 1067px\" \/><\/div><\/div><\/div><\/div><div class=\"flex_column av_one_full  flex_column_div av-zero-column-padding first  avia-builder-el-2  el_after_av_one_full  el_before_av_one_full  column-top-margin\" style='border-radius:0px; '><section class=\"av_textblock_section \"  itemscope=\"itemscope\" itemtype=\"https:\/\/schema.org\/BlogPosting\" itemprop=\"blogPost\" ><div class='avia_textblock  '   itemprop=\"text\" ><p style=\"text-align: center;\"><strong><span style=\"font-size: 18pt;\">Dan luz verde para pavimentaci\u00f3n en Ruta 7: Se adjudican 16,5 km entre Laguna Verde y alcantarilla La Cascada<\/span><\/strong><\/p>\n<div id=\"gtx-trans\" style=\"position: absolute; left: -50px; top: 4.31534px;\">\n<div class=\"gtx-trans-icon\"><\/div>\n<\/div>\n<\/div><\/section><\/div><div class=\"flex_column av_one_full  flex_column_div av-zero-column-padding first  avia-builder-el-4  el_after_av_one_full  el_before_av_hr  column-top-margin\" style='border-radius:0px; '><section class=\"av_textblock_section \"  itemscope=\"itemscope\" itemtype=\"https:\/\/schema.org\/BlogPosting\" itemprop=\"blogPost\" ><div class='avia_textblock  '   itemprop=\"text\" ><ul>\n<li style=\"text-align: justify;\"><em>La toma de raz\u00f3n de este tramo por parte de la Contralor\u00eda deja el compromiso presidencial de pavimentar 140 kil\u00f3metros de la Ruta 7 con m\u00e1s de 33 kil\u00f3metros en obras en ejecuci\u00f3n y m\u00e1s de 30 en procesos administrativos para lograr la adjudicaci\u00f3n del proyecto.<\/em><\/li>\n<\/ul>\n<p style=\"text-align: justify;\">En una noticia largamente esperada por el Ministerio de Obras P\u00fablicas, la Contralor\u00eda General de la Rep\u00fablica tom\u00f3 raz\u00f3n de la adjudicaci\u00f3n del contrato correspondiente al tramo Laguna Verde \u2013 Alcantarilla La Cascada, en la Ruta 7.<\/p>\n<p style=\"text-align: justify;\">La obra contempla la pavimentaci\u00f3n de 16,5 kil\u00f3metros en la comuna de R\u00edo Ib\u00e1\u00f1ez, provincia de General Carrera, y forma parte del compromiso presidencial de intervenir m\u00e1s de 140 kil\u00f3metros de esta ruta en las regiones de Los Lagos y Ays\u00e9n.<\/p>\n<p style=\"text-align: justify;\">\u201cEl d\u00eda de hoy, la Contralor\u00eda General de la Rep\u00fablica tom\u00f3 raz\u00f3n para la adjudicaci\u00f3n del contrato Laguna Verde &#8211; Alcantarilla La Cascada. Estos 16,5 kil\u00f3metros vienen a sumarse al compromiso presidencial de abordar 140 kil\u00f3metros de nuestra Ruta 7 en la regi\u00f3n de Los Lagos y la regi\u00f3n de Ays\u00e9n\u201d, se\u00f1al\u00f3 la seremi del MOP en Ays\u00e9n, Paloma Jara.<\/p>\n<p style=\"text-align: justify;\">Por su parte, el director regional de Vialidad del MOP en Ays\u00e9n, Renzo Sanders, entreg\u00f3 detalles t\u00e9cnicos de la obra: \u201cSe trata de 16,5 kil\u00f3metros desde el fin del pavimento hacia el sur. Es una obra por $39.200 millones de pesos y esta vez se est\u00e1 adjudicando a la empresa consultora FLESAN. En este tramo tambi\u00e9n consideramos la construcci\u00f3n del nuevo puente El Manso\u201d.<\/p>\n<p style=\"text-align: justify;\">El proyecto no solo mejorar\u00e1 la conectividad terrestre, sino que tambi\u00e9n traer\u00e1 beneficios sociales y econ\u00f3micos para la zona. As\u00ed lo destac\u00f3 el delegado presidencial provincial de General Carrera, Crist\u00f3bal Barcel\u00f3:<\/p>\n<p style=\"text-align: justify;\">\u201cEstas son excelentes noticias para la provincia de General Carrera. Esta obra va a beneficiar directamente a la comunidad, primero aportando a la conectividad de nuestra principal arteria regional, la Ruta 7. Adem\u00e1s de eso, impulsa la reactivaci\u00f3n econ\u00f3mica local, apoya al turismo que estamos desarrollando como regi\u00f3n y, por supuesto, a toda la comuna de R\u00edo Ib\u00e1\u00f1ez, que se va a ver directamente beneficiada. Con esto seguimos cumpliendo el compromiso de nuestro presidente, Gabriel Boric Font, en la conectividad de nuestra regi\u00f3n de Ays\u00e9n\u201d.<\/p>\n<p style=\"text-align: justify;\">La toma de raz\u00f3n de este tramo por parte de la Contralor\u00eda deja el compromiso presidencial de pavimentar 140 kil\u00f3metros de la Ruta 7 con m\u00e1s de 33 kil\u00f3metros en obras en ejecuci\u00f3n y m\u00e1s de 30 en procesos administrativos para lograr la adjudicaci\u00f3n del proyecto.<\/p>\n<\/div><\/section><\/div><div  style='height:50px' class='hr hr-invisible   avia-builder-el-6  el_after_av_one_full  el_before_av_social_share '><span class='hr-inner ' ><span class='hr-inner-style'><\/span><\/span><\/div><\/p>\n<div  class='av-social-sharing-box  avia-builder-el-7  el_after_av_hr  el_before_av_hr  '><div class='av-share-box'><h5 class='av-share-link-description av-no-toc '>Compartir esta noticia<\/h5><ul class='av-share-box-list noLightbox'><li class='av-share-link av-social-link-facebook' ><a target=\"_blank\" aria-label=\"Compartir en Facebook\" href='https:\/\/www.facebook.com\/sharer.php?u=https:\/\/radiorevelacionfm.cl\/?p=55656&#038;t=Dan%20luz%20verde%20para%20pavimentaci%C3%B3n%20en%20Ruta%207%3A%20Se%20adjudican%2016%2C5%20km%20entre%20Laguna%20Verde%20y%20alcantarilla%20La%20Cascada' aria-hidden='false' data-av_icon='\ue8f3' data-av_iconfont='entypo-fontello' title='' data-avia-related-tooltip='Compartir en Facebook' rel=\"noopener\"><span class='avia_hidden_link_text'>Compartir en Facebook<\/span><\/a><\/li><li class='av-share-link av-social-link-twitter' ><a target=\"_blank\" aria-label=\"Compartir en Twitter\" href='https:\/\/twitter.com\/share?text=Dan%20luz%20verde%20para%20pavimentaci%C3%B3n%20en%20Ruta%207%3A%20Se%20adjudican%2016%2C5%20km%20entre%20Laguna%20Verde%20y%20alcantarilla%20La%20Cascada&#038;url=https:\/\/radiorevelacionfm.cl\/?p=55656' aria-hidden='false' data-av_icon='\ue8f1' data-av_iconfont='entypo-fontello' title='' data-avia-related-tooltip='Compartir en Twitter' rel=\"noopener\"><span class='avia_hidden_link_text'>Compartir en Twitter<\/span><\/a><\/li><li class='av-share-link av-social-link-whatsapp' ><a target=\"_blank\" aria-label=\"Compartir en Whatsapp\" href='https:\/\/api.whatsapp.com\/send?text=https:\/\/radiorevelacionfm.cl\/?p=55656' aria-hidden='false' data-av_icon='\uf232' data-av_iconfont='entypo-fontello' title='' data-avia-related-tooltip='Compartir en Whatsapp' rel=\"noopener\"><span class='avia_hidden_link_text'>Compartir en Whatsapp<\/span><\/a><\/li><li class='av-share-link av-social-link-linkedin' ><a target=\"_blank\" aria-label=\"Compartir en LinkedIn\" href='https:\/\/linkedin.com\/shareArticle?mini=true&#038;title=Dan%20luz%20verde%20para%20pavimentaci%C3%B3n%20en%20Ruta%207%3A%20Se%20adjudican%2016%2C5%20km%20entre%20Laguna%20Verde%20y%20alcantarilla%20La%20Cascada&#038;url=https:\/\/radiorevelacionfm.cl\/?p=55656' aria-hidden='false' data-av_icon='\ue8fc' data-av_iconfont='entypo-fontello' title='' data-avia-related-tooltip='Compartir en LinkedIn' rel=\"noopener\"><span class='avia_hidden_link_text'>Compartir en LinkedIn<\/span><\/a><\/li><li class='av-share-link av-social-link-mail' ><a  aria-label=\"Compartir por correo\" href='mailto:?subject=Dan%20luz%20verde%20para%20pavimentaci%C3%B3n%20en%20Ruta%207%3A%20Se%20adjudican%2016%2C5%20km%20entre%20Laguna%20Verde%20y%20alcantarilla%20La%20Cascada&#038;body=https:\/\/radiorevelacionfm.cl\/?p=55656' aria-hidden='false' data-av_icon='\ue805' data-av_iconfont='entypo-fontello' title='' data-avia-related-tooltip='Compartir por correo'><span class='avia_hidden_link_text'>Compartir por correo<\/span><\/a><\/li><\/ul><\/div><\/div>\n<div  style='height:50px' class='hr hr-invisible   avia-builder-el-8  el_after_av_social_share  el_before_av_comments_list '><span class='hr-inner ' ><span class='hr-inner-style'><\/span><\/span><\/div>\n<div  class='av-buildercomment  av-blog-meta-html-info-disabled av-blog-meta-tag-disabled  '><\/div>\n","protected":false},"excerpt":{"rendered":"","protected":false},"author":1,"featured_media":55657,"comment_status":"closed","ping_status":"closed","sticky":false,"template":"","format":"standard","meta":{"footnotes":""},"categories":[38],"tags":[],"class_list":["post-55656","post","type-post","status-publish","format-standard","has-post-thumbnail","hentry","category-regional"],"jetpack_featured_media_url":"https:\/\/radiorevelacionfm.cl\/wp-content\/uploads\/2025\/06\/dji_0067-1_optimized.jpg","_links":{"self":[{"href":"https:\/\/radiorevelacionfm.cl\/index.php?rest_route=\/wp\/v2\/posts\/55656","targetHints":{"allow":["GET"]}}],"collection":[{"href":"https:\/\/radiorevelacionfm.cl\/index.php?rest_route=\/wp\/v2\/posts"}],"about":[{"href":"https:\/\/radiorevelacionfm.cl\/index.php?rest_route=\/wp\/v2\/types\/post"}],"author":[{"embeddable":true,"href":"https:\/\/radiorevelacionfm.cl\/index.php?rest_route=\/wp\/v2\/users\/1"}],"replies":[{"embeddable":true,"href":"https:\/\/radiorevelacionfm.cl\/index.php?rest_route=%2Fwp%2Fv2%2Fcomments&post=55656"}],"version-history":[{"count":2,"href":"https:\/\/radiorevelacionfm.cl\/index.php?rest_route=\/wp\/v2\/posts\/55656\/revisions"}],"predecessor-version":[{"id":55659,"href":"https:\/\/radiorevelacionfm.cl\/index.php?rest_route=\/wp\/v2\/posts\/55656\/revisions\/55659"}],"wp:featuredmedia":[{"embeddable":true,"href":"https:\/\/radiorevelacionfm.cl\/index.php?rest_route=\/wp\/v2\/media\/55657"}],"wp:attachment":[{"href":"https:\/\/radiorevelacionfm.cl\/index.php?rest_route=%2Fwp%2Fv2%2Fmedia&parent=55656"}],"wp:term":[{"taxonomy":"category","embeddable":true,"href":"https:\/\/radiorevelacionfm.cl\/index.php?rest_route=%2Fwp%2Fv2%2Fcategories&post=55656"},{"taxonomy":"post_tag","embeddable":true,"href":"https:\/\/radiorevelacionfm.cl\/index.php?rest_route=%2Fwp%2Fv2%2Ftags&post=55656"}],"curies":[{"name":"wp","href":"https:\/\/api.w.org\/{rel}","templated":true}]}}