{"id":55653,"date":"2025-06-25T10:10:24","date_gmt":"2025-06-25T13:10:24","guid":{"rendered":"https:\/\/radiorevelacionfm.cl\/?p=55653"},"modified":"2025-06-25T10:10:24","modified_gmt":"2025-06-25T13:10:24","slug":"culturas-aysen-fomenta-la-lectura-con-sus-dialogos-en-movimiento","status":"publish","type":"post","link":"https:\/\/radiorevelacionfm.cl\/?p=55653","title":{"rendered":"Culturas Ays\u00e9n fomenta la lectura con sus Di\u00e1logos en Movimiento"},"content":{"rendered":"<div class=\"flex_column av_one_full  flex_column_div av-zero-column-padding first  avia-builder-el-0  el_before_av_one_full  avia-builder-el-first  \" style='border-radius:0px; '><div  class='avia-image-container  av-styling-    avia-builder-el-1  avia-builder-el-no-sibling  avia-align-center '  itemprop=\"image\" itemscope=\"itemscope\" itemtype=\"https:\/\/schema.org\/ImageObject\"  ><div class='avia-image-container-inner'><div class='avia-image-overlay-wrap'><img decoding=\"async\" class='wp-image-55654 avia-img-lazy-loading-not-55654 avia_image' src=\"https:\/\/radiorevelacionfm.cl\/wp-content\/uploads\/2025\/06\/dialogos-en-movimiento4-1-1.jpg\" alt='' title='dialogos en movimiento4 (1) (1)' height=\"600\" width=\"900\"  itemprop=\"thumbnailUrl\" srcset=\"https:\/\/radiorevelacionfm.cl\/wp-content\/uploads\/2025\/06\/dialogos-en-movimiento4-1-1.jpg 900w, https:\/\/radiorevelacionfm.cl\/wp-content\/uploads\/2025\/06\/dialogos-en-movimiento4-1-1-300x200.jpg 300w, https:\/\/radiorevelacionfm.cl\/wp-content\/uploads\/2025\/06\/dialogos-en-movimiento4-1-1-768x512.jpg 768w, https:\/\/radiorevelacionfm.cl\/wp-content\/uploads\/2025\/06\/dialogos-en-movimiento4-1-1-705x470.jpg 705w, https:\/\/radiorevelacionfm.cl\/wp-content\/uploads\/2025\/06\/dialogos-en-movimiento4-1-1-450x300.jpg 450w, https:\/\/radiorevelacionfm.cl\/wp-content\/uploads\/2025\/06\/dialogos-en-movimiento4-1-1-600x400.jpg 600w\" sizes=\"(max-width: 900px) 100vw, 900px\" \/><\/div><\/div><\/div><\/div><div class=\"flex_column av_one_full  flex_column_div av-zero-column-padding first  avia-builder-el-2  el_after_av_one_full  el_before_av_one_full  column-top-margin\" style='border-radius:0px; '><section class=\"av_textblock_section \"  itemscope=\"itemscope\" itemtype=\"https:\/\/schema.org\/BlogPosting\" itemprop=\"blogPost\" ><div class='avia_textblock  '   itemprop=\"text\" ><p style=\"text-align: center;\"><span style=\"font-size: 18pt;\"><b>Culturas Ays\u00e9n fomenta la lectura con sus Di\u00e1logos en Movimiento<\/b><\/span><\/p>\n<div id=\"gtx-trans\" style=\"position: absolute; left: -50px; top: 4.31534px;\">\n<div class=\"gtx-trans-icon\"><\/div>\n<\/div>\n<\/div><\/section><\/div><div class=\"flex_column av_one_full  flex_column_div av-zero-column-padding first  avia-builder-el-4  el_after_av_one_full  el_before_av_hr  column-top-margin\" style='border-radius:0px; '><section class=\"av_textblock_section \"  itemscope=\"itemscope\" itemtype=\"https:\/\/schema.org\/BlogPosting\" itemprop=\"blogPost\" ><div class='avia_textblock  '   itemprop=\"text\" ><p style=\"text-align: justify;\">\u201cLa ense\u00f1anza de la lectura no consiste simplemente en ense\u00f1ar a decodificar palabras, sino en crear las condiciones para que los ni\u00f1os se conviertan en constructores de significado\u201d. La cita es del psic\u00f3logo, profesor y experto en aprendizaje, Jerome Bruner, quien a partir de los a\u00f1os 60 plante\u00f3 este cambio de paradigma desde una educaci\u00f3n pasiva a una activa.<\/p>\n<p style=\"text-align: justify;\">Con esta mirada contempor\u00e1nea, el Ministerio de las Culturas y el Plan Nacional de la Lectura, a trav\u00e9s del Programa Di\u00e1logos en Movimiento, permite que estudiantes de distintos puntos de la regi\u00f3n compartan con un escritor o escritora nacional, escuchen parte de su obra y vivan una alternativa de fomento lector alejada de lo tradicional.<\/p>\n<p style=\"text-align: justify;\">Oscuro Malacara, seud\u00f3nimo de Francisco Mu\u00f1oz Ser\u00f3n, comenz\u00f3 este a\u00f1o su recorrido literario con sus Relatos de Cordillera en el colegio Uni\u00f3n Fraterna de Coyhaique, cuyos estudiantes del Club de Lectura se sorprendieron con las historias llenas de tradiciones e identidad local. Para el escritor, quien ha participado en otras ediciones del programa, cree que es un momento \u00fanico de enriquecimiento mutuo: \u201cMaravilloso, siempre es bueno juntarse con los peque\u00f1os lectores. Los ni\u00f1os que est\u00e1n interesados en la literatura;\u00a0 es reconfortante, adem\u00e1s, que lo lean a uno. Es toda una labor y valoro mucho esta iniciativa de estos Di\u00e1logos en Movimiento\u201d.<\/p>\n<p style=\"text-align: justify;\">El Seremi de Culturas Ays\u00e9n, Felipe Quiroz, dijo que \u201ctodos los a\u00f1os hemos visto de cerca la magia que ocurre cuando una escritora, un poeta u otro literato visita los establecimientos educacionales de la regi\u00f3n para darle vida a sus historias e invitar a ni\u00f1os y ni\u00f1as a la noble, necesaria y urgente acci\u00f3n de leer. Desde el inicio de nuestro Gobierno nos hemos comprometido con acciones concretas en torno al fomento lector y vemos en nuestras visitas estudiantes que estas dan resultado. Lo vemos en Di\u00e1logos en Movimiento y tambi\u00e9n en nuestros cert\u00e1menes escolares como Cuentos de Invierno\u201d.<\/p>\n<p style=\"text-align: justify;\">Le\u00f3n es miembro del Club de Lectura del Colegio Uni\u00f3n Fraterna: \u201cEsto es muy divertido porque conoc\u00ed a un autor y es sorprendente por sus historias\u201d. Su compa\u00f1era Pascal dijo que \u00abes entretenido, estuvo supergenial, me gust\u00f3 harto y conversamos de hartas cosas. Esto me sirve para empe\u00f1arme en salir adelante con mis escrituras\u201d.<\/p>\n<p style=\"text-align: justify;\">Oscuro Malacara contin\u00faa su recorrido con la presentaci\u00f3n en la Escuela Rural de R\u00edo Blanco. Luego es el turno de la escritora Alejandra Mu\u00f1oz con la presentaci\u00f3n de su obra \u00a1Quiero vale cuatro! en la Escuela Antol\u00edn Silva Orme\u00f1o de Balmaceda. Este 2025, el programa concluye con Raquel B\u00f3rquez y su Duendecita Semillera en la Escuela V\u00edctor Domingo Silva.<\/p>\n<p style=\"text-align: justify;\">Di\u00e1logos en Movimiento permite ampliar el horizonte y aumentar los est\u00edmulos para que la lectura sea protagonista de los procesos educativos, porque tal como dijo Jerome Bruner, no se trata solo de leer: \u201cLa escuela es una instituci\u00f3n en la que los j\u00f3venes aprenden a participar de las formas de conocer, pensar y sentir la cultura\u201d.<\/p>\n<\/div><\/section><\/div><div  style='height:50px' class='hr hr-invisible   avia-builder-el-6  el_after_av_one_full  el_before_av_social_share '><span class='hr-inner ' ><span class='hr-inner-style'><\/span><\/span><\/div><\/p>\n<div  class='av-social-sharing-box  avia-builder-el-7  el_after_av_hr  el_before_av_hr  '><div class='av-share-box'><h5 class='av-share-link-description av-no-toc '>Compartir esta noticia<\/h5><ul class='av-share-box-list noLightbox'><li class='av-share-link av-social-link-facebook' ><a target=\"_blank\" aria-label=\"Compartir en Facebook\" href='https:\/\/www.facebook.com\/sharer.php?u=https:\/\/radiorevelacionfm.cl\/?p=55653&#038;t=Culturas%20Ays%C3%A9n%20fomenta%20la%20lectura%20con%20sus%20Di%C3%A1logos%20en%20Movimiento' aria-hidden='false' data-av_icon='\ue8f3' data-av_iconfont='entypo-fontello' title='' data-avia-related-tooltip='Compartir en Facebook' rel=\"noopener\"><span class='avia_hidden_link_text'>Compartir en Facebook<\/span><\/a><\/li><li class='av-share-link av-social-link-twitter' ><a target=\"_blank\" aria-label=\"Compartir en Twitter\" href='https:\/\/twitter.com\/share?text=Culturas%20Ays%C3%A9n%20fomenta%20la%20lectura%20con%20sus%20Di%C3%A1logos%20en%20Movimiento&#038;url=https:\/\/radiorevelacionfm.cl\/?p=55653' aria-hidden='false' data-av_icon='\ue8f1' data-av_iconfont='entypo-fontello' title='' data-avia-related-tooltip='Compartir en Twitter' rel=\"noopener\"><span class='avia_hidden_link_text'>Compartir en Twitter<\/span><\/a><\/li><li class='av-share-link av-social-link-whatsapp' ><a target=\"_blank\" aria-label=\"Compartir en Whatsapp\" href='https:\/\/api.whatsapp.com\/send?text=https:\/\/radiorevelacionfm.cl\/?p=55653' aria-hidden='false' data-av_icon='\uf232' data-av_iconfont='entypo-fontello' title='' data-avia-related-tooltip='Compartir en Whatsapp' rel=\"noopener\"><span class='avia_hidden_link_text'>Compartir en Whatsapp<\/span><\/a><\/li><li class='av-share-link av-social-link-linkedin' ><a target=\"_blank\" aria-label=\"Compartir en LinkedIn\" href='https:\/\/linkedin.com\/shareArticle?mini=true&#038;title=Culturas%20Ays%C3%A9n%20fomenta%20la%20lectura%20con%20sus%20Di%C3%A1logos%20en%20Movimiento&#038;url=https:\/\/radiorevelacionfm.cl\/?p=55653' aria-hidden='false' data-av_icon='\ue8fc' data-av_iconfont='entypo-fontello' title='' data-avia-related-tooltip='Compartir en LinkedIn' rel=\"noopener\"><span class='avia_hidden_link_text'>Compartir en LinkedIn<\/span><\/a><\/li><li class='av-share-link av-social-link-mail' ><a  aria-label=\"Compartir por correo\" href='mailto:?subject=Culturas%20Ays%C3%A9n%20fomenta%20la%20lectura%20con%20sus%20Di%C3%A1logos%20en%20Movimiento&#038;body=https:\/\/radiorevelacionfm.cl\/?p=55653' aria-hidden='false' data-av_icon='\ue805' data-av_iconfont='entypo-fontello' title='' data-avia-related-tooltip='Compartir por correo'><span class='avia_hidden_link_text'>Compartir por correo<\/span><\/a><\/li><\/ul><\/div><\/div>\n<div  style='height:50px' class='hr hr-invisible   avia-builder-el-8  el_after_av_social_share  el_before_av_comments_list '><span class='hr-inner ' ><span class='hr-inner-style'><\/span><\/span><\/div>\n<div  class='av-buildercomment  av-blog-meta-html-info-disabled av-blog-meta-tag-disabled  '><\/div>\n","protected":false},"excerpt":{"rendered":"","protected":false},"author":1,"featured_media":55654,"comment_status":"closed","ping_status":"closed","sticky":false,"template":"","format":"standard","meta":{"footnotes":""},"categories":[52],"tags":[],"class_list":["post-55653","post","type-post","status-publish","format-standard","has-post-thumbnail","hentry","category-cultura"],"jetpack_featured_media_url":"https:\/\/radiorevelacionfm.cl\/wp-content\/uploads\/2025\/06\/dialogos-en-movimiento4-1-1.jpg","_links":{"self":[{"href":"https:\/\/radiorevelacionfm.cl\/index.php?rest_route=\/wp\/v2\/posts\/55653","targetHints":{"allow":["GET"]}}],"collection":[{"href":"https:\/\/radiorevelacionfm.cl\/index.php?rest_route=\/wp\/v2\/posts"}],"about":[{"href":"https:\/\/radiorevelacionfm.cl\/index.php?rest_route=\/wp\/v2\/types\/post"}],"author":[{"embeddable":true,"href":"https:\/\/radiorevelacionfm.cl\/index.php?rest_route=\/wp\/v2\/users\/1"}],"replies":[{"embeddable":true,"href":"https:\/\/radiorevelacionfm.cl\/index.php?rest_route=%2Fwp%2Fv2%2Fcomments&post=55653"}],"version-history":[{"count":2,"href":"https:\/\/radiorevelacionfm.cl\/index.php?rest_route=\/wp\/v2\/posts\/55653\/revisions"}],"predecessor-version":[{"id":55675,"href":"https:\/\/radiorevelacionfm.cl\/index.php?rest_route=\/wp\/v2\/posts\/55653\/revisions\/55675"}],"wp:featuredmedia":[{"embeddable":true,"href":"https:\/\/radiorevelacionfm.cl\/index.php?rest_route=\/wp\/v2\/media\/55654"}],"wp:attachment":[{"href":"https:\/\/radiorevelacionfm.cl\/index.php?rest_route=%2Fwp%2Fv2%2Fmedia&parent=55653"}],"wp:term":[{"taxonomy":"category","embeddable":true,"href":"https:\/\/radiorevelacionfm.cl\/index.php?rest_route=%2Fwp%2Fv2%2Fcategories&post=55653"},{"taxonomy":"post_tag","embeddable":true,"href":"https:\/\/radiorevelacionfm.cl\/index.php?rest_route=%2Fwp%2Fv2%2Ftags&post=55653"}],"curies":[{"name":"wp","href":"https:\/\/api.w.org\/{rel}","templated":true}]}}