{"id":55650,"date":"2025-06-24T19:51:44","date_gmt":"2025-06-24T22:51:44","guid":{"rendered":"https:\/\/radiorevelacionfm.cl\/?p=55650"},"modified":"2025-06-24T19:51:44","modified_gmt":"2025-06-24T22:51:44","slug":"direccion-del-trabajo-realiza-fiscalizaciones-a-buses-interurbanos-en-aysen","status":"publish","type":"post","link":"https:\/\/radiorevelacionfm.cl\/?p=55650","title":{"rendered":"Direcci\u00f3n del Trabajo realiza fiscalizaciones a buses interurbanos en Ays\u00e9n"},"content":{"rendered":"<div class=\"flex_column av_one_full  flex_column_div av-zero-column-padding first  avia-builder-el-0  el_before_av_one_full  avia-builder-el-first  \" style='border-radius:0px; '><div  class='avia-image-container  av-styling-    avia-builder-el-1  avia-builder-el-no-sibling  avia-align-center '  itemprop=\"image\" itemscope=\"itemscope\" itemtype=\"https:\/\/schema.org\/ImageObject\"  ><div class='avia-image-container-inner'><div class='avia-image-overlay-wrap'><img decoding=\"async\" class='wp-image-55651 avia-img-lazy-loading-not-55651 avia_image' src=\"https:\/\/radiorevelacionfm.cl\/wp-content\/uploads\/2025\/06\/fisca-terminal-de-buses-1-1_optimized-1.jpg\" alt='' title='fisca-terminal-de-buses-1-(1)_optimized (1)' height=\"600\" width=\"900\"  itemprop=\"thumbnailUrl\" srcset=\"https:\/\/radiorevelacionfm.cl\/wp-content\/uploads\/2025\/06\/fisca-terminal-de-buses-1-1_optimized-1.jpg 900w, https:\/\/radiorevelacionfm.cl\/wp-content\/uploads\/2025\/06\/fisca-terminal-de-buses-1-1_optimized-1-300x200.jpg 300w, https:\/\/radiorevelacionfm.cl\/wp-content\/uploads\/2025\/06\/fisca-terminal-de-buses-1-1_optimized-1-768x512.jpg 768w, https:\/\/radiorevelacionfm.cl\/wp-content\/uploads\/2025\/06\/fisca-terminal-de-buses-1-1_optimized-1-705x470.jpg 705w, https:\/\/radiorevelacionfm.cl\/wp-content\/uploads\/2025\/06\/fisca-terminal-de-buses-1-1_optimized-1-450x300.jpg 450w, https:\/\/radiorevelacionfm.cl\/wp-content\/uploads\/2025\/06\/fisca-terminal-de-buses-1-1_optimized-1-600x400.jpg 600w\" sizes=\"(max-width: 900px) 100vw, 900px\" \/><\/div><\/div><\/div><\/div><div class=\"flex_column av_one_full  flex_column_div av-zero-column-padding first  avia-builder-el-2  el_after_av_one_full  el_before_av_one_full  column-top-margin\" style='border-radius:0px; '><section class=\"av_textblock_section \"  itemscope=\"itemscope\" itemtype=\"https:\/\/schema.org\/BlogPosting\" itemprop=\"blogPost\" ><div class='avia_textblock  '   itemprop=\"text\" ><h2 class=\"title\" style=\"text-align: center;\"><\/h2>\n<p style=\"text-align: center;\"><span style=\"font-size: 18pt;\"><b>Direcci\u00f3n del Trabajo realiza fiscalizaciones a buses interurbanos en Ays\u00e9n<\/b><\/span><\/p>\n<div id=\"gtx-trans\" style=\"position: absolute; left: -50px; top: 4.31534px;\">\n<div class=\"gtx-trans-icon\"><\/div>\n<\/div>\n<\/div><\/section><\/div><div class=\"flex_column av_one_full  flex_column_div av-zero-column-padding first  avia-builder-el-4  el_after_av_one_full  el_before_av_hr  column-top-margin\" style='border-radius:0px; '><section class=\"av_textblock_section \"  itemscope=\"itemscope\" itemtype=\"https:\/\/schema.org\/BlogPosting\" itemprop=\"blogPost\" ><div class='avia_textblock  '   itemprop=\"text\" ><p class=\"v1MsoNormal\" style=\"text-align: justify;\"><em>Se verific\u00f3 en todo el pa\u00eds que conductores iniciaran los recorridos con los descansos previos cumplidos para garantizar viajes seguros.\u00a0<\/em><\/p>\n<p class=\"v1MsoNormal\" style=\"text-align: justify;\">La Direcci\u00f3n del Trabajo (DT) aplic\u00f3 multas por casi 210 millones de pesos durante su fiscalizaci\u00f3n nacional del jueves 19 y viernes 20 de junio -Feriado de Pueblos Originarios- de las jornadas de conducci\u00f3n y descanso de las tripulaciones de los buses interurbanos de pasajeros.<\/p>\n<p class=\"v1MsoNormal\" style=\"text-align: justify;\">El objetivo del programa inspectivo fue verificar que las tripulaciones iniciaran sus turnos con los descansos legales previamente cumplidos, garantizando as\u00ed la seguridad carretera de choferes, auxiliares y pasajeros.<\/p>\n<p class=\"v1MsoNormal\" style=\"text-align: justify;\">Con respecto a este tema, Christian Aros, Seremi(s) del Trabajo y Previsi\u00f3n Social y director regional del Trabajo, afirm\u00f3, \u00abComo Direcci\u00f3n del Trabajo este fin de semana largo reci\u00e9n pasado estuvimos realizando el programa de fiscalizaci\u00f3n de buses interurbanos, el cual busca el cumplimiento de las normas de las jornadas legales de conducci\u00f3n y descanso de las tripulaciones de los buses interurbanos de pasajeros. En nuestra regi\u00f3n realizamos 6 procesos de fiscalizaci\u00f3n, los cuales todos terminaron sin multas, lo cual nos alegra mucho porque de esta manera no solo comprobamos que se est\u00e1 respetando la norma legal, sino que tambi\u00e9n de esta forma aseguramos y ayudamos a cuidar tanto la vida, salud y seguridad de nuestros trabajadores y trabajadoras, pero adem\u00e1s de las y los habitantes de nuestra regi\u00f3n\u00bb.<\/p>\n<p class=\"v1MsoNormal\" style=\"text-align: justify;\">Por su parte, el director nacional del Trabajo, Pablo Zenteno, destac\u00f3 que \u00absobre este programa inspectivo nacional a los buses interurbanos, quiero resaltar que con \u00e9l estamos reforzando el control del cumplimiento y ayudando a un esfuerzo compartido de varias instancias p\u00fablicas para evitar accidentes carreteros por culpa de la fatiga de los conductores\u00bb.<\/p>\n<p class=\"v1MsoNormal\" style=\"text-align: justify;\">A lo largo del territorio la DT efectu\u00f3 226 fiscalizaciones, 76 de las cuales terminaron con multas por $209.587.895 y la suspensi\u00f3n de 7 tripulantes. Las regiones con m\u00e1s multas fueron Tarapac\u00e1 (10), Biob\u00edo (10) y Los R\u00edos (8). Solo suspendieron tripulantes Antofagasta (6) y Valpara\u00edso (1).<\/p>\n<p class=\"v1MsoNormal\" style=\"text-align: justify;\">Los controles estuvieron centrados exclusivamente en aquellos buses que realizaban viajes de m\u00e1s de cinco horas. Para ello, en los terminales de las 16 regiones objeto del programa inspectivo los fiscalizadores subieron a las cabinas e imprimieron desde el dispositivo automatizado instalado junto al volante el comprobante de registro de jornada y descanso cumplido previamente por cada miembro de la tripulaci\u00f3n.<\/p>\n<p class=\"v1MsoNormal\" style=\"text-align: justify;\">Durante esta fiscalizaci\u00f3n la DT pudo aplicar multas o hasta suspender a las tripulaciones o a parte de ellas si se comprobaba de los comprobantes impresos que no se hab\u00eda cumplido con los descansos previos, o incluso si de la toma de declaraciones a choferes y auxiliares surg\u00edan indicios de aquella infracci\u00f3n.<\/p>\n<\/div><\/section><\/div><div  style='height:50px' class='hr hr-invisible   avia-builder-el-6  el_after_av_one_full  el_before_av_social_share '><span class='hr-inner ' ><span class='hr-inner-style'><\/span><\/span><\/div><\/p>\n<div  class='av-social-sharing-box  avia-builder-el-7  el_after_av_hr  el_before_av_hr  '><div class='av-share-box'><h5 class='av-share-link-description av-no-toc '>Compartir esta noticia<\/h5><ul class='av-share-box-list noLightbox'><li class='av-share-link av-social-link-facebook' ><a target=\"_blank\" aria-label=\"Compartir en Facebook\" href='https:\/\/www.facebook.com\/sharer.php?u=https:\/\/radiorevelacionfm.cl\/?p=55650&#038;t=Direcci%C3%B3n%20del%20Trabajo%20realiza%20fiscalizaciones%20a%20buses%20interurbanos%20en%20Ays%C3%A9n' aria-hidden='false' data-av_icon='\ue8f3' data-av_iconfont='entypo-fontello' title='' data-avia-related-tooltip='Compartir en Facebook' rel=\"noopener\"><span class='avia_hidden_link_text'>Compartir en Facebook<\/span><\/a><\/li><li class='av-share-link av-social-link-twitter' ><a target=\"_blank\" aria-label=\"Compartir en Twitter\" href='https:\/\/twitter.com\/share?text=Direcci%C3%B3n%20del%20Trabajo%20realiza%20fiscalizaciones%20a%20buses%20interurbanos%20en%20Ays%C3%A9n&#038;url=https:\/\/radiorevelacionfm.cl\/?p=55650' aria-hidden='false' data-av_icon='\ue8f1' data-av_iconfont='entypo-fontello' title='' data-avia-related-tooltip='Compartir en Twitter' rel=\"noopener\"><span class='avia_hidden_link_text'>Compartir en Twitter<\/span><\/a><\/li><li class='av-share-link av-social-link-whatsapp' ><a target=\"_blank\" aria-label=\"Compartir en Whatsapp\" href='https:\/\/api.whatsapp.com\/send?text=https:\/\/radiorevelacionfm.cl\/?p=55650' aria-hidden='false' data-av_icon='\uf232' data-av_iconfont='entypo-fontello' title='' data-avia-related-tooltip='Compartir en Whatsapp' rel=\"noopener\"><span class='avia_hidden_link_text'>Compartir en Whatsapp<\/span><\/a><\/li><li class='av-share-link av-social-link-linkedin' ><a target=\"_blank\" aria-label=\"Compartir en LinkedIn\" href='https:\/\/linkedin.com\/shareArticle?mini=true&#038;title=Direcci%C3%B3n%20del%20Trabajo%20realiza%20fiscalizaciones%20a%20buses%20interurbanos%20en%20Ays%C3%A9n&#038;url=https:\/\/radiorevelacionfm.cl\/?p=55650' aria-hidden='false' data-av_icon='\ue8fc' data-av_iconfont='entypo-fontello' title='' data-avia-related-tooltip='Compartir en LinkedIn' rel=\"noopener\"><span class='avia_hidden_link_text'>Compartir en LinkedIn<\/span><\/a><\/li><li class='av-share-link av-social-link-mail' ><a  aria-label=\"Compartir por correo\" href='mailto:?subject=Direcci%C3%B3n%20del%20Trabajo%20realiza%20fiscalizaciones%20a%20buses%20interurbanos%20en%20Ays%C3%A9n&#038;body=https:\/\/radiorevelacionfm.cl\/?p=55650' aria-hidden='false' data-av_icon='\ue805' data-av_iconfont='entypo-fontello' title='' data-avia-related-tooltip='Compartir por correo'><span class='avia_hidden_link_text'>Compartir por correo<\/span><\/a><\/li><\/ul><\/div><\/div>\n<div  style='height:50px' class='hr hr-invisible   avia-builder-el-8  el_after_av_social_share  el_before_av_comments_list '><span class='hr-inner ' ><span class='hr-inner-style'><\/span><\/span><\/div>\n<div  class='av-buildercomment  av-blog-meta-html-info-disabled av-blog-meta-tag-disabled  '><\/div>\n","protected":false},"excerpt":{"rendered":"","protected":false},"author":1,"featured_media":55651,"comment_status":"closed","ping_status":"closed","sticky":false,"template":"","format":"standard","meta":{"footnotes":""},"categories":[56],"tags":[],"class_list":["post-55650","post","type-post","status-publish","format-standard","has-post-thumbnail","hentry","category-trabajo"],"jetpack_featured_media_url":"https:\/\/radiorevelacionfm.cl\/wp-content\/uploads\/2025\/06\/fisca-terminal-de-buses-1-1_optimized-1.jpg","_links":{"self":[{"href":"https:\/\/radiorevelacionfm.cl\/index.php?rest_route=\/wp\/v2\/posts\/55650","targetHints":{"allow":["GET"]}}],"collection":[{"href":"https:\/\/radiorevelacionfm.cl\/index.php?rest_route=\/wp\/v2\/posts"}],"about":[{"href":"https:\/\/radiorevelacionfm.cl\/index.php?rest_route=\/wp\/v2\/types\/post"}],"author":[{"embeddable":true,"href":"https:\/\/radiorevelacionfm.cl\/index.php?rest_route=\/wp\/v2\/users\/1"}],"replies":[{"embeddable":true,"href":"https:\/\/radiorevelacionfm.cl\/index.php?rest_route=%2Fwp%2Fv2%2Fcomments&post=55650"}],"version-history":[{"count":2,"href":"https:\/\/radiorevelacionfm.cl\/index.php?rest_route=\/wp\/v2\/posts\/55650\/revisions"}],"predecessor-version":[{"id":55673,"href":"https:\/\/radiorevelacionfm.cl\/index.php?rest_route=\/wp\/v2\/posts\/55650\/revisions\/55673"}],"wp:featuredmedia":[{"embeddable":true,"href":"https:\/\/radiorevelacionfm.cl\/index.php?rest_route=\/wp\/v2\/media\/55651"}],"wp:attachment":[{"href":"https:\/\/radiorevelacionfm.cl\/index.php?rest_route=%2Fwp%2Fv2%2Fmedia&parent=55650"}],"wp:term":[{"taxonomy":"category","embeddable":true,"href":"https:\/\/radiorevelacionfm.cl\/index.php?rest_route=%2Fwp%2Fv2%2Fcategories&post=55650"},{"taxonomy":"post_tag","embeddable":true,"href":"https:\/\/radiorevelacionfm.cl\/index.php?rest_route=%2Fwp%2Fv2%2Ftags&post=55650"}],"curies":[{"name":"wp","href":"https:\/\/api.w.org\/{rel}","templated":true}]}}