{"id":55646,"date":"2025-06-24T14:46:09","date_gmt":"2025-06-24T17:46:09","guid":{"rendered":"https:\/\/radiorevelacionfm.cl\/?p=55646"},"modified":"2025-06-24T14:46:09","modified_gmt":"2025-06-24T17:46:09","slug":"balance-fin-de-semana-largo-carabineros-aysen-reporta-mas-de-mil-controles-vehiculares-y-34-personas-detenidas","status":"publish","type":"post","link":"https:\/\/radiorevelacionfm.cl\/?p=55646","title":{"rendered":"Balance fin de semana largo: Carabineros Ays\u00e9n reporta m\u00e1s de mil controles vehiculares y 34 personas detenidas"},"content":{"rendered":"<div class=\"flex_column av_one_full  flex_column_div av-zero-column-padding first  avia-builder-el-0  el_before_av_one_full  avia-builder-el-first  \" style='border-radius:0px; '><div  class='avia-image-container  av-styling-    avia-builder-el-1  avia-builder-el-no-sibling  avia-align-center '  itemprop=\"image\" itemscope=\"itemscope\" itemtype=\"https:\/\/schema.org\/ImageObject\"  ><div class='avia-image-container-inner'><div class='avia-image-overlay-wrap'><img decoding=\"async\" class='wp-image-55647 avia-img-lazy-loading-not-55647 avia_image' src=\"https:\/\/radiorevelacionfm.cl\/wp-content\/uploads\/2025\/06\/gt6uu8fweaep5uj-1_optimized.jpg\" alt='' title='gt6uu8fweaep5uj-(1)_optimized' height=\"600\" width=\"800\"  itemprop=\"thumbnailUrl\" srcset=\"https:\/\/radiorevelacionfm.cl\/wp-content\/uploads\/2025\/06\/gt6uu8fweaep5uj-1_optimized.jpg 800w, https:\/\/radiorevelacionfm.cl\/wp-content\/uploads\/2025\/06\/gt6uu8fweaep5uj-1_optimized-300x225.jpg 300w, https:\/\/radiorevelacionfm.cl\/wp-content\/uploads\/2025\/06\/gt6uu8fweaep5uj-1_optimized-768x576.jpg 768w, https:\/\/radiorevelacionfm.cl\/wp-content\/uploads\/2025\/06\/gt6uu8fweaep5uj-1_optimized-705x529.jpg 705w, https:\/\/radiorevelacionfm.cl\/wp-content\/uploads\/2025\/06\/gt6uu8fweaep5uj-1_optimized-450x338.jpg 450w, https:\/\/radiorevelacionfm.cl\/wp-content\/uploads\/2025\/06\/gt6uu8fweaep5uj-1_optimized-600x450.jpg 600w\" sizes=\"(max-width: 800px) 100vw, 800px\" \/><\/div><\/div><\/div><\/div><div class=\"flex_column av_one_full  flex_column_div av-zero-column-padding first  avia-builder-el-2  el_after_av_one_full  el_before_av_one_full  column-top-margin\" style='border-radius:0px; '><section class=\"av_textblock_section \"  itemscope=\"itemscope\" itemtype=\"https:\/\/schema.org\/BlogPosting\" itemprop=\"blogPost\" ><div class='avia_textblock  '   itemprop=\"text\" ><p style=\"text-align: center;\"><strong><span style=\"font-size: 18pt;\">Balance fin de semana largo: Carabineros Ays\u00e9n reporta m\u00e1s de mil controles vehiculares y 34 personas detenidas<\/span><\/strong><\/p>\n<div id=\"gtx-trans\" style=\"position: absolute; left: -50px; top: 4.31534px;\">\n<div class=\"gtx-trans-icon\"><\/div>\n<\/div>\n<\/div><\/section><\/div><div class=\"flex_column av_one_full  flex_column_div av-zero-column-padding first  avia-builder-el-4  el_after_av_one_full  el_before_av_hr  column-top-margin\" style='border-radius:0px; '><section class=\"av_textblock_section \"  itemscope=\"itemscope\" itemtype=\"https:\/\/schema.org\/BlogPosting\" itemprop=\"blogPost\" ><div class='avia_textblock  '   itemprop=\"text\" ><p dir=\"ltr\" style=\"text-align: justify;\">Durante el fin de semana largo, Carabineros en la regi\u00f3n de Ays\u00e9n realiz\u00f3 un importante despliegue de su recurso humano, efectuando fiscalizaci\u00f3n en el contexto del plan ruta segura, redoblando los controles y entregar recomendaciones orientadas a promover una conducci\u00f3n responsable, prevenir la siniestralidad vial y brindar m\u00e1s seguridad a la comunidad.<\/p>\n<p dir=\"ltr\" style=\"text-align: justify;\">El Jefe de Zona Ays\u00e9n, General Eduardo Palma Fuentes indic\u00f3 que entre los d\u00edas 20 y 22 de junio se desarrollaron servicios planificados con anterioridad, a\u00fan con la llegada de estudiantes desde fuera de la regi\u00f3n con motivo del periodo de vacaciones de invierno.<\/p>\n<p dir=\"ltr\" style=\"text-align: justify;\">\u00abIntensificamos los controles de tr\u00e1nsito en las diferentes rutas de la regi\u00f3n. Estos controles tambi\u00e9n permitieron tener resultados positivos respecto a varios sujetos que se encontraban con \u00f3rdenes vigentes por diversos delitos, logrando un total de ocho personas detenidas por orden de aprehensi\u00f3n pendiente. Se hicieron m\u00e1s de mil controles vehiculares y un total de 34 detenidos por diferentes hechos ocurridos en la regi\u00f3n\u00bb, indic\u00f3 el General Palma.<\/p>\n<p dir=\"ltr\" style=\"text-align: justify;\">El Oficial General a\u00f1adi\u00f3 que los controles efectuados permitieron sacar de circulaci\u00f3n a cuatro personas por conducci\u00f3n en estado de ebriedad durante el fin de semana largo. \u00abEso nos permiti\u00f3 evitar accidentes o v\u00edctimas fatales\u00bb.<\/p>\n<p dir=\"ltr\" style=\"text-align: justify;\">\u00abEn otro \u00e1mbito se efectu\u00f3 un allanamiento a un domicilio de una persona que habr\u00eda efectuado un robo con intimidaci\u00f3n en una botiller\u00eda de Puerto Ays\u00e9n, con resultados positivos, donde se logr\u00f3 la detenci\u00f3n del imputado, el cual pas\u00f3 a control de detenci\u00f3n, se recuperaron algunas armas que est\u00e1n en pericias para saber si est\u00e1n o no aptas para el disparo\u00bb, a\u00f1adi\u00f3 el Jefe de Zona.<\/p>\n<\/div><\/section><\/div><div  style='height:50px' class='hr hr-invisible   avia-builder-el-6  el_after_av_one_full  el_before_av_social_share '><span class='hr-inner ' ><span class='hr-inner-style'><\/span><\/span><\/div><\/p>\n<div  class='av-social-sharing-box  avia-builder-el-7  el_after_av_hr  el_before_av_hr  '><div class='av-share-box'><h5 class='av-share-link-description av-no-toc '>Compartir esta noticia<\/h5><ul class='av-share-box-list noLightbox'><li class='av-share-link av-social-link-facebook' ><a target=\"_blank\" aria-label=\"Compartir en Facebook\" href='https:\/\/www.facebook.com\/sharer.php?u=https:\/\/radiorevelacionfm.cl\/?p=55646&#038;t=Balance%20fin%20de%20semana%20largo%3A%20Carabineros%20Ays%C3%A9n%20reporta%20m%C3%A1s%20de%20mil%20controles%20vehiculares%20y%2034%20personas%20detenidas' aria-hidden='false' data-av_icon='\ue8f3' data-av_iconfont='entypo-fontello' title='' data-avia-related-tooltip='Compartir en Facebook' rel=\"noopener\"><span class='avia_hidden_link_text'>Compartir en Facebook<\/span><\/a><\/li><li class='av-share-link av-social-link-twitter' ><a target=\"_blank\" aria-label=\"Compartir en Twitter\" href='https:\/\/twitter.com\/share?text=Balance%20fin%20de%20semana%20largo%3A%20Carabineros%20Ays%C3%A9n%20reporta%20m%C3%A1s%20de%20mil%20controles%20vehiculares%20y%2034%20personas%20detenidas&#038;url=https:\/\/radiorevelacionfm.cl\/?p=55646' aria-hidden='false' data-av_icon='\ue8f1' data-av_iconfont='entypo-fontello' title='' data-avia-related-tooltip='Compartir en Twitter' rel=\"noopener\"><span class='avia_hidden_link_text'>Compartir en Twitter<\/span><\/a><\/li><li class='av-share-link av-social-link-whatsapp' ><a target=\"_blank\" aria-label=\"Compartir en Whatsapp\" href='https:\/\/api.whatsapp.com\/send?text=https:\/\/radiorevelacionfm.cl\/?p=55646' aria-hidden='false' data-av_icon='\uf232' data-av_iconfont='entypo-fontello' title='' data-avia-related-tooltip='Compartir en Whatsapp' rel=\"noopener\"><span class='avia_hidden_link_text'>Compartir en Whatsapp<\/span><\/a><\/li><li class='av-share-link av-social-link-linkedin' ><a target=\"_blank\" aria-label=\"Compartir en LinkedIn\" href='https:\/\/linkedin.com\/shareArticle?mini=true&#038;title=Balance%20fin%20de%20semana%20largo%3A%20Carabineros%20Ays%C3%A9n%20reporta%20m%C3%A1s%20de%20mil%20controles%20vehiculares%20y%2034%20personas%20detenidas&#038;url=https:\/\/radiorevelacionfm.cl\/?p=55646' aria-hidden='false' data-av_icon='\ue8fc' data-av_iconfont='entypo-fontello' title='' data-avia-related-tooltip='Compartir en LinkedIn' rel=\"noopener\"><span class='avia_hidden_link_text'>Compartir en LinkedIn<\/span><\/a><\/li><li class='av-share-link av-social-link-mail' ><a  aria-label=\"Compartir por correo\" href='mailto:?subject=Balance%20fin%20de%20semana%20largo%3A%20Carabineros%20Ays%C3%A9n%20reporta%20m%C3%A1s%20de%20mil%20controles%20vehiculares%20y%2034%20personas%20detenidas&#038;body=https:\/\/radiorevelacionfm.cl\/?p=55646' aria-hidden='false' data-av_icon='\ue805' data-av_iconfont='entypo-fontello' title='' data-avia-related-tooltip='Compartir por correo'><span class='avia_hidden_link_text'>Compartir por correo<\/span><\/a><\/li><\/ul><\/div><\/div>\n<div  style='height:50px' class='hr hr-invisible   avia-builder-el-8  el_after_av_social_share  el_before_av_comments_list '><span class='hr-inner ' ><span class='hr-inner-style'><\/span><\/span><\/div>\n<div  class='av-buildercomment  av-blog-meta-html-info-disabled av-blog-meta-tag-disabled  '><\/div>\n","protected":false},"excerpt":{"rendered":"","protected":false},"author":1,"featured_media":55647,"comment_status":"closed","ping_status":"closed","sticky":false,"template":"","format":"standard","meta":{"footnotes":""},"categories":[36],"tags":[],"class_list":["post-55646","post","type-post","status-publish","format-standard","has-post-thumbnail","hentry","category-policial"],"jetpack_featured_media_url":"https:\/\/radiorevelacionfm.cl\/wp-content\/uploads\/2025\/06\/gt6uu8fweaep5uj-1_optimized.jpg","_links":{"self":[{"href":"https:\/\/radiorevelacionfm.cl\/index.php?rest_route=\/wp\/v2\/posts\/55646","targetHints":{"allow":["GET"]}}],"collection":[{"href":"https:\/\/radiorevelacionfm.cl\/index.php?rest_route=\/wp\/v2\/posts"}],"about":[{"href":"https:\/\/radiorevelacionfm.cl\/index.php?rest_route=\/wp\/v2\/types\/post"}],"author":[{"embeddable":true,"href":"https:\/\/radiorevelacionfm.cl\/index.php?rest_route=\/wp\/v2\/users\/1"}],"replies":[{"embeddable":true,"href":"https:\/\/radiorevelacionfm.cl\/index.php?rest_route=%2Fwp%2Fv2%2Fcomments&post=55646"}],"version-history":[{"count":2,"href":"https:\/\/radiorevelacionfm.cl\/index.php?rest_route=\/wp\/v2\/posts\/55646\/revisions"}],"predecessor-version":[{"id":55649,"href":"https:\/\/radiorevelacionfm.cl\/index.php?rest_route=\/wp\/v2\/posts\/55646\/revisions\/55649"}],"wp:featuredmedia":[{"embeddable":true,"href":"https:\/\/radiorevelacionfm.cl\/index.php?rest_route=\/wp\/v2\/media\/55647"}],"wp:attachment":[{"href":"https:\/\/radiorevelacionfm.cl\/index.php?rest_route=%2Fwp%2Fv2%2Fmedia&parent=55646"}],"wp:term":[{"taxonomy":"category","embeddable":true,"href":"https:\/\/radiorevelacionfm.cl\/index.php?rest_route=%2Fwp%2Fv2%2Fcategories&post=55646"},{"taxonomy":"post_tag","embeddable":true,"href":"https:\/\/radiorevelacionfm.cl\/index.php?rest_route=%2Fwp%2Fv2%2Ftags&post=55646"}],"curies":[{"name":"wp","href":"https:\/\/api.w.org\/{rel}","templated":true}]}}