{"id":55642,"date":"2025-06-24T21:28:55","date_gmt":"2025-06-25T00:28:55","guid":{"rendered":"https:\/\/radiorevelacionfm.cl\/?p=55642"},"modified":"2025-06-24T21:28:55","modified_gmt":"2025-06-25T00:28:55","slug":"ifop-participa-en-seminario-sobre-recursos-pesqueros-en-puerto-aysen","status":"publish","type":"post","link":"https:\/\/radiorevelacionfm.cl\/?p=55642","title":{"rendered":"IFOP participa en seminario sobre recursos pesqueros en Puerto Ays\u00e9n"},"content":{"rendered":"<div class=\"flex_column av_one_full  flex_column_div av-zero-column-padding first  avia-builder-el-0  el_before_av_one_full  avia-builder-el-first  \" style='border-radius:0px; '><div  class='avia-image-container  av-styling-    avia-builder-el-1  avia-builder-el-no-sibling  avia-align-center '  itemprop=\"image\" itemscope=\"itemscope\" itemtype=\"https:\/\/schema.org\/ImageObject\"  ><div class='avia-image-container-inner'><div class='avia-image-overlay-wrap'><img decoding=\"async\" class='wp-image-55643 avia-img-lazy-loading-not-55643 avia_image' src=\"https:\/\/radiorevelacionfm.cl\/wp-content\/uploads\/2025\/06\/mora-aysen-1-1.jpg\" alt='' title='mora ays\u00e9n (1) (1)' height=\"600\" width=\"800\"  itemprop=\"thumbnailUrl\" srcset=\"https:\/\/radiorevelacionfm.cl\/wp-content\/uploads\/2025\/06\/mora-aysen-1-1.jpg 800w, https:\/\/radiorevelacionfm.cl\/wp-content\/uploads\/2025\/06\/mora-aysen-1-1-300x225.jpg 300w, https:\/\/radiorevelacionfm.cl\/wp-content\/uploads\/2025\/06\/mora-aysen-1-1-768x576.jpg 768w, https:\/\/radiorevelacionfm.cl\/wp-content\/uploads\/2025\/06\/mora-aysen-1-1-705x529.jpg 705w, https:\/\/radiorevelacionfm.cl\/wp-content\/uploads\/2025\/06\/mora-aysen-1-1-450x338.jpg 450w, https:\/\/radiorevelacionfm.cl\/wp-content\/uploads\/2025\/06\/mora-aysen-1-1-600x450.jpg 600w\" sizes=\"(max-width: 800px) 100vw, 800px\" \/><\/div><\/div><\/div><\/div><div class=\"flex_column av_one_full  flex_column_div av-zero-column-padding first  avia-builder-el-2  el_after_av_one_full  el_before_av_one_full  column-top-margin\" style='border-radius:0px; '><section class=\"av_textblock_section \"  itemscope=\"itemscope\" itemtype=\"https:\/\/schema.org\/BlogPosting\" itemprop=\"blogPost\" ><div class='avia_textblock  '   itemprop=\"text\" ><p style=\"text-align: center;\"><span style=\"font-size: 18pt;\"><b>IFOP participa en seminario sobre recursos pesqueros en Puerto Ays\u00e9n<\/b><\/span><\/p>\n<div id=\"gtx-trans\" style=\"position: absolute; left: -50px; top: 4.31534px;\">\n<div class=\"gtx-trans-icon\"><\/div>\n<\/div>\n<\/div><\/section><\/div><div class=\"flex_column av_one_full  flex_column_div av-zero-column-padding first  avia-builder-el-4  el_after_av_one_full  el_before_av_hr  column-top-margin\" style='border-radius:0px; '><section class=\"av_textblock_section \"  itemscope=\"itemscope\" itemtype=\"https:\/\/schema.org\/BlogPosting\" itemprop=\"blogPost\" ><div class='avia_textblock  '   itemprop=\"text\" ><p style=\"text-align: justify;\"><em>Asistieron la investigadora Senior Nancy Barahona y el Investigador Semi senior Paulo Mora.<\/em><\/p>\n<p style=\"text-align: justify;\">Desde el 2023 a la fecha, la l\u00ednea de Pesca Artesanal y Acuicultura del Centro de Investigaci\u00f3n en Ecosistemas de la Patagonia (CIEP) ha estado estudiando algunas especies bent\u00f3nicas del mar de la Regi\u00f3n de Ays\u00e9n, los cuales son importantes para la pesca artesanal, tales como loco, erizo, jaiba marmola y centolla. El fin de estas investigaciones financiadas por el Gobierno Regional de Ays\u00e9n y su Consejo a trav\u00e9s de los estudios \u00abInvestigaci\u00f3n de indicadores para evaluar las pesquer\u00edas de jaiba y centolla en la Regi\u00f3n de Ays\u00e9n\u00bb y el estudio \u00abInvestigaci\u00f3n sobre la distribuci\u00f3n y abundancia de erizo y loco en el litoral de Ays\u00e9n\u00bb, fue obtener informaci\u00f3n sobre la abundancia de los recursos en zonas de pesca junto con sus tama\u00f1os, condici\u00f3n reproductiva y caracter\u00edsticas del h\u00e1bitat.<\/p>\n<p style=\"text-align: justify;\">El seminario organizado por el centro de investigaci\u00f3n CIEP comprendi\u00f3 tres jornadas de trabajo. Una primera instancia, con investigadores expertos en recursos bent\u00f3nicos, tanto nacionales como internacionales, los d\u00edas 10 y 11 de junio en Coyhaique, en las cuales se revisaron los resultados y metodolog\u00edas utilizadas. Posteriormente, se convoc\u00f3 al Comit\u00e9 Asesor de ambos estudios, compuesto por IFOP, Sernapesca, Subpesca, Gobierno Regional, Seremi de Medio Ambiente y CONAF.<\/p>\n<p style=\"text-align: justify;\">El cierre del seminario se realiz\u00f3 el d\u00eda 12 de junio en la ciudad de Puerto Ays\u00e9n, donde participaron m\u00e1s de 80 personas, con una gran representatividad de la ciudadan\u00eda; estudiantes del Liceo Polit\u00e9cnico, representantes de servicios p\u00fablicos &#8211; privados como IFOP, Sernapesca, Armada de Chile, Gobierno Regional de Ays\u00e9n, CFT de Ays\u00e9n, entre otros, investigadores de diversos centros, fundaciones, organizaciones privadas y representantes de la pesquer\u00eda de erizo y de centolla.<\/p>\n<p style=\"text-align: justify;\">Esta instancia invit\u00f3 a las y los asistentes a expresar su conexi\u00f3n con el mar por medio del arte, en una actividad dirigida por la organizaci\u00f3n Pulso Austral. Luego de esta, se presentaron los resultados de ambos estudios por parte de las y los investigadores del CIEP. Adem\u00e1s, mediante un panel de conversaci\u00f3n, se abri\u00f3 un espacio para escuchar, a cient\u00edficos, cient\u00edficas y pescadores, quienes compartieron su experiencia y conocimiento sobre los ecosistemas marinos, las especies en estudio y el contexto actual de la pesca artesanal a nivel local y nacional.<\/p>\n<p style=\"text-align: justify;\">Nancy Barahona Toledo, destac\u00f3 que \u00aben Chile muchas veces investigamos desde espacios muy cerrados y luego queremos que eso llegue a la ciudadan\u00eda. Pero eso no se logra sin interacci\u00f3n. Con CIEP hemos trabajado en metodolog\u00edas, an\u00e1lisis de datos y en relevar lo local por sobre lo nacional. Ese v\u00ednculo ciencia\u2013territorio es clave para el manejo de los recursos\u00bb.<\/p>\n<p style=\"text-align: justify;\">Por su parte, Paulo Mora, recalc\u00f3 que \u00abLa importancia de estos estudios, es que llegan a complementar la informaci\u00f3n que hemos obtenido desde los programas que desarrollamos en IFOP en torno al monitoreo de estas pesquer\u00edas, que para la Regi\u00f3n de Ays\u00e9n son muy importantes. Por lo tanto, debemos trabajar en cooperaci\u00f3n con el equipo de CIEP de modo tal que los datos y resultados puedan ser comparables, que cumplan con el est\u00e1ndar, y puedan ser fuentes de informaci\u00f3n para los indicadores y puntos biol\u00f3gicos de referencia, de tal manera de contar con una correcta evaluaci\u00f3n de los recursos objetivos jaiba, centolla, erizo y loco en esta regi\u00f3n\u00bb.<\/p>\n<\/div><\/section><\/div><div  style='height:50px' class='hr hr-invisible   avia-builder-el-6  el_after_av_one_full  el_before_av_social_share '><span class='hr-inner ' ><span class='hr-inner-style'><\/span><\/span><\/div><\/p>\n<div  class='av-social-sharing-box  avia-builder-el-7  el_after_av_hr  el_before_av_hr  '><div class='av-share-box'><h5 class='av-share-link-description av-no-toc '>Compartir esta noticia<\/h5><ul class='av-share-box-list noLightbox'><li class='av-share-link av-social-link-facebook' ><a target=\"_blank\" aria-label=\"Compartir en Facebook\" href='https:\/\/www.facebook.com\/sharer.php?u=https:\/\/radiorevelacionfm.cl\/?p=55642&#038;t=IFOP%20participa%20en%20seminario%20sobre%20recursos%20pesqueros%20en%20Puerto%20Ays%C3%A9n' aria-hidden='false' data-av_icon='\ue8f3' data-av_iconfont='entypo-fontello' title='' data-avia-related-tooltip='Compartir en Facebook' rel=\"noopener\"><span class='avia_hidden_link_text'>Compartir en Facebook<\/span><\/a><\/li><li class='av-share-link av-social-link-twitter' ><a target=\"_blank\" aria-label=\"Compartir en Twitter\" href='https:\/\/twitter.com\/share?text=IFOP%20participa%20en%20seminario%20sobre%20recursos%20pesqueros%20en%20Puerto%20Ays%C3%A9n&#038;url=https:\/\/radiorevelacionfm.cl\/?p=55642' aria-hidden='false' data-av_icon='\ue8f1' data-av_iconfont='entypo-fontello' title='' data-avia-related-tooltip='Compartir en Twitter' rel=\"noopener\"><span class='avia_hidden_link_text'>Compartir en Twitter<\/span><\/a><\/li><li class='av-share-link av-social-link-whatsapp' ><a target=\"_blank\" aria-label=\"Compartir en Whatsapp\" href='https:\/\/api.whatsapp.com\/send?text=https:\/\/radiorevelacionfm.cl\/?p=55642' aria-hidden='false' data-av_icon='\uf232' data-av_iconfont='entypo-fontello' title='' data-avia-related-tooltip='Compartir en Whatsapp' rel=\"noopener\"><span class='avia_hidden_link_text'>Compartir en Whatsapp<\/span><\/a><\/li><li class='av-share-link av-social-link-linkedin' ><a target=\"_blank\" aria-label=\"Compartir en LinkedIn\" href='https:\/\/linkedin.com\/shareArticle?mini=true&#038;title=IFOP%20participa%20en%20seminario%20sobre%20recursos%20pesqueros%20en%20Puerto%20Ays%C3%A9n&#038;url=https:\/\/radiorevelacionfm.cl\/?p=55642' aria-hidden='false' data-av_icon='\ue8fc' data-av_iconfont='entypo-fontello' title='' data-avia-related-tooltip='Compartir en LinkedIn' rel=\"noopener\"><span class='avia_hidden_link_text'>Compartir en LinkedIn<\/span><\/a><\/li><li class='av-share-link av-social-link-mail' ><a  aria-label=\"Compartir por correo\" href='mailto:?subject=IFOP%20participa%20en%20seminario%20sobre%20recursos%20pesqueros%20en%20Puerto%20Ays%C3%A9n&#038;body=https:\/\/radiorevelacionfm.cl\/?p=55642' aria-hidden='false' data-av_icon='\ue805' data-av_iconfont='entypo-fontello' title='' data-avia-related-tooltip='Compartir por correo'><span class='avia_hidden_link_text'>Compartir por correo<\/span><\/a><\/li><\/ul><\/div><\/div>\n<div  style='height:50px' class='hr hr-invisible   avia-builder-el-8  el_after_av_social_share  el_before_av_comments_list '><span class='hr-inner ' ><span class='hr-inner-style'><\/span><\/span><\/div>\n<div  class='av-buildercomment  av-blog-meta-html-info-disabled av-blog-meta-tag-disabled  '><\/div>\n","protected":false},"excerpt":{"rendered":"","protected":false},"author":1,"featured_media":55643,"comment_status":"closed","ping_status":"closed","sticky":false,"template":"","format":"standard","meta":{"footnotes":""},"categories":[38],"tags":[],"class_list":["post-55642","post","type-post","status-publish","format-standard","has-post-thumbnail","hentry","category-regional"],"jetpack_featured_media_url":"https:\/\/radiorevelacionfm.cl\/wp-content\/uploads\/2025\/06\/mora-aysen-1-1.jpg","_links":{"self":[{"href":"https:\/\/radiorevelacionfm.cl\/index.php?rest_route=\/wp\/v2\/posts\/55642","targetHints":{"allow":["GET"]}}],"collection":[{"href":"https:\/\/radiorevelacionfm.cl\/index.php?rest_route=\/wp\/v2\/posts"}],"about":[{"href":"https:\/\/radiorevelacionfm.cl\/index.php?rest_route=\/wp\/v2\/types\/post"}],"author":[{"embeddable":true,"href":"https:\/\/radiorevelacionfm.cl\/index.php?rest_route=\/wp\/v2\/users\/1"}],"replies":[{"embeddable":true,"href":"https:\/\/radiorevelacionfm.cl\/index.php?rest_route=%2Fwp%2Fv2%2Fcomments&post=55642"}],"version-history":[{"count":2,"href":"https:\/\/radiorevelacionfm.cl\/index.php?rest_route=\/wp\/v2\/posts\/55642\/revisions"}],"predecessor-version":[{"id":55674,"href":"https:\/\/radiorevelacionfm.cl\/index.php?rest_route=\/wp\/v2\/posts\/55642\/revisions\/55674"}],"wp:featuredmedia":[{"embeddable":true,"href":"https:\/\/radiorevelacionfm.cl\/index.php?rest_route=\/wp\/v2\/media\/55643"}],"wp:attachment":[{"href":"https:\/\/radiorevelacionfm.cl\/index.php?rest_route=%2Fwp%2Fv2%2Fmedia&parent=55642"}],"wp:term":[{"taxonomy":"category","embeddable":true,"href":"https:\/\/radiorevelacionfm.cl\/index.php?rest_route=%2Fwp%2Fv2%2Fcategories&post=55642"},{"taxonomy":"post_tag","embeddable":true,"href":"https:\/\/radiorevelacionfm.cl\/index.php?rest_route=%2Fwp%2Fv2%2Ftags&post=55642"}],"curies":[{"name":"wp","href":"https:\/\/api.w.org\/{rel}","templated":true}]}}