{"id":55638,"date":"2025-06-24T11:41:03","date_gmt":"2025-06-24T14:41:03","guid":{"rendered":"https:\/\/radiorevelacionfm.cl\/?p=55638"},"modified":"2025-06-24T11:41:03","modified_gmt":"2025-06-24T14:41:03","slug":"40-personas-emprendedoras-comercializaron-sus-productos-y-servicios-con-apoyo-del-fosis","status":"publish","type":"post","link":"https:\/\/radiorevelacionfm.cl\/?p=55638","title":{"rendered":"40 personas emprendedoras comercializaron sus productos y servicios con apoyo del FOSIS"},"content":{"rendered":"<div class=\"flex_column av_one_full  flex_column_div av-zero-column-padding first  avia-builder-el-0  el_before_av_one_full  avia-builder-el-first  \" style='border-radius:0px; '><div  class='avia-image-container  av-styling-    avia-builder-el-1  avia-builder-el-no-sibling  avia-align-center '  itemprop=\"image\" itemscope=\"itemscope\" itemtype=\"https:\/\/schema.org\/ImageObject\"  ><div class='avia-image-container-inner'><div class='avia-image-overlay-wrap'><img decoding=\"async\" class='wp-image-55639 avia-img-lazy-loading-not-55639 avia_image' src=\"https:\/\/radiorevelacionfm.cl\/wp-content\/uploads\/2025\/06\/2-EFR-1-1.jpeg\" alt='' title='2 EFR (1) (1)' height=\"600\" width=\"826\"  itemprop=\"thumbnailUrl\" srcset=\"https:\/\/radiorevelacionfm.cl\/wp-content\/uploads\/2025\/06\/2-EFR-1-1.jpeg 826w, https:\/\/radiorevelacionfm.cl\/wp-content\/uploads\/2025\/06\/2-EFR-1-1-300x218.jpeg 300w, https:\/\/radiorevelacionfm.cl\/wp-content\/uploads\/2025\/06\/2-EFR-1-1-768x558.jpeg 768w, https:\/\/radiorevelacionfm.cl\/wp-content\/uploads\/2025\/06\/2-EFR-1-1-705x512.jpeg 705w, https:\/\/radiorevelacionfm.cl\/wp-content\/uploads\/2025\/06\/2-EFR-1-1-450x327.jpeg 450w, https:\/\/radiorevelacionfm.cl\/wp-content\/uploads\/2025\/06\/2-EFR-1-1-600x436.jpeg 600w\" sizes=\"(max-width: 826px) 100vw, 826px\" \/><\/div><\/div><\/div><\/div><div class=\"flex_column av_one_full  flex_column_div av-zero-column-padding first  avia-builder-el-2  el_after_av_one_full  el_before_av_one_full  column-top-margin\" style='border-radius:0px; '><section class=\"av_textblock_section \"  itemscope=\"itemscope\" itemtype=\"https:\/\/schema.org\/BlogPosting\" itemprop=\"blogPost\" ><div class='avia_textblock  '   itemprop=\"text\" ><p style=\"text-align: center;\"><span style=\"font-size: 18pt;\"><strong>40 personas emprendedoras comercializaron sus productos y servicios con apoyo del FOSIS<\/strong><\/span><\/p>\n<div id=\"gtx-trans\" style=\"position: absolute; left: -50px; top: 4.31534px;\">\n<div class=\"gtx-trans-icon\"><\/div>\n<\/div>\n<\/div><\/section><\/div><div class=\"flex_column av_one_full  flex_column_div av-zero-column-padding first  avia-builder-el-4  el_after_av_one_full  el_before_av_hr  column-top-margin\" style='border-radius:0px; '><section class=\"av_textblock_section \"  itemscope=\"itemscope\" itemtype=\"https:\/\/schema.org\/BlogPosting\" itemprop=\"blogPost\" ><div class='avia_textblock  '   itemprop=\"text\" ><ul>\n<li style=\"text-align: justify;\"><em>Emprendedores y emprendedoras regionales recibieron asesor\u00eda, financiamiento y la oportunidad de participar en la ultima versi\u00f3n de la Expo Patagonia realizada en Coyhaique.<\/em><\/li>\n<\/ul>\n<p style=\"text-align: justify;\">El programa Emprendamos Feria Regional, financiado por el Fondo de Solidaridad e Inversi\u00f3n Social, FOSIS y ejecutado con el apoyo de Imagina Ays\u00e9n, permiti\u00f3 a cuarenta personas emprendedoras de las comunas de Ays\u00e9n, R\u00edo Ib\u00e1\u00f1ez, Chile Chico, Cisnes y Coyhaique exhibir y comercializar sus productos y servicios, junto con recibir asesor\u00eda y financiamiento para desarrollar su negocio.<\/p>\n<p style=\"text-align: justify;\">Las personas usuarias que participaron de la certificaci\u00f3n y muestra final de productos y servicios, realizada en el auditorio de la Biblioteca Regional, recibieron sus diplomas de participaci\u00f3n en el programa de manos de la directora regional del FOSIS, Fernanda Leiva, quien escuch\u00f3 sobre las experiencias de emprendimiento de las personas usuarias que fueron parte de esta iniciativa.<\/p>\n<p style=\"text-align: justify;\">Valeska Asencio, emprendedora de Tejidos Vel, valor\u00f3 la intervenci\u00f3n del programa. \u201cTuvimos la oportunidad de trabajar en la Expo Patagonia los tres d\u00edas, nos fue s\u00faper bien, fuimos bien atendidas por le FOSIS y sus funcionarios. Nos dieron el beneficio de la movilizaci\u00f3n que es muy importante para nosotros que no contamos con movilizaci\u00f3n propia. Fue una linda experiencia con todos los emprendedoras y emprendedores, nos fue s\u00faper bien y tuvimos buenas ventas. Nos entregaron un monto de 50 mil pesos para incorporar nuevos productos o lo que uno estime conveniente, en mi caso compramos m\u00e1s materia prima, m\u00e1s lana y pudimos incorporar nuevos productos en nuestro stock\u201d.<\/p>\n<p style=\"text-align: justify;\">La directora regional del FOSIS, Fernanda Leiva, asegur\u00f3 que \u201cpudimos conocer lo que hicieron los emprendedores y emprendedoras con las asesor\u00edas y el financiamiento. Estamos contentos porque nos contaron c\u00f3mo mejoraron su imagen, c\u00f3mo adquirieron productos de marketing, c\u00f3mo pudieron poner en pr\u00e1ctica los conocimientos y herramientas que se entregaron a trav\u00e9s de este programa. Seguiremos trabajando para poder, como nos ha mandatado nuestro presidente Gabriel Boric, abrir y generar m\u00e1s oportunidades de visibilizaci\u00f3n y comercializaci\u00f3n de los productos y servicios de personas emprendedoras de la regi\u00f3n de Ays\u00e9n\u201d.<\/p>\n<p style=\"text-align: justify;\">El programa Emprendamos Feria Regional entrega un servicio integral que implica poner a disposici\u00f3n de las personas usuarias seleccionadas un espacio de intercambio y difusi\u00f3n de sus actividades econ\u00f3micas que les permita aprovechar una instancia masiva de comercializaci\u00f3n y acceso a oportunidades comerciales.<\/p>\n<\/div><\/section><\/div><div  style='height:50px' class='hr hr-invisible   avia-builder-el-6  el_after_av_one_full  el_before_av_social_share '><span class='hr-inner ' ><span class='hr-inner-style'><\/span><\/span><\/div><\/p>\n<div  class='av-social-sharing-box  avia-builder-el-7  el_after_av_hr  el_before_av_hr  '><div class='av-share-box'><h5 class='av-share-link-description av-no-toc '>Compartir esta noticia<\/h5><ul class='av-share-box-list noLightbox'><li class='av-share-link av-social-link-facebook' ><a target=\"_blank\" aria-label=\"Compartir en Facebook\" href='https:\/\/www.facebook.com\/sharer.php?u=https:\/\/radiorevelacionfm.cl\/?p=55638&#038;t=40%20personas%20emprendedoras%20comercializaron%20sus%20productos%20y%20servicios%20con%20apoyo%20del%20FOSIS' aria-hidden='false' data-av_icon='\ue8f3' data-av_iconfont='entypo-fontello' title='' data-avia-related-tooltip='Compartir en Facebook' rel=\"noopener\"><span class='avia_hidden_link_text'>Compartir en Facebook<\/span><\/a><\/li><li class='av-share-link av-social-link-twitter' ><a target=\"_blank\" aria-label=\"Compartir en Twitter\" href='https:\/\/twitter.com\/share?text=40%20personas%20emprendedoras%20comercializaron%20sus%20productos%20y%20servicios%20con%20apoyo%20del%20FOSIS&#038;url=https:\/\/radiorevelacionfm.cl\/?p=55638' aria-hidden='false' data-av_icon='\ue8f1' data-av_iconfont='entypo-fontello' title='' data-avia-related-tooltip='Compartir en Twitter' rel=\"noopener\"><span class='avia_hidden_link_text'>Compartir en Twitter<\/span><\/a><\/li><li class='av-share-link av-social-link-whatsapp' ><a target=\"_blank\" aria-label=\"Compartir en Whatsapp\" href='https:\/\/api.whatsapp.com\/send?text=https:\/\/radiorevelacionfm.cl\/?p=55638' aria-hidden='false' data-av_icon='\uf232' data-av_iconfont='entypo-fontello' title='' data-avia-related-tooltip='Compartir en Whatsapp' rel=\"noopener\"><span class='avia_hidden_link_text'>Compartir en Whatsapp<\/span><\/a><\/li><li class='av-share-link av-social-link-linkedin' ><a target=\"_blank\" aria-label=\"Compartir en LinkedIn\" href='https:\/\/linkedin.com\/shareArticle?mini=true&#038;title=40%20personas%20emprendedoras%20comercializaron%20sus%20productos%20y%20servicios%20con%20apoyo%20del%20FOSIS&#038;url=https:\/\/radiorevelacionfm.cl\/?p=55638' aria-hidden='false' data-av_icon='\ue8fc' data-av_iconfont='entypo-fontello' title='' data-avia-related-tooltip='Compartir en LinkedIn' rel=\"noopener\"><span class='avia_hidden_link_text'>Compartir en LinkedIn<\/span><\/a><\/li><li class='av-share-link av-social-link-mail' ><a  aria-label=\"Compartir por correo\" href='mailto:?subject=40%20personas%20emprendedoras%20comercializaron%20sus%20productos%20y%20servicios%20con%20apoyo%20del%20FOSIS&#038;body=https:\/\/radiorevelacionfm.cl\/?p=55638' aria-hidden='false' data-av_icon='\ue805' data-av_iconfont='entypo-fontello' title='' data-avia-related-tooltip='Compartir por correo'><span class='avia_hidden_link_text'>Compartir por correo<\/span><\/a><\/li><\/ul><\/div><\/div>\n<div  style='height:50px' class='hr hr-invisible   avia-builder-el-8  el_after_av_social_share  el_before_av_comments_list '><span class='hr-inner ' ><span class='hr-inner-style'><\/span><\/span><\/div>\n<div  class='av-buildercomment  av-blog-meta-html-info-disabled av-blog-meta-tag-disabled  '><\/div>\n","protected":false},"excerpt":{"rendered":"","protected":false},"author":1,"featured_media":55639,"comment_status":"closed","ping_status":"closed","sticky":false,"template":"","format":"standard","meta":{"footnotes":""},"categories":[38],"tags":[],"class_list":["post-55638","post","type-post","status-publish","format-standard","has-post-thumbnail","hentry","category-regional"],"jetpack_featured_media_url":"https:\/\/radiorevelacionfm.cl\/wp-content\/uploads\/2025\/06\/2-EFR-1-1.jpeg","_links":{"self":[{"href":"https:\/\/radiorevelacionfm.cl\/index.php?rest_route=\/wp\/v2\/posts\/55638","targetHints":{"allow":["GET"]}}],"collection":[{"href":"https:\/\/radiorevelacionfm.cl\/index.php?rest_route=\/wp\/v2\/posts"}],"about":[{"href":"https:\/\/radiorevelacionfm.cl\/index.php?rest_route=\/wp\/v2\/types\/post"}],"author":[{"embeddable":true,"href":"https:\/\/radiorevelacionfm.cl\/index.php?rest_route=\/wp\/v2\/users\/1"}],"replies":[{"embeddable":true,"href":"https:\/\/radiorevelacionfm.cl\/index.php?rest_route=%2Fwp%2Fv2%2Fcomments&post=55638"}],"version-history":[{"count":2,"href":"https:\/\/radiorevelacionfm.cl\/index.php?rest_route=\/wp\/v2\/posts\/55638\/revisions"}],"predecessor-version":[{"id":55641,"href":"https:\/\/radiorevelacionfm.cl\/index.php?rest_route=\/wp\/v2\/posts\/55638\/revisions\/55641"}],"wp:featuredmedia":[{"embeddable":true,"href":"https:\/\/radiorevelacionfm.cl\/index.php?rest_route=\/wp\/v2\/media\/55639"}],"wp:attachment":[{"href":"https:\/\/radiorevelacionfm.cl\/index.php?rest_route=%2Fwp%2Fv2%2Fmedia&parent=55638"}],"wp:term":[{"taxonomy":"category","embeddable":true,"href":"https:\/\/radiorevelacionfm.cl\/index.php?rest_route=%2Fwp%2Fv2%2Fcategories&post=55638"},{"taxonomy":"post_tag","embeddable":true,"href":"https:\/\/radiorevelacionfm.cl\/index.php?rest_route=%2Fwp%2Fv2%2Ftags&post=55638"}],"curies":[{"name":"wp","href":"https:\/\/api.w.org\/{rel}","templated":true}]}}