{"id":55635,"date":"2025-06-24T17:38:34","date_gmt":"2025-06-24T20:38:34","guid":{"rendered":"https:\/\/radiorevelacionfm.cl\/?p=55635"},"modified":"2025-06-24T17:38:34","modified_gmt":"2025-06-24T20:38:34","slug":"lanzan-plan-para-fortalecer-la-participacion-juvenil-en-coyhaique","status":"publish","type":"post","link":"https:\/\/radiorevelacionfm.cl\/?p=55635","title":{"rendered":"Lanzan plan para fortalecer la participaci\u00f3n juvenil en Coyhaique"},"content":{"rendered":"<div class=\"flex_column av_one_full  flex_column_div av-zero-column-padding first  avia-builder-el-0  el_before_av_one_full  avia-builder-el-first  \" style='border-radius:0px; '><div  class='avia-image-container  av-styling-    avia-builder-el-1  avia-builder-el-no-sibling  avia-align-center '  itemprop=\"image\" itemscope=\"itemscope\" itemtype=\"https:\/\/schema.org\/ImageObject\"  ><div class='avia-image-container-inner'><div class='avia-image-overlay-wrap'><img decoding=\"async\" class='wp-image-55636 avia-img-lazy-loading-not-55636 avia_image' src=\"https:\/\/radiorevelacionfm.cl\/wp-content\/uploads\/2025\/06\/foto-1-91-1_optimized.jpg\" alt='' title='foto-1-(91)-(1)_optimized' height=\"600\" width=\"831\"  itemprop=\"thumbnailUrl\" srcset=\"https:\/\/radiorevelacionfm.cl\/wp-content\/uploads\/2025\/06\/foto-1-91-1_optimized.jpg 831w, https:\/\/radiorevelacionfm.cl\/wp-content\/uploads\/2025\/06\/foto-1-91-1_optimized-300x217.jpg 300w, https:\/\/radiorevelacionfm.cl\/wp-content\/uploads\/2025\/06\/foto-1-91-1_optimized-768x555.jpg 768w, https:\/\/radiorevelacionfm.cl\/wp-content\/uploads\/2025\/06\/foto-1-91-1_optimized-705x509.jpg 705w, https:\/\/radiorevelacionfm.cl\/wp-content\/uploads\/2025\/06\/foto-1-91-1_optimized-450x325.jpg 450w, https:\/\/radiorevelacionfm.cl\/wp-content\/uploads\/2025\/06\/foto-1-91-1_optimized-600x433.jpg 600w\" sizes=\"(max-width: 831px) 100vw, 831px\" \/><\/div><\/div><\/div><\/div><div class=\"flex_column av_one_full  flex_column_div av-zero-column-padding first  avia-builder-el-2  el_after_av_one_full  el_before_av_one_full  column-top-margin\" style='border-radius:0px; '><section class=\"av_textblock_section \"  itemscope=\"itemscope\" itemtype=\"https:\/\/schema.org\/BlogPosting\" itemprop=\"blogPost\" ><div class='avia_textblock  '   itemprop=\"text\" ><p style=\"text-align: center;\"><strong><span style=\"font-size: 18pt;\">Lanzan plan para fortalecer la participaci\u00f3n juvenil en Coyhaique<\/span><\/strong><\/p>\n<div id=\"gtx-trans\" style=\"position: absolute; left: -50px; top: 4.31534px;\">\n<div class=\"gtx-trans-icon\"><\/div>\n<\/div>\n<\/div><\/section><\/div><div class=\"flex_column av_one_full  flex_column_div av-zero-column-padding first  avia-builder-el-4  el_after_av_one_full  el_before_av_hr  column-top-margin\" style='border-radius:0px; '><section class=\"av_textblock_section \"  itemscope=\"itemscope\" itemtype=\"https:\/\/schema.org\/BlogPosting\" itemprop=\"blogPost\" ><div class='avia_textblock  '   itemprop=\"text\" ><p style=\"text-align: justify;\">Con el objetivo de fortalecer la participaci\u00f3n juvenil en el desarrollo comunitario local, el Instituto Nacional de la Juventud (INJUV), en conjunto con la Ilustre Municipalidad de Coyhaique a trav\u00e9s de su Oficina Municipal de Juventudes, dieron inicio al programa \u201cCompromiso Joven\u201d en la comuna.<\/p>\n<p style=\"text-align: justify;\">Esta iniciativa busca fomentar el involucramiento activo de las juventudes en acciones que impacten positivamente en su entorno, mediante un trabajo colaborativo entre ambas instituciones. Durante los \u00faltimos meses INJUV Ays\u00e9n y la Oficina Municipal de Juventudes han sostenido diversas reuniones para definir la hoja de ruta del programa, comenzando con la etapa de planificaci\u00f3n del diagn\u00f3stico participativo, que permitir\u00e1 proyectar en un futuro cercano una serie de actividades dirigidas a las y los j\u00f3venes de la comuna.<\/p>\n<p style=\"text-align: justify;\">El programa contempla una variada agenda de acciones orientadas a las y los j\u00f3venes de Coyhaique, integrando talleres, espacios de formaci\u00f3n y convocatorias abiertas a iniciativas comunitarias.<\/p>\n<p style=\"text-align: justify;\">Para el alcalde de la comuna de Coyhaique, Carlos Gatica Villegas \u201cintegrar a nuestras juventudes es algo primordial, as\u00ed como a cada uno de los sectores de nuestra sociedad, estamos involucrando a nuestros j\u00f3venes no tan solo en la consulta escolar que define los proyectos para el centenario de nuestra ciudad, sino que adem\u00e1s tambi\u00e9n hoy en concordancia y en un trabajo en conjunto con INJUV hemos firmado un convenio de colaboraci\u00f3n que va a permitir que los j\u00f3venes de Coyhaique puedan participar en diversas instancias a trav\u00e9s de un programa que se llama Compromiso Joven, as\u00ed no tan solo ser\u00e1n parte de la construcci\u00f3n de comuna, sino que adem\u00e1s podr\u00e1n participar en instancias que decidan y se comprometan en la construcci\u00f3n de ella. Vamos a hacer un convenio precisamente para poder generar hermoseamiento en distintas \u00e1reas verdes, en distintos lugares y adem\u00e1s convenios de colaboraci\u00f3n donde los\u00a0 j\u00f3venes puedan integrar cada una de las etapas y los proyectos sociales que tiene el municipio. Finalmente decir que en este compromiso no tan solo se trasfieren capacidades t\u00e9cnicas, sino que adem\u00e1s vamos a estar asesorados a trav\u00e9s del Instituto Nacional de la Juventud para crear la estrategia de juventud a fines del a\u00f1o 2026\u201d, expres\u00f3 el edil.<\/p>\n<p style=\"text-align: justify;\">En tanto, la encargada de la Oficina de las Juventudes, Diversidades y Migrantes,\u00a0 Evelyn Retamales Gonz\u00e1lez, indic\u00f3 que \u201ccomo equipo estamos muy entusiasmados por el inicio del Programa Compromiso Joven, ya que nos permitir\u00e1 realizar un diagn\u00f3stico que ser\u00e1 clave para elaborar nuestro plan de trabajo el cual sin duda responder\u00e1 a las necesidades y aspiraciones de los j\u00f3venes de nuestra comuna. \u00a0Durante este proceso podremos identificar las \u00e1reas de mayor necesidad y dise\u00f1ar estrategias que aborden los desaf\u00edos y oportunidades que enfrentan nuestros j\u00f3venes. Junto a INJUV trabajaremos de manera articulada y efectiva para promover el desarrollo integral de las y los j\u00f3venes, garantizando su participaci\u00f3n activa en la sociedad y su contribuci\u00f3n al crecimiento de nuestra comunidad. Esto nos permitir\u00e1 tener lineamientos m\u00e1s eficientes y efectivos, asegurando que nuestros esfuerzos tengan un impacto real y duradero en la vida de las juventudes de Coyhaique\u201d.<\/p>\n<p style=\"text-align: justify;\">Por su parte, el director regional de INJUV Ays\u00e9n, Camilo Trivi\u00f1o Urtubia, sostuvo que \u201choy reafirmamos nuestro compromiso con las juventudes de Coyhaique, abriendo un nuevo ciclo de trabajo articulado que busca fortalecer su participaci\u00f3n real e incidente en el desarrollo local. Compromiso Joven no es solo un programa, \u00a0es una se\u00f1al concreta de que desde el Estado estamos generando condiciones para que las juventudes no solo opinen, sino que sean protagonistas en la toma de decisiones que afectan sus vidas y comunidades. Este esfuerzo responde a una voluntad pol\u00edtica clara de avanzar hacia gobiernos locales m\u00e1s inclusivos, con mirada de futuro y con juventudes en el centro. Como INJUV, creemos profundamente en el valor transformador de las juventudes organizadas y en su capacidad de liderar los cambios que nuestro pa\u00eds necesita\u201d, puntualiz\u00f3.<\/p>\n<p style=\"text-align: justify;\"><strong>Proyecciones<\/strong><\/p>\n<p style=\"text-align: justify;\">Durante este a\u00f1o 2025, la Municipalidad de Coyhaique recibir\u00e1 asistencia t\u00e9cnica para desarrollar un diagn\u00f3stico local, lo que permitir\u00e1 la creaci\u00f3n del Plan Municipal de Juventudes (PAMJUV). A partir de este instrumento se ejecutar\u00e1n acciones focalizadas dise\u00f1adas directamente para las juventudes de la comuna.<\/p>\n<p style=\"text-align: justify;\">En tanto para el pr\u00f3ximo a\u00f1o 2026, el programa contempla una ruta formativa en liderazgo juvenil y formulaci\u00f3n de proyectos, dirigida a fortalecer las competencias de las juventudes locales. Adem\u00e1s, las organizaciones comunitarias podr\u00e1n postular a fondos concursables destinados a financiar propuestas impulsadas por j\u00f3venes.<\/p>\n<p style=\"text-align: justify;\">Al cierre del proceso, se espera que los municipios cuenten con una Estrategia Municipal de Juventudes (EMJUV), herramienta clave para institucionalizar el trabajo con este grupo etario y dar continuidad a las pol\u00edticas p\u00fablicas juveniles en el territorio.<\/p>\n<\/div><\/section><\/div><div  style='height:50px' class='hr hr-invisible   avia-builder-el-6  el_after_av_one_full  el_before_av_social_share '><span class='hr-inner ' ><span class='hr-inner-style'><\/span><\/span><\/div><\/p>\n<div  class='av-social-sharing-box  avia-builder-el-7  el_after_av_hr  el_before_av_hr  '><div class='av-share-box'><h5 class='av-share-link-description av-no-toc '>Compartir esta noticia<\/h5><ul class='av-share-box-list noLightbox'><li class='av-share-link av-social-link-facebook' ><a target=\"_blank\" aria-label=\"Compartir en Facebook\" href='https:\/\/www.facebook.com\/sharer.php?u=https:\/\/radiorevelacionfm.cl\/?p=55635&#038;t=Lanzan%20plan%20para%20fortalecer%20la%20participaci%C3%B3n%20juvenil%20en%20Coyhaique' aria-hidden='false' data-av_icon='\ue8f3' data-av_iconfont='entypo-fontello' title='' data-avia-related-tooltip='Compartir en Facebook' rel=\"noopener\"><span class='avia_hidden_link_text'>Compartir en Facebook<\/span><\/a><\/li><li class='av-share-link av-social-link-twitter' ><a target=\"_blank\" aria-label=\"Compartir en Twitter\" href='https:\/\/twitter.com\/share?text=Lanzan%20plan%20para%20fortalecer%20la%20participaci%C3%B3n%20juvenil%20en%20Coyhaique&#038;url=https:\/\/radiorevelacionfm.cl\/?p=55635' aria-hidden='false' data-av_icon='\ue8f1' data-av_iconfont='entypo-fontello' title='' data-avia-related-tooltip='Compartir en Twitter' rel=\"noopener\"><span class='avia_hidden_link_text'>Compartir en Twitter<\/span><\/a><\/li><li class='av-share-link av-social-link-whatsapp' ><a target=\"_blank\" aria-label=\"Compartir en Whatsapp\" href='https:\/\/api.whatsapp.com\/send?text=https:\/\/radiorevelacionfm.cl\/?p=55635' aria-hidden='false' data-av_icon='\uf232' data-av_iconfont='entypo-fontello' title='' data-avia-related-tooltip='Compartir en Whatsapp' rel=\"noopener\"><span class='avia_hidden_link_text'>Compartir en Whatsapp<\/span><\/a><\/li><li class='av-share-link av-social-link-linkedin' ><a target=\"_blank\" aria-label=\"Compartir en LinkedIn\" href='https:\/\/linkedin.com\/shareArticle?mini=true&#038;title=Lanzan%20plan%20para%20fortalecer%20la%20participaci%C3%B3n%20juvenil%20en%20Coyhaique&#038;url=https:\/\/radiorevelacionfm.cl\/?p=55635' aria-hidden='false' data-av_icon='\ue8fc' data-av_iconfont='entypo-fontello' title='' data-avia-related-tooltip='Compartir en LinkedIn' rel=\"noopener\"><span class='avia_hidden_link_text'>Compartir en LinkedIn<\/span><\/a><\/li><li class='av-share-link av-social-link-mail' ><a  aria-label=\"Compartir por correo\" href='mailto:?subject=Lanzan%20plan%20para%20fortalecer%20la%20participaci%C3%B3n%20juvenil%20en%20Coyhaique&#038;body=https:\/\/radiorevelacionfm.cl\/?p=55635' aria-hidden='false' data-av_icon='\ue805' data-av_iconfont='entypo-fontello' title='' data-avia-related-tooltip='Compartir por correo'><span class='avia_hidden_link_text'>Compartir por correo<\/span><\/a><\/li><\/ul><\/div><\/div>\n<div  style='height:50px' class='hr hr-invisible   avia-builder-el-8  el_after_av_social_share  el_before_av_comments_list '><span class='hr-inner ' ><span class='hr-inner-style'><\/span><\/span><\/div>\n<div  class='av-buildercomment  av-blog-meta-html-info-disabled av-blog-meta-tag-disabled  '><\/div>\n","protected":false},"excerpt":{"rendered":"","protected":false},"author":1,"featured_media":55636,"comment_status":"closed","ping_status":"closed","sticky":false,"template":"","format":"standard","meta":{"footnotes":""},"categories":[38],"tags":[],"class_list":["post-55635","post","type-post","status-publish","format-standard","has-post-thumbnail","hentry","category-regional"],"jetpack_featured_media_url":"https:\/\/radiorevelacionfm.cl\/wp-content\/uploads\/2025\/06\/foto-1-91-1_optimized.jpg","_links":{"self":[{"href":"https:\/\/radiorevelacionfm.cl\/index.php?rest_route=\/wp\/v2\/posts\/55635","targetHints":{"allow":["GET"]}}],"collection":[{"href":"https:\/\/radiorevelacionfm.cl\/index.php?rest_route=\/wp\/v2\/posts"}],"about":[{"href":"https:\/\/radiorevelacionfm.cl\/index.php?rest_route=\/wp\/v2\/types\/post"}],"author":[{"embeddable":true,"href":"https:\/\/radiorevelacionfm.cl\/index.php?rest_route=\/wp\/v2\/users\/1"}],"replies":[{"embeddable":true,"href":"https:\/\/radiorevelacionfm.cl\/index.php?rest_route=%2Fwp%2Fv2%2Fcomments&post=55635"}],"version-history":[{"count":2,"href":"https:\/\/radiorevelacionfm.cl\/index.php?rest_route=\/wp\/v2\/posts\/55635\/revisions"}],"predecessor-version":[{"id":55670,"href":"https:\/\/radiorevelacionfm.cl\/index.php?rest_route=\/wp\/v2\/posts\/55635\/revisions\/55670"}],"wp:featuredmedia":[{"embeddable":true,"href":"https:\/\/radiorevelacionfm.cl\/index.php?rest_route=\/wp\/v2\/media\/55636"}],"wp:attachment":[{"href":"https:\/\/radiorevelacionfm.cl\/index.php?rest_route=%2Fwp%2Fv2%2Fmedia&parent=55635"}],"wp:term":[{"taxonomy":"category","embeddable":true,"href":"https:\/\/radiorevelacionfm.cl\/index.php?rest_route=%2Fwp%2Fv2%2Fcategories&post=55635"},{"taxonomy":"post_tag","embeddable":true,"href":"https:\/\/radiorevelacionfm.cl\/index.php?rest_route=%2Fwp%2Fv2%2Ftags&post=55635"}],"curies":[{"name":"wp","href":"https:\/\/api.w.org\/{rel}","templated":true}]}}