{"id":55632,"date":"2025-06-24T16:35:59","date_gmt":"2025-06-24T19:35:59","guid":{"rendered":"https:\/\/radiorevelacionfm.cl\/?p=55632"},"modified":"2025-06-24T16:35:59","modified_gmt":"2025-06-24T19:35:59","slug":"consejeros-regionales-solicitan-a-delegado-presidencial-concretar-compromisos-para-plan-de-zonas-extremas","status":"publish","type":"post","link":"https:\/\/radiorevelacionfm.cl\/?p=55632","title":{"rendered":"Consejeros regionales solicitan a delegado presidencial concretar compromisos para Plan de Zonas Extremas"},"content":{"rendered":"<div class=\"flex_column av_one_full  flex_column_div av-zero-column-padding first  avia-builder-el-0  el_before_av_one_full  avia-builder-el-first  \" style='border-radius:0px; '><div  class='avia-image-container  av-styling-    avia-builder-el-1  avia-builder-el-no-sibling  avia-align-center '  itemprop=\"image\" itemscope=\"itemscope\" itemtype=\"https:\/\/schema.org\/ImageObject\"  ><div class='avia-image-container-inner'><div class='avia-image-overlay-wrap'><img decoding=\"async\" class='wp-image-55633 avia-img-lazy-loading-not-55633 avia_image' src=\"https:\/\/radiorevelacionfm.cl\/wp-content\/uploads\/2025\/06\/Cartas-de-compromiso-consejeros-2-1-1.jpeg\" alt='' title='Cartas de compromiso - consejeros 2 (1) (1)' height=\"600\" width=\"831\"  itemprop=\"thumbnailUrl\" srcset=\"https:\/\/radiorevelacionfm.cl\/wp-content\/uploads\/2025\/06\/Cartas-de-compromiso-consejeros-2-1-1.jpeg 831w, https:\/\/radiorevelacionfm.cl\/wp-content\/uploads\/2025\/06\/Cartas-de-compromiso-consejeros-2-1-1-300x217.jpeg 300w, https:\/\/radiorevelacionfm.cl\/wp-content\/uploads\/2025\/06\/Cartas-de-compromiso-consejeros-2-1-1-768x555.jpeg 768w, https:\/\/radiorevelacionfm.cl\/wp-content\/uploads\/2025\/06\/Cartas-de-compromiso-consejeros-2-1-1-705x509.jpeg 705w, https:\/\/radiorevelacionfm.cl\/wp-content\/uploads\/2025\/06\/Cartas-de-compromiso-consejeros-2-1-1-450x325.jpeg 450w, https:\/\/radiorevelacionfm.cl\/wp-content\/uploads\/2025\/06\/Cartas-de-compromiso-consejeros-2-1-1-600x433.jpeg 600w\" sizes=\"(max-width: 831px) 100vw, 831px\" \/><\/div><\/div><\/div><\/div><div class=\"flex_column av_one_full  flex_column_div av-zero-column-padding first  avia-builder-el-2  el_after_av_one_full  el_before_av_one_full  column-top-margin\" style='border-radius:0px; '><section class=\"av_textblock_section \"  itemscope=\"itemscope\" itemtype=\"https:\/\/schema.org\/BlogPosting\" itemprop=\"blogPost\" ><div class='avia_textblock  '   itemprop=\"text\" ><p style=\"text-align: center;\"><span style=\"font-size: 18pt;\"><strong>Consejeros regionales solicitan a delegado presidencial concretar compromisos para Plan de Zonas Extremas<\/strong><\/span><\/p>\n<div id=\"gtx-trans\" style=\"position: absolute; left: -50px; top: 4.31534px;\">\n<div class=\"gtx-trans-icon\"><\/div>\n<\/div>\n<\/div><\/section><\/div><div class=\"flex_column av_one_full  flex_column_div av-zero-column-padding first  avia-builder-el-4  el_after_av_one_full  el_before_av_hr  column-top-margin\" style='border-radius:0px; '><section class=\"av_textblock_section \"  itemscope=\"itemscope\" itemtype=\"https:\/\/schema.org\/BlogPosting\" itemprop=\"blogPost\" ><div class='avia_textblock  '   itemprop=\"text\" ><p style=\"text-align: justify;\">Hasta las oficinas de la Delegaci\u00f3n Presidencial Regional, llegaron este lunes 23 de junio tres consejeros regionales para solicitar al delegado, Jorge D\u00edaz, apoyo para avanzar en la implementaci\u00f3n del Plan de Zonas Extremas (PDZE).<\/p>\n<p style=\"text-align: justify;\">A dos d\u00edas de que se inicie la revisi\u00f3n del PDZE en el Consejo Regional, a\u00fan faltan algunas\u00a0 cartas de compromiso de los sectores ministeriales sobre las principales iniciativas contempladas en el plan.<\/p>\n<p style=\"text-align: justify;\">El presidente de la Comisi\u00f3n de R\u00e9gimen Interno, Gustavo Villarroel, junto con la consejera Andrea Ponce y el consejero Rocco Martiniello, plantearon al delegado su preocupaci\u00f3n por las cartas de compromiso que a\u00fan no recibe el Gobierno Regional: \u201cHemos avanzado en priorizar aquellos proyectos, planes y programas m\u00e1s importantes para desarrollar en virtud del progreso de la regi\u00f3n. En nuestra visita, le hemos solicitado al delegado regional gestionar y agilizar algunas cartas de compromiso que deben emitir distintos servicios p\u00fablicos del Estado para, de esta forma, respaldar lo que va a ser la cartera definitiva de (proyectos) de este plan especial\u201d.<\/p>\n<p style=\"text-align: justify;\">El Plan de Zonas Extremas 2025-2035 impulsado por el Gobierno Regional contiene como principales iniciativas de inversi\u00f3n la pavimentaci\u00f3n de 232 kil\u00f3metros de la Carretera Austral, la construcci\u00f3n del Hospital de Coyhaique y una nueva c\u00e1rcel para la regi\u00f3n, entre otras grandes obras de infraestructura.<\/p>\n<p style=\"text-align: justify;\">Estas cartas de compromiso son parte de la metodolog\u00eda que se utiliza en el Plan de Zonas Extremas y busca que los proyectos incluidos efectivamente se concreten con el compromiso de los sectores involucrados. Actualmente, se encuentran fuera de plazo las cartas de compromiso por parte del Ministerio de Salud para la construcci\u00f3n del Hospital de Coyhaique y la carta de compromiso de la Direcci\u00f3n de Vialidad del Ministerio de Obras P\u00fablicas para proyectos como la pavimentaci\u00f3n de la carretera austral, entre otras.<\/p>\n<\/div><\/section><\/div><div  style='height:50px' class='hr hr-invisible   avia-builder-el-6  el_after_av_one_full  el_before_av_social_share '><span class='hr-inner ' ><span class='hr-inner-style'><\/span><\/span><\/div><\/p>\n<div  class='av-social-sharing-box  avia-builder-el-7  el_after_av_hr  el_before_av_hr  '><div class='av-share-box'><h5 class='av-share-link-description av-no-toc '>Compartir esta noticia<\/h5><ul class='av-share-box-list noLightbox'><li class='av-share-link av-social-link-facebook' ><a target=\"_blank\" aria-label=\"Compartir en Facebook\" href='https:\/\/www.facebook.com\/sharer.php?u=https:\/\/radiorevelacionfm.cl\/?p=55632&#038;t=Consejeros%20regionales%20solicitan%20a%20delegado%20presidencial%20concretar%20compromisos%20para%20Plan%20de%20Zonas%20Extremas' aria-hidden='false' data-av_icon='\ue8f3' data-av_iconfont='entypo-fontello' title='' data-avia-related-tooltip='Compartir en Facebook' rel=\"noopener\"><span class='avia_hidden_link_text'>Compartir en Facebook<\/span><\/a><\/li><li class='av-share-link av-social-link-twitter' ><a target=\"_blank\" aria-label=\"Compartir en Twitter\" href='https:\/\/twitter.com\/share?text=Consejeros%20regionales%20solicitan%20a%20delegado%20presidencial%20concretar%20compromisos%20para%20Plan%20de%20Zonas%20Extremas&#038;url=https:\/\/radiorevelacionfm.cl\/?p=55632' aria-hidden='false' data-av_icon='\ue8f1' data-av_iconfont='entypo-fontello' title='' data-avia-related-tooltip='Compartir en Twitter' rel=\"noopener\"><span class='avia_hidden_link_text'>Compartir en Twitter<\/span><\/a><\/li><li class='av-share-link av-social-link-whatsapp' ><a target=\"_blank\" aria-label=\"Compartir en Whatsapp\" href='https:\/\/api.whatsapp.com\/send?text=https:\/\/radiorevelacionfm.cl\/?p=55632' aria-hidden='false' data-av_icon='\uf232' data-av_iconfont='entypo-fontello' title='' data-avia-related-tooltip='Compartir en Whatsapp' rel=\"noopener\"><span class='avia_hidden_link_text'>Compartir en Whatsapp<\/span><\/a><\/li><li class='av-share-link av-social-link-linkedin' ><a target=\"_blank\" aria-label=\"Compartir en LinkedIn\" href='https:\/\/linkedin.com\/shareArticle?mini=true&#038;title=Consejeros%20regionales%20solicitan%20a%20delegado%20presidencial%20concretar%20compromisos%20para%20Plan%20de%20Zonas%20Extremas&#038;url=https:\/\/radiorevelacionfm.cl\/?p=55632' aria-hidden='false' data-av_icon='\ue8fc' data-av_iconfont='entypo-fontello' title='' data-avia-related-tooltip='Compartir en LinkedIn' rel=\"noopener\"><span class='avia_hidden_link_text'>Compartir en LinkedIn<\/span><\/a><\/li><li class='av-share-link av-social-link-mail' ><a  aria-label=\"Compartir por correo\" href='mailto:?subject=Consejeros%20regionales%20solicitan%20a%20delegado%20presidencial%20concretar%20compromisos%20para%20Plan%20de%20Zonas%20Extremas&#038;body=https:\/\/radiorevelacionfm.cl\/?p=55632' aria-hidden='false' data-av_icon='\ue805' data-av_iconfont='entypo-fontello' title='' data-avia-related-tooltip='Compartir por correo'><span class='avia_hidden_link_text'>Compartir por correo<\/span><\/a><\/li><\/ul><\/div><\/div>\n<div  style='height:50px' class='hr hr-invisible   avia-builder-el-8  el_after_av_social_share  el_before_av_comments_list '><span class='hr-inner ' ><span class='hr-inner-style'><\/span><\/span><\/div>\n<div  class='av-buildercomment  av-blog-meta-html-info-disabled av-blog-meta-tag-disabled  '><\/div>\n","protected":false},"excerpt":{"rendered":"","protected":false},"author":1,"featured_media":55633,"comment_status":"closed","ping_status":"closed","sticky":false,"template":"","format":"standard","meta":{"footnotes":""},"categories":[38],"tags":[],"class_list":["post-55632","post","type-post","status-publish","format-standard","has-post-thumbnail","hentry","category-regional"],"jetpack_featured_media_url":"https:\/\/radiorevelacionfm.cl\/wp-content\/uploads\/2025\/06\/Cartas-de-compromiso-consejeros-2-1-1.jpeg","_links":{"self":[{"href":"https:\/\/radiorevelacionfm.cl\/index.php?rest_route=\/wp\/v2\/posts\/55632","targetHints":{"allow":["GET"]}}],"collection":[{"href":"https:\/\/radiorevelacionfm.cl\/index.php?rest_route=\/wp\/v2\/posts"}],"about":[{"href":"https:\/\/radiorevelacionfm.cl\/index.php?rest_route=\/wp\/v2\/types\/post"}],"author":[{"embeddable":true,"href":"https:\/\/radiorevelacionfm.cl\/index.php?rest_route=\/wp\/v2\/users\/1"}],"replies":[{"embeddable":true,"href":"https:\/\/radiorevelacionfm.cl\/index.php?rest_route=%2Fwp%2Fv2%2Fcomments&post=55632"}],"version-history":[{"count":2,"href":"https:\/\/radiorevelacionfm.cl\/index.php?rest_route=\/wp\/v2\/posts\/55632\/revisions"}],"predecessor-version":[{"id":55666,"href":"https:\/\/radiorevelacionfm.cl\/index.php?rest_route=\/wp\/v2\/posts\/55632\/revisions\/55666"}],"wp:featuredmedia":[{"embeddable":true,"href":"https:\/\/radiorevelacionfm.cl\/index.php?rest_route=\/wp\/v2\/media\/55633"}],"wp:attachment":[{"href":"https:\/\/radiorevelacionfm.cl\/index.php?rest_route=%2Fwp%2Fv2%2Fmedia&parent=55632"}],"wp:term":[{"taxonomy":"category","embeddable":true,"href":"https:\/\/radiorevelacionfm.cl\/index.php?rest_route=%2Fwp%2Fv2%2Fcategories&post=55632"},{"taxonomy":"post_tag","embeddable":true,"href":"https:\/\/radiorevelacionfm.cl\/index.php?rest_route=%2Fwp%2Fv2%2Ftags&post=55632"}],"curies":[{"name":"wp","href":"https:\/\/api.w.org\/{rel}","templated":true}]}}