{"id":55629,"date":"2025-06-24T12:19:55","date_gmt":"2025-06-24T15:19:55","guid":{"rendered":"https:\/\/radiorevelacionfm.cl\/?p=55629"},"modified":"2025-06-24T12:19:55","modified_gmt":"2025-06-24T15:19:55","slug":"municipalidad-de-ohiggins-refuerza-su-compromiso-con-una-gestion-publica-libre-de-violencias-y-con-enfoque-de-genero","status":"publish","type":"post","link":"https:\/\/radiorevelacionfm.cl\/?p=55629","title":{"rendered":"Municipalidad de O&#8217;Higgins refuerza su compromiso con una gesti\u00f3n p\u00fablica libre de violencias y con enfoque de g\u00e9nero"},"content":{"rendered":"<div class=\"flex_column av_one_full  flex_column_div av-zero-column-padding first  avia-builder-el-0  el_before_av_one_full  avia-builder-el-first  \" style='border-radius:0px; '><div  class='avia-image-container  av-styling-    avia-builder-el-1  avia-builder-el-no-sibling  avia-align-center '  itemprop=\"image\" itemscope=\"itemscope\" itemtype=\"https:\/\/schema.org\/ImageObject\"  ><div class='avia-image-container-inner'><div class='avia-image-overlay-wrap'><img decoding=\"async\" class='wp-image-55630 avia-img-lazy-loading-not-55630 avia_image' src=\"https:\/\/radiorevelacionfm.cl\/wp-content\/uploads\/2025\/06\/VO-2025-06-12-at-13.39.10-1-1.jpeg\" alt='' title='VO 2025-06-12 at 13.39.10 (1) (1)' height=\"600\" width=\"800\"  itemprop=\"thumbnailUrl\" srcset=\"https:\/\/radiorevelacionfm.cl\/wp-content\/uploads\/2025\/06\/VO-2025-06-12-at-13.39.10-1-1.jpeg 800w, https:\/\/radiorevelacionfm.cl\/wp-content\/uploads\/2025\/06\/VO-2025-06-12-at-13.39.10-1-1-300x225.jpeg 300w, https:\/\/radiorevelacionfm.cl\/wp-content\/uploads\/2025\/06\/VO-2025-06-12-at-13.39.10-1-1-768x576.jpeg 768w, https:\/\/radiorevelacionfm.cl\/wp-content\/uploads\/2025\/06\/VO-2025-06-12-at-13.39.10-1-1-705x529.jpeg 705w, https:\/\/radiorevelacionfm.cl\/wp-content\/uploads\/2025\/06\/VO-2025-06-12-at-13.39.10-1-1-450x338.jpeg 450w, https:\/\/radiorevelacionfm.cl\/wp-content\/uploads\/2025\/06\/VO-2025-06-12-at-13.39.10-1-1-600x450.jpeg 600w\" sizes=\"(max-width: 800px) 100vw, 800px\" \/><\/div><\/div><\/div><\/div><div class=\"flex_column av_one_full  flex_column_div av-zero-column-padding first  avia-builder-el-2  el_after_av_one_full  el_before_av_one_full  column-top-margin\" style='border-radius:0px; '><section class=\"av_textblock_section \"  itemscope=\"itemscope\" itemtype=\"https:\/\/schema.org\/BlogPosting\" itemprop=\"blogPost\" ><div class='avia_textblock  '   itemprop=\"text\" ><p style=\"text-align: center;\"><span style=\"font-size: 18pt;\"><strong>Municipalidad de O&#8217;Higgins refuerza su compromiso con una gesti\u00f3n p\u00fablica libre de violencias y con enfoque de g\u00e9nero<\/strong><\/span><\/p>\n<div id=\"gtx-trans\" style=\"position: absolute; left: -50px; top: 4.31534px;\">\n<div class=\"gtx-trans-icon\"><\/div>\n<\/div>\n<\/div><\/section><\/div><div class=\"flex_column av_one_full  flex_column_div av-zero-column-padding first  avia-builder-el-4  el_after_av_one_full  el_before_av_hr  column-top-margin\" style='border-radius:0px; '><section class=\"av_textblock_section \"  itemscope=\"itemscope\" itemtype=\"https:\/\/schema.org\/BlogPosting\" itemprop=\"blogPost\" ><div class='avia_textblock  '   itemprop=\"text\" ><p style=\"text-align: justify;\">En un firme avance hacia una gesti\u00f3n institucional m\u00e1s equitativa, la Ilustre Municipalidad de O&#8217;Higgins ha dado importantes pasos durante el mes de junio en la implementaci\u00f3n de pol\u00edticas p\u00fablicas con enfoque de g\u00e9nero, la prevenci\u00f3n de las violencias y la promoci\u00f3n de derechos. A trav\u00e9s de acciones normativas, formativas y colaborativas, la comuna ha consolidado su rol como actor activo en el fortalecimiento de una cultura de buen trato, respeto e inclusi\u00f3n.<\/p>\n<p style=\"text-align: justify;\">Uno de los hitos m\u00e1s relevantes ha sido la actualizaci\u00f3n oficial del\u00a0<strong>Protocolo de Prevenci\u00f3n, Investigaci\u00f3n y Sanci\u00f3n del Acoso Laboral, Sexual y Violencia en el Trabajo<\/strong>, documento normativo que incorpora \u00edntegramente las exigencias de la nueva\u00a0<strong>Ley N\u00b0 21.643<\/strong>, conocida como\u00a0<strong>Ley Karin<\/strong>, vigente desde agosto de 2024. Esta ley establece la obligaci\u00f3n de contar con procedimientos claros, con enfoque de derechos y perspectiva de g\u00e9nero, tanto en instituciones p\u00fablicas como privadas.<\/p>\n<p style=\"text-align: justify;\">La Municipalidad de O&#8217;Higgins, a trav\u00e9s del\u00a0<strong>Decreto Alcaldicio N\u00b0984<\/strong>, aprob\u00f3 un protocolo que contempla medidas preventivas, resguardos para v\u00edctimas y denunciantes, procedimientos objetivos de investigaci\u00f3n, y principios clave como la confidencialidad, la no revictimizaci\u00f3n y la imparcialidad. Adem\u00e1s, el documento reconoce y define nuevas formas de violencia como el\u00a0<strong>ciberacoso<\/strong>, el\u00a0<strong>sexismo laboral<\/strong>\u00a0y el\u00a0<strong>acoso ascendente y horizontal<\/strong>, ampliando as\u00ed su aplicabilidad y pertinencia. Este protocolo aplica a todas las personas que trabajan\u00a0<strong>en y para la municipalidad<\/strong>, sin distinci\u00f3n contractual, y ser\u00e1 difundido digitalmente entre los equipos de trabajo, con el objetivo de garantizar ambientes laborales seguros y libres de cualquier tipo de violencia.<\/p>\n<p style=\"text-align: justify;\">En el plano territorial, el\u00a0<strong>martes 10 de junio<\/strong>\u00a0se llev\u00f3 a cabo en Cochrane la\u00a0<strong>inauguraci\u00f3n del Centro de Atenci\u00f3n Especializada en Violencias de G\u00e9nero (CAEVG)<\/strong>\u00a0en su espacio definitivo. Este hito regional incluy\u00f3 adem\u00e1s la firma de un\u00a0<strong>convenio de colaboraci\u00f3n entre los municipios de Cochrane, Tortel y O&#8217;Higgins<\/strong>, que permitir\u00e1 el funcionamiento descentralizado del centro y su acceso para mujeres de toda la Provincia de Capit\u00e1n Prat.<\/p>\n<p style=\"text-align: justify;\">En representaci\u00f3n de la Municipalidad de O&#8217;Higgins, asistieron el\u00a0<strong>alcalde Jos\u00e9 Claudio Fica G\u00f3mez<\/strong>\u00a0y una profesional del Departamento Social, reafirmando el compromiso institucional con el derecho de las mujeres a vivir una vida libre de violencias. El nuevo centro \u2014ubicado en la intersecci\u00f3n de las calles San Valent\u00edn y Las Golondrinas, en Cochrane\u2014 fue refaccionado especialmente para ofrecer atenci\u00f3n integral, digna y especializada a mujeres v\u00edctimas o sobrevivientes de violencia de g\u00e9nero. La jornada incluy\u00f3 tambi\u00e9n talleres y capacitaciones con enfoque de g\u00e9nero, dirigidas a funcionarios p\u00fablicos y lideresas del territorio.<\/p>\n<p style=\"text-align: justify;\">Estas acciones se suman al cierre oficial del\u00a0<strong>diplomado \u00abTransversalizaci\u00f3n de la perspectiva de g\u00e9nero en la gesti\u00f3n municipal con foco en violencias\u00bb<\/strong>, desarrollado por la\u00a0<strong>Universidad de Ays\u00e9n<\/strong>\u00a0a trav\u00e9s del\u00a0<strong>Fondo de Innovaci\u00f3n para la Competitividad (FIC)<\/strong>\u00a0y en convenio con\u00a0<strong>SernamEG Ays\u00e9n<\/strong>. Esta instancia formativa reuni\u00f3 a trabajadoras y trabajadores de instituciones p\u00fablicas de distintas comunas de la regi\u00f3n, incluyendo al equipo municipal de O&#8217;Higgins.<\/p>\n<p style=\"text-align: justify;\">Durante el diplomado, se profundiz\u00f3 en herramientas para incorporar la perspectiva de g\u00e9nero en la gesti\u00f3n p\u00fablica local, y se generaron productos concretos como:<\/p>\n<ul style=\"text-align: justify;\">\n<li>Una\u00a0<strong>gu\u00eda t\u00e9cnica para la transversalizaci\u00f3n de g\u00e9nero en la gesti\u00f3n municipal<\/strong>.<\/li>\n<li>Un\u00a0<strong>manual para gestores y gestoras comunitarias<\/strong>.<\/li>\n<li>Un\u00a0<strong>libro con enfoque territorial sobre violencia de g\u00e9nero<\/strong>, basado en una investigaci\u00f3n cualitativa centrada en las brechas existentes en la Regi\u00f3n de Ays\u00e9n.<\/li>\n<\/ul>\n<p style=\"text-align: justify;\">Desde la Ilustre Municipalidad de O&#8217;Higgins se valora de manera significativa el impacto de estas tres acciones: la actualizaci\u00f3n normativa, la articulaci\u00f3n territorial en la atenci\u00f3n especializada y el fortalecimiento de capacidades mediante formaci\u00f3n. Todas ellas responden a una convicci\u00f3n institucional clara: construir una comuna m\u00e1s justa, segura e inclusiva, donde los derechos de todas las personas sean respetados y garantizados.<\/p>\n<p style=\"text-align: justify;\">Este camino hacia una gesti\u00f3n p\u00fablica con enfoque de g\u00e9nero continuar\u00e1 con nuevas acciones formativas, estrategias de prevenci\u00f3n y apoyo t\u00e9cnico desde el municipio, reafirmando un compromiso que no solo se declara, sino que se ejecuta.<\/p>\n<\/div><\/section><\/div><div  style='height:50px' class='hr hr-invisible   avia-builder-el-6  el_after_av_one_full  el_before_av_social_share '><span class='hr-inner ' ><span class='hr-inner-style'><\/span><\/span><\/div><\/p>\n<div  class='av-social-sharing-box  avia-builder-el-7  el_after_av_hr  el_before_av_hr  '><div class='av-share-box'><h5 class='av-share-link-description av-no-toc '>Compartir esta noticia<\/h5><ul class='av-share-box-list noLightbox'><li class='av-share-link av-social-link-facebook' ><a target=\"_blank\" aria-label=\"Compartir en Facebook\" href='https:\/\/www.facebook.com\/sharer.php?u=https:\/\/radiorevelacionfm.cl\/?p=55629&#038;t=Municipalidad%20de%20O%E2%80%99Higgins%20refuerza%20su%20compromiso%20con%20una%20gesti%C3%B3n%20p%C3%BAblica%20libre%20de%20violencias%20y%20con%20enfoque%20de%20g%C3%A9nero' aria-hidden='false' data-av_icon='\ue8f3' data-av_iconfont='entypo-fontello' title='' data-avia-related-tooltip='Compartir en Facebook' rel=\"noopener\"><span class='avia_hidden_link_text'>Compartir en Facebook<\/span><\/a><\/li><li class='av-share-link av-social-link-twitter' ><a target=\"_blank\" aria-label=\"Compartir en Twitter\" href='https:\/\/twitter.com\/share?text=Municipalidad%20de%20O%E2%80%99Higgins%20refuerza%20su%20compromiso%20con%20una%20gesti%C3%B3n%20p%C3%BAblica%20libre%20de%20violencias%20y%20con%20enfoque%20de%20g%C3%A9nero&#038;url=https:\/\/radiorevelacionfm.cl\/?p=55629' aria-hidden='false' data-av_icon='\ue8f1' data-av_iconfont='entypo-fontello' title='' data-avia-related-tooltip='Compartir en Twitter' rel=\"noopener\"><span class='avia_hidden_link_text'>Compartir en Twitter<\/span><\/a><\/li><li class='av-share-link av-social-link-whatsapp' ><a target=\"_blank\" aria-label=\"Compartir en Whatsapp\" href='https:\/\/api.whatsapp.com\/send?text=https:\/\/radiorevelacionfm.cl\/?p=55629' aria-hidden='false' data-av_icon='\uf232' data-av_iconfont='entypo-fontello' title='' data-avia-related-tooltip='Compartir en Whatsapp' rel=\"noopener\"><span class='avia_hidden_link_text'>Compartir en Whatsapp<\/span><\/a><\/li><li class='av-share-link av-social-link-linkedin' ><a target=\"_blank\" aria-label=\"Compartir en LinkedIn\" href='https:\/\/linkedin.com\/shareArticle?mini=true&#038;title=Municipalidad%20de%20O%E2%80%99Higgins%20refuerza%20su%20compromiso%20con%20una%20gesti%C3%B3n%20p%C3%BAblica%20libre%20de%20violencias%20y%20con%20enfoque%20de%20g%C3%A9nero&#038;url=https:\/\/radiorevelacionfm.cl\/?p=55629' aria-hidden='false' data-av_icon='\ue8fc' data-av_iconfont='entypo-fontello' title='' data-avia-related-tooltip='Compartir en LinkedIn' rel=\"noopener\"><span class='avia_hidden_link_text'>Compartir en LinkedIn<\/span><\/a><\/li><li class='av-share-link av-social-link-mail' ><a  aria-label=\"Compartir por correo\" href='mailto:?subject=Municipalidad%20de%20O%E2%80%99Higgins%20refuerza%20su%20compromiso%20con%20una%20gesti%C3%B3n%20p%C3%BAblica%20libre%20de%20violencias%20y%20con%20enfoque%20de%20g%C3%A9nero&#038;body=https:\/\/radiorevelacionfm.cl\/?p=55629' aria-hidden='false' data-av_icon='\ue805' data-av_iconfont='entypo-fontello' title='' data-avia-related-tooltip='Compartir por correo'><span class='avia_hidden_link_text'>Compartir por correo<\/span><\/a><\/li><\/ul><\/div><\/div>\n<div  style='height:50px' class='hr hr-invisible   avia-builder-el-8  el_after_av_social_share  el_before_av_comments_list '><span class='hr-inner ' ><span class='hr-inner-style'><\/span><\/span><\/div>\n<div  class='av-buildercomment  av-blog-meta-html-info-disabled av-blog-meta-tag-disabled  '><\/div>\n","protected":false},"excerpt":{"rendered":"","protected":false},"author":1,"featured_media":55630,"comment_status":"closed","ping_status":"closed","sticky":false,"template":"","format":"standard","meta":{"footnotes":""},"categories":[38],"tags":[],"class_list":["post-55629","post","type-post","status-publish","format-standard","has-post-thumbnail","hentry","category-regional"],"jetpack_featured_media_url":"https:\/\/radiorevelacionfm.cl\/wp-content\/uploads\/2025\/06\/VO-2025-06-12-at-13.39.10-1-1.jpeg","_links":{"self":[{"href":"https:\/\/radiorevelacionfm.cl\/index.php?rest_route=\/wp\/v2\/posts\/55629","targetHints":{"allow":["GET"]}}],"collection":[{"href":"https:\/\/radiorevelacionfm.cl\/index.php?rest_route=\/wp\/v2\/posts"}],"about":[{"href":"https:\/\/radiorevelacionfm.cl\/index.php?rest_route=\/wp\/v2\/types\/post"}],"author":[{"embeddable":true,"href":"https:\/\/radiorevelacionfm.cl\/index.php?rest_route=\/wp\/v2\/users\/1"}],"replies":[{"embeddable":true,"href":"https:\/\/radiorevelacionfm.cl\/index.php?rest_route=%2Fwp%2Fv2%2Fcomments&post=55629"}],"version-history":[{"count":2,"href":"https:\/\/radiorevelacionfm.cl\/index.php?rest_route=\/wp\/v2\/posts\/55629\/revisions"}],"predecessor-version":[{"id":55645,"href":"https:\/\/radiorevelacionfm.cl\/index.php?rest_route=\/wp\/v2\/posts\/55629\/revisions\/55645"}],"wp:featuredmedia":[{"embeddable":true,"href":"https:\/\/radiorevelacionfm.cl\/index.php?rest_route=\/wp\/v2\/media\/55630"}],"wp:attachment":[{"href":"https:\/\/radiorevelacionfm.cl\/index.php?rest_route=%2Fwp%2Fv2%2Fmedia&parent=55629"}],"wp:term":[{"taxonomy":"category","embeddable":true,"href":"https:\/\/radiorevelacionfm.cl\/index.php?rest_route=%2Fwp%2Fv2%2Fcategories&post=55629"},{"taxonomy":"post_tag","embeddable":true,"href":"https:\/\/radiorevelacionfm.cl\/index.php?rest_route=%2Fwp%2Fv2%2Ftags&post=55629"}],"curies":[{"name":"wp","href":"https:\/\/api.w.org\/{rel}","templated":true}]}}