{"id":55620,"date":"2025-06-23T21:29:18","date_gmt":"2025-06-24T00:29:18","guid":{"rendered":"https:\/\/radiorevelacionfm.cl\/?p=55620"},"modified":"2025-06-23T21:29:18","modified_gmt":"2025-06-24T00:29:18","slug":"chile-chico-fiscalia-formalizo-a-imputado-por-maltrato-de-obra-a-carabineros-con-resultado-de-lesiones-menos-graves","status":"publish","type":"post","link":"https:\/\/radiorevelacionfm.cl\/?p=55620","title":{"rendered":"Chile Chico: Fiscal\u00eda formaliz\u00f3 a imputado por maltrato de obra a Carabineros con resultado de lesiones menos graves"},"content":{"rendered":"<div class=\"flex_column av_one_full  flex_column_div av-zero-column-padding first  avia-builder-el-0  el_before_av_one_full  avia-builder-el-first  \" style='border-radius:0px; '><div  class='avia-image-container  av-styling-    avia-builder-el-1  avia-builder-el-no-sibling  avia-align-center '  itemprop=\"image\" itemscope=\"itemscope\" itemtype=\"https:\/\/schema.org\/ImageObject\"  ><div class='avia-image-container-inner'><div class='avia-image-overlay-wrap'><img decoding=\"async\" class='wp-image-21941 avia-img-lazy-loading-not-21941 avia_image' src=\"https:\/\/radiorevelacionfm.cl\/wp-content\/uploads\/2022\/09\/comisaria-chile-chico-1_optimized.jpg\" alt='' title='comisaria-chile-chico-(1)_optimized' height=\"600\" width=\"900\"  itemprop=\"thumbnailUrl\" srcset=\"https:\/\/radiorevelacionfm.cl\/wp-content\/uploads\/2022\/09\/comisaria-chile-chico-1_optimized.jpg 900w, https:\/\/radiorevelacionfm.cl\/wp-content\/uploads\/2022\/09\/comisaria-chile-chico-1_optimized-300x200.jpg 300w, https:\/\/radiorevelacionfm.cl\/wp-content\/uploads\/2022\/09\/comisaria-chile-chico-1_optimized-768x512.jpg 768w, https:\/\/radiorevelacionfm.cl\/wp-content\/uploads\/2022\/09\/comisaria-chile-chico-1_optimized-705x470.jpg 705w, https:\/\/radiorevelacionfm.cl\/wp-content\/uploads\/2022\/09\/comisaria-chile-chico-1_optimized-600x400.jpg 600w\" sizes=\"(max-width: 900px) 100vw, 900px\" \/><\/div><\/div><\/div><\/div><div class=\"flex_column av_one_full  flex_column_div av-zero-column-padding first  avia-builder-el-2  el_after_av_one_full  el_before_av_one_full  column-top-margin\" style='border-radius:0px; '><section class=\"av_textblock_section \"  itemscope=\"itemscope\" itemtype=\"https:\/\/schema.org\/BlogPosting\" itemprop=\"blogPost\" ><div class='avia_textblock  '   itemprop=\"text\" ><h2 class=\"title\" style=\"text-align: center;\"><\/h2>\n<p style=\"text-align: center;\"><span style=\"font-size: 18pt;\"><b>Chile Chico: Fiscal\u00eda formaliz\u00f3 a imputado por maltrato de obra a Carabineros con resultado de lesiones menos graves<\/b><\/span><\/p>\n<div id=\"gtx-trans\" style=\"position: absolute; left: -50px; top: 4.31534px;\">\n<div class=\"gtx-trans-icon\"><\/div>\n<\/div>\n<\/div><\/section><\/div><div class=\"flex_column av_one_full  flex_column_div av-zero-column-padding first  avia-builder-el-4  el_after_av_one_full  el_before_av_hr  column-top-margin\" style='border-radius:0px; '><section class=\"av_textblock_section \"  itemscope=\"itemscope\" itemtype=\"https:\/\/schema.org\/BlogPosting\" itemprop=\"blogPost\" ><div class='avia_textblock  '   itemprop=\"text\" ><p style=\"font-weight: 400; text-align: justify;\">A solicitud del Ministerio P\u00fablico, el Tribunal de Garant\u00eda de Chile Chico decret\u00f3 la prisi\u00f3n preventiva de un imputado de 42 a\u00f1os quien fue formalizado por dos delitos de maltrato de obra a Carabineros con resultado de lesiones menos graves.<\/p>\n<p style=\"font-weight: 400; text-align: justify;\">Seg\u00fan explic\u00f3 la Fiscal Jefa de Chile Chico-Cochrane, Estefan\u00eda Leiva, \u201cel d\u00eda de ayer, 22 de junio del a\u00f1o 2025, el Tribunal de Garant\u00eda de Chile Chico, frente a la solicitud del Ministerio P\u00fablico, decret\u00f3 la prisi\u00f3n preventiva de un sujeto mayor de edad que, en el contexto de un procedimiento policial en un local nocturno, agredi\u00f3 a dos Carabineros de servicio, ocasion\u00e1ndoles lesiones de mediana gravedad\u201d.<\/p>\n<p style=\"font-weight: 400; text-align: justify;\">La Fiscal Estefan\u00eda Leiva a\u00f1adi\u00f3 que, en este caso, \u201cse fij\u00f3 un plazo de investigaci\u00f3n de 60 d\u00edas\u201d.<\/p>\n<p style=\"font-weight: 400; text-align: justify;\">En el C\u00f3digo de Justicia Militar se establece, en el art\u00edculo 416 bis, que el que hiriere, golpeare o maltratare de obra a un Carabinero que se encontrare en el ejercicio de sus funciones, ser\u00e1 castigado con diversas sanciones que van desde el presidio menor en su grado m\u00ednimo o multa de seis a once Unidades Tributarias Mensuales a presidio mayor en su grado medio, es decir sobre 10 a\u00f1os y un d\u00eda a 15 a\u00f1os de c\u00e1rcel, todo lo cual depende de la gravedad de las lesiones.<\/p>\n<\/div><\/section><\/div><div  style='height:50px' class='hr hr-invisible   avia-builder-el-6  el_after_av_one_full  el_before_av_social_share '><span class='hr-inner ' ><span class='hr-inner-style'><\/span><\/span><\/div><\/p>\n<div  class='av-social-sharing-box  avia-builder-el-7  el_after_av_hr  el_before_av_hr  '><div class='av-share-box'><h5 class='av-share-link-description av-no-toc '>Compartir esta noticia<\/h5><ul class='av-share-box-list noLightbox'><li class='av-share-link av-social-link-facebook' ><a target=\"_blank\" aria-label=\"Compartir en Facebook\" href='https:\/\/www.facebook.com\/sharer.php?u=https:\/\/radiorevelacionfm.cl\/?p=55620&#038;t=Chile%20Chico%3A%20Fiscal%C3%ADa%20formaliz%C3%B3%20a%20imputado%20por%20maltrato%20de%20obra%20a%20Carabineros%20con%20resultado%20de%20lesiones%20menos%20graves' aria-hidden='false' data-av_icon='\ue8f3' data-av_iconfont='entypo-fontello' title='' data-avia-related-tooltip='Compartir en Facebook' rel=\"noopener\"><span class='avia_hidden_link_text'>Compartir en Facebook<\/span><\/a><\/li><li class='av-share-link av-social-link-twitter' ><a target=\"_blank\" aria-label=\"Compartir en Twitter\" href='https:\/\/twitter.com\/share?text=Chile%20Chico%3A%20Fiscal%C3%ADa%20formaliz%C3%B3%20a%20imputado%20por%20maltrato%20de%20obra%20a%20Carabineros%20con%20resultado%20de%20lesiones%20menos%20graves&#038;url=https:\/\/radiorevelacionfm.cl\/?p=55620' aria-hidden='false' data-av_icon='\ue8f1' data-av_iconfont='entypo-fontello' title='' data-avia-related-tooltip='Compartir en Twitter' rel=\"noopener\"><span class='avia_hidden_link_text'>Compartir en Twitter<\/span><\/a><\/li><li class='av-share-link av-social-link-whatsapp' ><a target=\"_blank\" aria-label=\"Compartir en Whatsapp\" href='https:\/\/api.whatsapp.com\/send?text=https:\/\/radiorevelacionfm.cl\/?p=55620' aria-hidden='false' data-av_icon='\uf232' data-av_iconfont='entypo-fontello' title='' data-avia-related-tooltip='Compartir en Whatsapp' rel=\"noopener\"><span class='avia_hidden_link_text'>Compartir en Whatsapp<\/span><\/a><\/li><li class='av-share-link av-social-link-linkedin' ><a target=\"_blank\" aria-label=\"Compartir en LinkedIn\" href='https:\/\/linkedin.com\/shareArticle?mini=true&#038;title=Chile%20Chico%3A%20Fiscal%C3%ADa%20formaliz%C3%B3%20a%20imputado%20por%20maltrato%20de%20obra%20a%20Carabineros%20con%20resultado%20de%20lesiones%20menos%20graves&#038;url=https:\/\/radiorevelacionfm.cl\/?p=55620' aria-hidden='false' data-av_icon='\ue8fc' data-av_iconfont='entypo-fontello' title='' data-avia-related-tooltip='Compartir en LinkedIn' rel=\"noopener\"><span class='avia_hidden_link_text'>Compartir en LinkedIn<\/span><\/a><\/li><li class='av-share-link av-social-link-mail' ><a  aria-label=\"Compartir por correo\" href='mailto:?subject=Chile%20Chico%3A%20Fiscal%C3%ADa%20formaliz%C3%B3%20a%20imputado%20por%20maltrato%20de%20obra%20a%20Carabineros%20con%20resultado%20de%20lesiones%20menos%20graves&#038;body=https:\/\/radiorevelacionfm.cl\/?p=55620' aria-hidden='false' data-av_icon='\ue805' data-av_iconfont='entypo-fontello' title='' data-avia-related-tooltip='Compartir por correo'><span class='avia_hidden_link_text'>Compartir por correo<\/span><\/a><\/li><\/ul><\/div><\/div>\n<div  style='height:50px' class='hr hr-invisible   avia-builder-el-8  el_after_av_social_share  el_before_av_comments_list '><span class='hr-inner ' ><span class='hr-inner-style'><\/span><\/span><\/div>\n<div  class='av-buildercomment  av-blog-meta-html-info-disabled av-blog-meta-tag-disabled  '><\/div>\n","protected":false},"excerpt":{"rendered":"","protected":false},"author":1,"featured_media":21941,"comment_status":"closed","ping_status":"closed","sticky":false,"template":"","format":"standard","meta":{"footnotes":""},"categories":[36],"tags":[],"class_list":["post-55620","post","type-post","status-publish","format-standard","has-post-thumbnail","hentry","category-policial"],"jetpack_featured_media_url":"https:\/\/radiorevelacionfm.cl\/wp-content\/uploads\/2022\/09\/comisaria-chile-chico-1_optimized.jpg","_links":{"self":[{"href":"https:\/\/radiorevelacionfm.cl\/index.php?rest_route=\/wp\/v2\/posts\/55620","targetHints":{"allow":["GET"]}}],"collection":[{"href":"https:\/\/radiorevelacionfm.cl\/index.php?rest_route=\/wp\/v2\/posts"}],"about":[{"href":"https:\/\/radiorevelacionfm.cl\/index.php?rest_route=\/wp\/v2\/types\/post"}],"author":[{"embeddable":true,"href":"https:\/\/radiorevelacionfm.cl\/index.php?rest_route=\/wp\/v2\/users\/1"}],"replies":[{"embeddable":true,"href":"https:\/\/radiorevelacionfm.cl\/index.php?rest_route=%2Fwp%2Fv2%2Fcomments&post=55620"}],"version-history":[{"count":2,"href":"https:\/\/radiorevelacionfm.cl\/index.php?rest_route=\/wp\/v2\/posts\/55620\/revisions"}],"predecessor-version":[{"id":55624,"href":"https:\/\/radiorevelacionfm.cl\/index.php?rest_route=\/wp\/v2\/posts\/55620\/revisions\/55624"}],"wp:featuredmedia":[{"embeddable":true,"href":"https:\/\/radiorevelacionfm.cl\/index.php?rest_route=\/wp\/v2\/media\/21941"}],"wp:attachment":[{"href":"https:\/\/radiorevelacionfm.cl\/index.php?rest_route=%2Fwp%2Fv2%2Fmedia&parent=55620"}],"wp:term":[{"taxonomy":"category","embeddable":true,"href":"https:\/\/radiorevelacionfm.cl\/index.php?rest_route=%2Fwp%2Fv2%2Fcategories&post=55620"},{"taxonomy":"post_tag","embeddable":true,"href":"https:\/\/radiorevelacionfm.cl\/index.php?rest_route=%2Fwp%2Fv2%2Ftags&post=55620"}],"curies":[{"name":"wp","href":"https:\/\/api.w.org\/{rel}","templated":true}]}}