{"id":55618,"date":"2025-06-23T20:20:50","date_gmt":"2025-06-23T23:20:50","guid":{"rendered":"https:\/\/radiorevelacionfm.cl\/?p=55618"},"modified":"2025-06-23T20:20:50","modified_gmt":"2025-06-23T23:20:50","slug":"hechos-ocurrieron-la-noche-del-sabado-imputado-en-prision-preventiva-por-homicidio-frustrado-en-villa-manihuales","status":"publish","type":"post","link":"https:\/\/radiorevelacionfm.cl\/?p=55618","title":{"rendered":"Hechos ocurrieron la noche del s\u00e1bado: Imputado en prisi\u00f3n preventiva por homicidio frustrado en Villa Ma\u00f1ihuales"},"content":{"rendered":"<div class=\"flex_column av_one_full  flex_column_div av-zero-column-padding first  avia-builder-el-0  el_before_av_one_full  avia-builder-el-first  \" style='border-radius:0px; '><div  class='avia-image-container  av-styling-    avia-builder-el-1  avia-builder-el-no-sibling  avia-align-center '  itemprop=\"image\" itemscope=\"itemscope\" itemtype=\"https:\/\/schema.org\/ImageObject\"  ><div class='avia-image-container-inner'><div class='avia-image-overlay-wrap'><img decoding=\"async\" class='wp-image-36004 avia-img-lazy-loading-not-36004 avia_image' src=\"https:\/\/radiorevelacionfm.cl\/wp-content\/uploads\/2023\/10\/Reten-Manihuales-1-1.jpg\" alt='' title='Reten Ma\u00f1ihuales (1) (1)' height=\"600\" width=\"800\"  itemprop=\"thumbnailUrl\" srcset=\"https:\/\/radiorevelacionfm.cl\/wp-content\/uploads\/2023\/10\/Reten-Manihuales-1-1.jpg 800w, https:\/\/radiorevelacionfm.cl\/wp-content\/uploads\/2023\/10\/Reten-Manihuales-1-1-300x225.jpg 300w, https:\/\/radiorevelacionfm.cl\/wp-content\/uploads\/2023\/10\/Reten-Manihuales-1-1-768x576.jpg 768w, https:\/\/radiorevelacionfm.cl\/wp-content\/uploads\/2023\/10\/Reten-Manihuales-1-1-705x529.jpg 705w, https:\/\/radiorevelacionfm.cl\/wp-content\/uploads\/2023\/10\/Reten-Manihuales-1-1-450x338.jpg 450w, https:\/\/radiorevelacionfm.cl\/wp-content\/uploads\/2023\/10\/Reten-Manihuales-1-1-600x450.jpg 600w\" sizes=\"(max-width: 800px) 100vw, 800px\" \/><\/div><\/div><\/div><\/div><div class=\"flex_column av_one_full  flex_column_div av-zero-column-padding first  avia-builder-el-2  el_after_av_one_full  el_before_av_one_full  column-top-margin\" style='border-radius:0px; '><section class=\"av_textblock_section \"  itemscope=\"itemscope\" itemtype=\"https:\/\/schema.org\/BlogPosting\" itemprop=\"blogPost\" ><div class='avia_textblock  '   itemprop=\"text\" ><p style=\"text-align: center;\"><strong><span style=\"font-size: 18pt;\">Hechos ocurrieron la noche del s\u00e1bado: Imputado en prisi\u00f3n preventiva por homicidio frustrado en Villa Ma\u00f1ihuales <\/span><\/strong><\/p>\n<div id=\"gtx-trans\" style=\"position: absolute; left: -50px; top: 4.31534px;\">\n<div class=\"gtx-trans-icon\"><\/div>\n<\/div>\n<\/div><\/section><\/div><div class=\"flex_column av_one_full  flex_column_div av-zero-column-padding first  avia-builder-el-4  el_after_av_one_full  el_before_av_hr  column-top-margin\" style='border-radius:0px; '><section class=\"av_textblock_section \"  itemscope=\"itemscope\" itemtype=\"https:\/\/schema.org\/BlogPosting\" itemprop=\"blogPost\" ><div class='avia_textblock  '   itemprop=\"text\" ><p class=\"v1MsoNormal\" style=\"text-align: justify;\">El Fiscal adjunto Fernando Pino, explic\u00f3 que quedan diligencias pendientes como \u201cdeclaraciones de testigos, reconstituir lo que sucedi\u00f3 en la Villa Ma\u00f1ihuales y diligencias ante el Servicio M\u00e9dico Legal\u201d.<\/p>\n<p class=\"v1MsoNormal\" style=\"text-align: justify;\">La Fiscal\u00eda Local de Ays\u00e9n &#8211; Cisnes formaliz\u00f3 este lunes a un imputado de 23 a\u00f1os por el delito de homicidio frustrado ocurrido en Villa Ma\u00f1ihuales, procedimiento adoptado por Carabineros del Ret\u00e9n de dicha localidad, seg\u00fan explic\u00f3 el Fiscal Adjunto Fernando Pino.<\/p>\n<p class=\"v1MsoNormal\" style=\"text-align: justify;\">\u201cEl d\u00eda de hoy el Ministerio P\u00fablico ha formalizado investigaci\u00f3n ante el Juzgado de Garant\u00eda de Puerto Ays\u00e9n, comunic\u00e1ndole a un imputado adulto su participaci\u00f3n como autor de un delito de homicidio frustrado, hecho ocurrido el d\u00eda s\u00e1bado en la noche en la Villa Ma\u00f1ihuales\u201d, coment\u00f3 el Fiscal Pino.<\/p>\n<p class=\"v1MsoNormal\" style=\"text-align: justify;\">En este caso, dijo el Fiscal, \u201cel imputado habr\u00eda apu\u00f1alado, provisto de un arma blanca, a la v\u00edctima en la zona abdominal, producto de lo cual fue trasladado de urgencia a Coyhaique donde fue sometido a cirug\u00eda y fue hospitalizado\u201d.<\/p>\n<p class=\"v1MsoNormal\" style=\"text-align: justify;\">Producto de lo anterior, a\u00f1adi\u00f3 el persecutor penal, \u201cposterior a la formalizaci\u00f3n, el Ministerio P\u00fablico solicit\u00f3 la medida cautelar de prisi\u00f3n preventiva, la cual fue concedida por el Tribunal por considerar que el imputado es un peligro para la seguridad de la sociedad y fij\u00f3 un plazo de investigaci\u00f3n de 60 d\u00edas, quedando diligencias pendientes como son declaraciones de testigos, reconstituir lo que sucedi\u00f3 en la Villa Ma\u00f1ihuales y diligencias ante el Servicio M\u00e9dico Legal\u201d.<\/p>\n<\/div><\/section><\/div><div  style='height:50px' class='hr hr-invisible   avia-builder-el-6  el_after_av_one_full  el_before_av_social_share '><span class='hr-inner ' ><span class='hr-inner-style'><\/span><\/span><\/div><\/p>\n<div  class='av-social-sharing-box  avia-builder-el-7  el_after_av_hr  el_before_av_hr  '><div class='av-share-box'><h5 class='av-share-link-description av-no-toc '>Compartir esta noticia<\/h5><ul class='av-share-box-list noLightbox'><li class='av-share-link av-social-link-facebook' ><a target=\"_blank\" aria-label=\"Compartir en Facebook\" href='https:\/\/www.facebook.com\/sharer.php?u=https:\/\/radiorevelacionfm.cl\/?p=55618&#038;t=Hechos%20ocurrieron%20la%20noche%20del%20s%C3%A1bado%3A%20Imputado%20en%20prisi%C3%B3n%20preventiva%20por%20homicidio%20frustrado%20en%20Villa%20Ma%C3%B1ihuales' aria-hidden='false' data-av_icon='\ue8f3' data-av_iconfont='entypo-fontello' title='' data-avia-related-tooltip='Compartir en Facebook' rel=\"noopener\"><span class='avia_hidden_link_text'>Compartir en Facebook<\/span><\/a><\/li><li class='av-share-link av-social-link-twitter' ><a target=\"_blank\" aria-label=\"Compartir en Twitter\" href='https:\/\/twitter.com\/share?text=Hechos%20ocurrieron%20la%20noche%20del%20s%C3%A1bado%3A%20Imputado%20en%20prisi%C3%B3n%20preventiva%20por%20homicidio%20frustrado%20en%20Villa%20Ma%C3%B1ihuales&#038;url=https:\/\/radiorevelacionfm.cl\/?p=55618' aria-hidden='false' data-av_icon='\ue8f1' data-av_iconfont='entypo-fontello' title='' data-avia-related-tooltip='Compartir en Twitter' rel=\"noopener\"><span class='avia_hidden_link_text'>Compartir en Twitter<\/span><\/a><\/li><li class='av-share-link av-social-link-whatsapp' ><a target=\"_blank\" aria-label=\"Compartir en Whatsapp\" href='https:\/\/api.whatsapp.com\/send?text=https:\/\/radiorevelacionfm.cl\/?p=55618' aria-hidden='false' data-av_icon='\uf232' data-av_iconfont='entypo-fontello' title='' data-avia-related-tooltip='Compartir en Whatsapp' rel=\"noopener\"><span class='avia_hidden_link_text'>Compartir en Whatsapp<\/span><\/a><\/li><li class='av-share-link av-social-link-linkedin' ><a target=\"_blank\" aria-label=\"Compartir en LinkedIn\" href='https:\/\/linkedin.com\/shareArticle?mini=true&#038;title=Hechos%20ocurrieron%20la%20noche%20del%20s%C3%A1bado%3A%20Imputado%20en%20prisi%C3%B3n%20preventiva%20por%20homicidio%20frustrado%20en%20Villa%20Ma%C3%B1ihuales&#038;url=https:\/\/radiorevelacionfm.cl\/?p=55618' aria-hidden='false' data-av_icon='\ue8fc' data-av_iconfont='entypo-fontello' title='' data-avia-related-tooltip='Compartir en LinkedIn' rel=\"noopener\"><span class='avia_hidden_link_text'>Compartir en LinkedIn<\/span><\/a><\/li><li class='av-share-link av-social-link-mail' ><a  aria-label=\"Compartir por correo\" href='mailto:?subject=Hechos%20ocurrieron%20la%20noche%20del%20s%C3%A1bado%3A%20Imputado%20en%20prisi%C3%B3n%20preventiva%20por%20homicidio%20frustrado%20en%20Villa%20Ma%C3%B1ihuales&#038;body=https:\/\/radiorevelacionfm.cl\/?p=55618' aria-hidden='false' data-av_icon='\ue805' data-av_iconfont='entypo-fontello' title='' data-avia-related-tooltip='Compartir por correo'><span class='avia_hidden_link_text'>Compartir por correo<\/span><\/a><\/li><\/ul><\/div><\/div>\n<div  style='height:50px' class='hr hr-invisible   avia-builder-el-8  el_after_av_social_share  el_before_av_comments_list '><span class='hr-inner ' ><span class='hr-inner-style'><\/span><\/span><\/div>\n<div  class='av-buildercomment  av-blog-meta-html-info-disabled av-blog-meta-tag-disabled  '><\/div>\n","protected":false},"excerpt":{"rendered":"","protected":false},"author":1,"featured_media":36004,"comment_status":"closed","ping_status":"closed","sticky":false,"template":"","format":"standard","meta":{"footnotes":""},"categories":[36],"tags":[],"class_list":["post-55618","post","type-post","status-publish","format-standard","has-post-thumbnail","hentry","category-policial"],"jetpack_featured_media_url":"https:\/\/radiorevelacionfm.cl\/wp-content\/uploads\/2023\/10\/Reten-Manihuales-1-1.jpg","_links":{"self":[{"href":"https:\/\/radiorevelacionfm.cl\/index.php?rest_route=\/wp\/v2\/posts\/55618","targetHints":{"allow":["GET"]}}],"collection":[{"href":"https:\/\/radiorevelacionfm.cl\/index.php?rest_route=\/wp\/v2\/posts"}],"about":[{"href":"https:\/\/radiorevelacionfm.cl\/index.php?rest_route=\/wp\/v2\/types\/post"}],"author":[{"embeddable":true,"href":"https:\/\/radiorevelacionfm.cl\/index.php?rest_route=\/wp\/v2\/users\/1"}],"replies":[{"embeddable":true,"href":"https:\/\/radiorevelacionfm.cl\/index.php?rest_route=%2Fwp%2Fv2%2Fcomments&post=55618"}],"version-history":[{"count":2,"href":"https:\/\/radiorevelacionfm.cl\/index.php?rest_route=\/wp\/v2\/posts\/55618\/revisions"}],"predecessor-version":[{"id":55622,"href":"https:\/\/radiorevelacionfm.cl\/index.php?rest_route=\/wp\/v2\/posts\/55618\/revisions\/55622"}],"wp:featuredmedia":[{"embeddable":true,"href":"https:\/\/radiorevelacionfm.cl\/index.php?rest_route=\/wp\/v2\/media\/36004"}],"wp:attachment":[{"href":"https:\/\/radiorevelacionfm.cl\/index.php?rest_route=%2Fwp%2Fv2%2Fmedia&parent=55618"}],"wp:term":[{"taxonomy":"category","embeddable":true,"href":"https:\/\/radiorevelacionfm.cl\/index.php?rest_route=%2Fwp%2Fv2%2Fcategories&post=55618"},{"taxonomy":"post_tag","embeddable":true,"href":"https:\/\/radiorevelacionfm.cl\/index.php?rest_route=%2Fwp%2Fv2%2Ftags&post=55618"}],"curies":[{"name":"wp","href":"https:\/\/api.w.org\/{rel}","templated":true}]}}