{"id":55615,"date":"2025-06-24T10:50:39","date_gmt":"2025-06-24T13:50:39","guid":{"rendered":"https:\/\/radiorevelacionfm.cl\/?p=55615"},"modified":"2025-06-24T10:50:39","modified_gmt":"2025-06-24T13:50:39","slug":"teatro-austral-abre-sus-puertas-al-barrio-un-espacio-para-fortalecer-la-gestion-comunitaria","status":"publish","type":"post","link":"https:\/\/radiorevelacionfm.cl\/?p=55615","title":{"rendered":"Teatro Austral abre sus puertas al barrio: un espacio para fortalecer la gesti\u00f3n comunitaria"},"content":{"rendered":"<div class=\"flex_column av_one_full  flex_column_div av-zero-column-padding first  avia-builder-el-0  el_before_av_one_full  avia-builder-el-first  \" style='border-radius:0px; '><div  class='avia-image-container  av-styling-    avia-builder-el-1  avia-builder-el-no-sibling  avia-align-center '  itemprop=\"image\" itemscope=\"itemscope\" itemtype=\"https:\/\/schema.org\/ImageObject\"  ><div class='avia-image-container-inner'><div class='avia-image-overlay-wrap'><img decoding=\"async\" class='wp-image-55616 avia-img-lazy-loading-not-55616 avia_image' src=\"https:\/\/radiorevelacionfm.cl\/wp-content\/uploads\/2025\/06\/WhatsApp-Image-2025-06-23-at-4.15.40-PM-1-1.jpeg\" alt='' title='WhatsApp Image 2025-06-23 at 4.15.40 PM (1) (1)' height=\"600\" width=\"826\"  itemprop=\"thumbnailUrl\" srcset=\"https:\/\/radiorevelacionfm.cl\/wp-content\/uploads\/2025\/06\/WhatsApp-Image-2025-06-23-at-4.15.40-PM-1-1.jpeg 826w, https:\/\/radiorevelacionfm.cl\/wp-content\/uploads\/2025\/06\/WhatsApp-Image-2025-06-23-at-4.15.40-PM-1-1-300x218.jpeg 300w, https:\/\/radiorevelacionfm.cl\/wp-content\/uploads\/2025\/06\/WhatsApp-Image-2025-06-23-at-4.15.40-PM-1-1-768x558.jpeg 768w, https:\/\/radiorevelacionfm.cl\/wp-content\/uploads\/2025\/06\/WhatsApp-Image-2025-06-23-at-4.15.40-PM-1-1-705x512.jpeg 705w, https:\/\/radiorevelacionfm.cl\/wp-content\/uploads\/2025\/06\/WhatsApp-Image-2025-06-23-at-4.15.40-PM-1-1-450x327.jpeg 450w, https:\/\/radiorevelacionfm.cl\/wp-content\/uploads\/2025\/06\/WhatsApp-Image-2025-06-23-at-4.15.40-PM-1-1-600x436.jpeg 600w\" sizes=\"(max-width: 826px) 100vw, 826px\" \/><\/div><\/div><\/div><\/div><div class=\"flex_column av_one_full  flex_column_div av-zero-column-padding first  avia-builder-el-2  el_after_av_one_full  el_before_av_one_full  column-top-margin\" style='border-radius:0px; '><section class=\"av_textblock_section \"  itemscope=\"itemscope\" itemtype=\"https:\/\/schema.org\/BlogPosting\" itemprop=\"blogPost\" ><div class='avia_textblock  '   itemprop=\"text\" ><p style=\"text-align: center;\"><span style=\"font-size: 18pt;\"><b>Teatro Austral abre sus puertas al barrio: un espacio para fortalecer la gesti\u00f3n comunitaria<\/b><\/span><\/p>\n<div id=\"gtx-trans\" style=\"position: absolute; left: -50px; top: 4.31534px;\">\n<div class=\"gtx-trans-icon\"><\/div>\n<\/div>\n<\/div><\/section><\/div><div class=\"flex_column av_one_full  flex_column_div av-zero-column-padding first  avia-builder-el-4  el_after_av_one_full  el_before_av_hr  column-top-margin\" style='border-radius:0px; '><section class=\"av_textblock_section \"  itemscope=\"itemscope\" itemtype=\"https:\/\/schema.org\/BlogPosting\" itemprop=\"blogPost\" ><div class='avia_textblock  '   itemprop=\"text\" ><p class=\"v1MsoNormal\" style=\"text-align: justify;\" align=\"right\"><i>En el marco de su compromiso con el desarrollo comunitario y el acceso cultural, Teatro Austral acogi\u00f3 la primera asamblea de la nueva directiva de la Junta de Vecinos Los Arrayanes, reforzando su rol como articulador de iniciativas ciudadanas en la regi\u00f3n de Ays\u00e9n.<\/i><i><\/i><\/p>\n<p class=\"v1MsoNormal\" style=\"text-align: justify;\">Con cerca de 25 vecinos y vecinas reunidos, el pasado fin de semana se desarroll\u00f3 en el espacio de Teatro Austral la primera asamblea oficial de la nueva directiva de la Junta de Vecinos Los Arrayanes, marcando un hito de organizaci\u00f3n barrial que cont\u00f3 con diversas intervenciones institucionales y comunitarias, dando cuenta del esp\u00edritu de colaboraci\u00f3n y tejido social que el barrio busca fortalecer.<\/p>\n<p class=\"v1MsoNormal\" style=\"text-align: justify;\">Teatro Austral, como \u00fanico teatro inserto en un barrio de la regi\u00f3n de Ays\u00e9n, ha puesto a disposici\u00f3n su infraestructura, gesti\u00f3n y vocaci\u00f3n art\u00edstica al servicio de la comunidad, aline\u00e1ndose con su objeto social de potenciar el desarrollo humano a trav\u00e9s de las artes esc\u00e9nicas y la vinculaci\u00f3n territorial. En esta oportunidad, el espacio sirvi\u00f3 como punto de encuentro para la organizaci\u00f3n que acoge a vecinos y vecinas, en su mayor\u00eda adultos mayores, con quienes se dialog\u00f3 sobre la oferta program\u00e1tica y formativa que tiene hoy Teatro Austral a disposici\u00f3n de la comunidad.<\/p>\n<p class=\"v1MsoNormal\" style=\"text-align: justify;\">As\u00ed lo reafirm\u00f3 Amelia Osorio Novoa, Co- fundadora de Teatro Austral:\u00a0<i>\u00abEste teatro no es solo un espacio de funciones, es una casa com\u00fan. Acompa\u00f1ar a la comunidad en sus procesos organizativos y articularnos con proyectos que nacen desde sus propias necesidades es parte esencial de lo que hacemos como Teatro Austral. Creemos que el arte debe estar donde est\u00e1 la vida: en el barrio, en la conversaci\u00f3n, en la organizaci\u00f3n colectiva\u00bb, indic\u00f3.<\/i><\/p>\n<p class=\"v1MsoNormal\" style=\"text-align: justify;\">Entre las acciones destacadas de la jornada, se cont\u00f3 con la presentaci\u00f3n de Carabineros de Chile, quien entreg\u00f3 informaci\u00f3n relevante sobre el plan cuadrante y los canales de contacto directo con la comunidad. As\u00ed tambi\u00e9n, de la Ilustre Municipalidad de Coyhaique, a trav\u00e9s de su gestor en el barrio, quien dio a conocer su rol como canalizador de inquietudes, demandas e iniciativas del territorio ante el municipio.<\/p>\n<p class=\"v1MsoNormal\" style=\"text-align: justify;\">Durante el encuentro, se present\u00f3 de forma oficial la nueva directiva de la Junta de Vecinos Los Arrayanes, encabezada por Jessica Saavedra, quien destac\u00f3 la importancia de generar v\u00ednculos entre vecinos y proyectar un trabajo conjunto con actores como Teatro Austral, el municipio y otras organizaciones locales.<\/p>\n<p class=\"v1MsoNormal\" style=\"text-align: justify;\">\u00abEstamos agradecidos del a acogida que nos ha dado \u00a0Teatro Austral para juntarnos con los vecinos, conversar e impulsar futuros proyectos,\u00a0 que permitan que nuestra comunidad se junte y tengan un espacio para relacionarse entre vecinos\u00bb.<\/p>\n<p class=\"v1MsoNormal\" style=\"text-align: justify;\">Adem\u00e1s, se dio a conocer el trabajo conjunto que viene realizando la Junta de Vecinos junto a Teatro Austral en el marco de dos importantes proyectos que fueron postulados de manera conjunta y que est\u00e1n a la espera de los resultados: En primer lugar, una obra de teatro que busca promover la conciencia comunitaria sobre la detecci\u00f3n oportuna del c\u00e1ncer de mamas; presentado al FNDR 8% de Salud, y un Proyecto FOIPP (Fondo de Iniciativas de Inter\u00e9s P\u00fablico y Privado), que busca visibilizar y poner en valor los saberes locales, oficios y expresiones identitarias del barrio, con foco en el fortalecimiento de su econom\u00eda cultural y comunitaria.<\/p>\n<p class=\"v1MsoNormal\" style=\"text-align: justify;\">As\u00ed tambi\u00e9n, Teatro Austral realiz\u00f3 un reconocimiento al se\u00f1or Rodolfo Fuentes, ex presidente de la Junta de Vecinos Los Arrayanes, por su compromiso y disposici\u00f3n para colaborar en la presentaci\u00f3n de dichos proyectos, adem\u00e1s de destacar por su esp\u00edritu comunitario.<\/p>\n<p class=\"v1MsoNormal\" style=\"text-align: justify;\">\u00abEste espacio ha sido muy valioso e importante para la Junta de Vecinos, porque nos ha entregado, primero que todo, un espacio f\u00edsico para materializar nuestras actividades y segundo segundo es tener siempre a disposici\u00f3n teatro para ni\u00f1os, adultos, presentaciones de artistas y variadas obras, a disposici\u00f3n del barrio\u00bb, coment\u00f3 Rodolfo Fuentes.<\/p>\n<p class=\"v1MsoNormal\" style=\"text-align: justify;\">Cabe destacar que ambas acciones se enmarcan en el objetivo central de Teatro Austral: que es ser un puente entre el arte, la participaci\u00f3n ciudadana y el bienestar colectivo, poniendo las artes esc\u00e9nicas al servicio de la transformaci\u00f3n social y la cohesi\u00f3n territorial.<\/p>\n<p class=\"v1MsoNormal\" style=\"text-align: justify;\"><b>Sobre Teatro Austral<\/b><\/p>\n<p class=\"v1MsoNormal\" style=\"text-align: justify;\">Teatro Austral es una organizaci\u00f3n cultural con base en Coyhaique, que desde hace seis a\u00f1os impulsa procesos de creaci\u00f3n, formaci\u00f3n y vinculaci\u00f3n con comunidades de la regi\u00f3n de Ays\u00e9n. A trav\u00e9s de las artes esc\u00e9nicas, busca fortalecer la identidad local, democratizar el acceso cultural y generar impacto en el desarrollo humano y social de los territorios donde se inserta.<\/p>\n<\/div><\/section><\/div><div  style='height:50px' class='hr hr-invisible   avia-builder-el-6  el_after_av_one_full  el_before_av_social_share '><span class='hr-inner ' ><span class='hr-inner-style'><\/span><\/span><\/div><\/p>\n<div  class='av-social-sharing-box  avia-builder-el-7  el_after_av_hr  el_before_av_hr  '><div class='av-share-box'><h5 class='av-share-link-description av-no-toc '>Compartir esta noticia<\/h5><ul class='av-share-box-list noLightbox'><li class='av-share-link av-social-link-facebook' ><a target=\"_blank\" aria-label=\"Compartir en Facebook\" href='https:\/\/www.facebook.com\/sharer.php?u=https:\/\/radiorevelacionfm.cl\/?p=55615&#038;t=Teatro%20Austral%20abre%20sus%20puertas%20al%20barrio%3A%20un%20espacio%20para%20fortalecer%20la%20gesti%C3%B3n%20comunitaria' aria-hidden='false' data-av_icon='\ue8f3' data-av_iconfont='entypo-fontello' title='' data-avia-related-tooltip='Compartir en Facebook' rel=\"noopener\"><span class='avia_hidden_link_text'>Compartir en Facebook<\/span><\/a><\/li><li class='av-share-link av-social-link-twitter' ><a target=\"_blank\" aria-label=\"Compartir en Twitter\" href='https:\/\/twitter.com\/share?text=Teatro%20Austral%20abre%20sus%20puertas%20al%20barrio%3A%20un%20espacio%20para%20fortalecer%20la%20gesti%C3%B3n%20comunitaria&#038;url=https:\/\/radiorevelacionfm.cl\/?p=55615' aria-hidden='false' data-av_icon='\ue8f1' data-av_iconfont='entypo-fontello' title='' data-avia-related-tooltip='Compartir en Twitter' rel=\"noopener\"><span class='avia_hidden_link_text'>Compartir en Twitter<\/span><\/a><\/li><li class='av-share-link av-social-link-whatsapp' ><a target=\"_blank\" aria-label=\"Compartir en Whatsapp\" href='https:\/\/api.whatsapp.com\/send?text=https:\/\/radiorevelacionfm.cl\/?p=55615' aria-hidden='false' data-av_icon='\uf232' data-av_iconfont='entypo-fontello' title='' data-avia-related-tooltip='Compartir en Whatsapp' rel=\"noopener\"><span class='avia_hidden_link_text'>Compartir en Whatsapp<\/span><\/a><\/li><li class='av-share-link av-social-link-linkedin' ><a target=\"_blank\" aria-label=\"Compartir en LinkedIn\" href='https:\/\/linkedin.com\/shareArticle?mini=true&#038;title=Teatro%20Austral%20abre%20sus%20puertas%20al%20barrio%3A%20un%20espacio%20para%20fortalecer%20la%20gesti%C3%B3n%20comunitaria&#038;url=https:\/\/radiorevelacionfm.cl\/?p=55615' aria-hidden='false' data-av_icon='\ue8fc' data-av_iconfont='entypo-fontello' title='' data-avia-related-tooltip='Compartir en LinkedIn' rel=\"noopener\"><span class='avia_hidden_link_text'>Compartir en LinkedIn<\/span><\/a><\/li><li class='av-share-link av-social-link-mail' ><a  aria-label=\"Compartir por correo\" href='mailto:?subject=Teatro%20Austral%20abre%20sus%20puertas%20al%20barrio%3A%20un%20espacio%20para%20fortalecer%20la%20gesti%C3%B3n%20comunitaria&#038;body=https:\/\/radiorevelacionfm.cl\/?p=55615' aria-hidden='false' data-av_icon='\ue805' data-av_iconfont='entypo-fontello' title='' data-avia-related-tooltip='Compartir por correo'><span class='avia_hidden_link_text'>Compartir por correo<\/span><\/a><\/li><\/ul><\/div><\/div>\n<div  style='height:50px' class='hr hr-invisible   avia-builder-el-8  el_after_av_social_share  el_before_av_comments_list '><span class='hr-inner ' ><span class='hr-inner-style'><\/span><\/span><\/div>\n<div  class='av-buildercomment  av-blog-meta-html-info-disabled av-blog-meta-tag-disabled  '><\/div>\n","protected":false},"excerpt":{"rendered":"","protected":false},"author":1,"featured_media":55616,"comment_status":"closed","ping_status":"closed","sticky":false,"template":"","format":"standard","meta":{"footnotes":""},"categories":[38],"tags":[],"class_list":["post-55615","post","type-post","status-publish","format-standard","has-post-thumbnail","hentry","category-regional"],"jetpack_featured_media_url":"https:\/\/radiorevelacionfm.cl\/wp-content\/uploads\/2025\/06\/WhatsApp-Image-2025-06-23-at-4.15.40-PM-1-1.jpeg","_links":{"self":[{"href":"https:\/\/radiorevelacionfm.cl\/index.php?rest_route=\/wp\/v2\/posts\/55615","targetHints":{"allow":["GET"]}}],"collection":[{"href":"https:\/\/radiorevelacionfm.cl\/index.php?rest_route=\/wp\/v2\/posts"}],"about":[{"href":"https:\/\/radiorevelacionfm.cl\/index.php?rest_route=\/wp\/v2\/types\/post"}],"author":[{"embeddable":true,"href":"https:\/\/radiorevelacionfm.cl\/index.php?rest_route=\/wp\/v2\/users\/1"}],"replies":[{"embeddable":true,"href":"https:\/\/radiorevelacionfm.cl\/index.php?rest_route=%2Fwp%2Fv2%2Fcomments&post=55615"}],"version-history":[{"count":2,"href":"https:\/\/radiorevelacionfm.cl\/index.php?rest_route=\/wp\/v2\/posts\/55615\/revisions"}],"predecessor-version":[{"id":55627,"href":"https:\/\/radiorevelacionfm.cl\/index.php?rest_route=\/wp\/v2\/posts\/55615\/revisions\/55627"}],"wp:featuredmedia":[{"embeddable":true,"href":"https:\/\/radiorevelacionfm.cl\/index.php?rest_route=\/wp\/v2\/media\/55616"}],"wp:attachment":[{"href":"https:\/\/radiorevelacionfm.cl\/index.php?rest_route=%2Fwp%2Fv2%2Fmedia&parent=55615"}],"wp:term":[{"taxonomy":"category","embeddable":true,"href":"https:\/\/radiorevelacionfm.cl\/index.php?rest_route=%2Fwp%2Fv2%2Fcategories&post=55615"},{"taxonomy":"post_tag","embeddable":true,"href":"https:\/\/radiorevelacionfm.cl\/index.php?rest_route=%2Fwp%2Fv2%2Ftags&post=55615"}],"curies":[{"name":"wp","href":"https:\/\/api.w.org\/{rel}","templated":true}]}}