{"id":55611,"date":"2025-06-23T18:47:36","date_gmt":"2025-06-23T21:47:36","guid":{"rendered":"https:\/\/radiorevelacionfm.cl\/?p=55611"},"modified":"2025-06-23T18:47:36","modified_gmt":"2025-06-23T21:47:36","slug":"mineros-artesanales-de-aysen-fortalecen-su-oficio-con-pasantia-en-canteras-de-colina","status":"publish","type":"post","link":"https:\/\/radiorevelacionfm.cl\/?p=55611","title":{"rendered":"Mineros artesanales de Ays\u00e9n fortalecen su oficio con pasant\u00eda en canteras de Colina"},"content":{"rendered":"<div class=\"flex_column av_one_full  flex_column_div av-zero-column-padding first  avia-builder-el-0  el_before_av_one_full  avia-builder-el-first  \" style='border-radius:0px; '><div  class='avia-image-container  av-styling-    avia-builder-el-1  avia-builder-el-no-sibling  avia-align-center '  itemprop=\"image\" itemscope=\"itemscope\" itemtype=\"https:\/\/schema.org\/ImageObject\"  ><div class='avia-image-container-inner'><div class='avia-image-overlay-wrap'><img decoding=\"async\" class='wp-image-55612 avia-img-lazy-loading-not-55612 avia_image' src=\"https:\/\/radiorevelacionfm.cl\/wp-content\/uploads\/2025\/06\/04-8-2_optimized-1.jpg\" alt='' title='04-(8)-(2)_optimized (1)' height=\"652\" width=\"801\"  itemprop=\"thumbnailUrl\" srcset=\"https:\/\/radiorevelacionfm.cl\/wp-content\/uploads\/2025\/06\/04-8-2_optimized-1.jpg 801w, https:\/\/radiorevelacionfm.cl\/wp-content\/uploads\/2025\/06\/04-8-2_optimized-1-300x244.jpg 300w, https:\/\/radiorevelacionfm.cl\/wp-content\/uploads\/2025\/06\/04-8-2_optimized-1-768x625.jpg 768w, https:\/\/radiorevelacionfm.cl\/wp-content\/uploads\/2025\/06\/04-8-2_optimized-1-705x574.jpg 705w, https:\/\/radiorevelacionfm.cl\/wp-content\/uploads\/2025\/06\/04-8-2_optimized-1-450x366.jpg 450w, https:\/\/radiorevelacionfm.cl\/wp-content\/uploads\/2025\/06\/04-8-2_optimized-1-600x488.jpg 600w\" sizes=\"(max-width: 801px) 100vw, 801px\" \/><\/div><\/div><\/div><\/div><div class=\"flex_column av_one_full  flex_column_div av-zero-column-padding first  avia-builder-el-2  el_after_av_one_full  el_before_av_one_full  column-top-margin\" style='border-radius:0px; '><section class=\"av_textblock_section \"  itemscope=\"itemscope\" itemtype=\"https:\/\/schema.org\/BlogPosting\" itemprop=\"blogPost\" ><div class='avia_textblock  '   itemprop=\"text\" ><p style=\"text-align: center;\"><strong><span style=\"font-size: 18pt;\">Mineros artesanales de Ays\u00e9n fortalecen su oficio con pasant\u00eda en canteras de Colina<\/span><\/strong><\/p>\n<div id=\"gtx-trans\" style=\"position: absolute; left: -50px; top: 4.31534px;\">\n<div class=\"gtx-trans-icon\"><\/div>\n<\/div>\n<\/div><\/section><\/div><div class=\"flex_column av_one_full  flex_column_div av-zero-column-padding first  avia-builder-el-4  el_after_av_one_full  el_before_av_hr  column-top-margin\" style='border-radius:0px; '><section class=\"av_textblock_section \"  itemscope=\"itemscope\" itemtype=\"https:\/\/schema.org\/BlogPosting\" itemprop=\"blogPost\" ><div class='avia_textblock  '   itemprop=\"text\" ><p style=\"text-align: justify;\"><em>Gira tecnol\u00f3gica permiti\u00f3 conocer la experiencia centenaria de los canteros de la regi\u00f3n Metropolitana.<\/em><\/p>\n<p style=\"text-align: justify;\">Otro avance del proyecto \u201cTransferencia fortalecimiento y fomento productivo minero artesanal de rocas ornamentales\u201d, financiado con recursos del FNDR del Gobierno Regional de Ays\u00e9n, fue la gira tecnol\u00f3gica realizada por representantes de la Asociaci\u00f3n Gremial de Mineros Artesanales de Lago Pollux y de la Agrupaci\u00f3n de Orfebres de Puerto Guadal a la comuna de Colina, en la Regi\u00f3n Metropolitana junto con el equipo t\u00e9cnico del programa FNDR. El objetivo fue conocer de primera fuente la experiencia de los canteros locales, quienes mantienen una tradici\u00f3n de m\u00e1s de 180 a\u00f1os ligada al trabajo en piedra.<\/p>\n<p style=\"text-align: justify;\">Juan V\u00e1squez Alarc\u00f3n, Seremi de Miner\u00eda de Ays\u00e9n, valor\u00f3 la instancia se\u00f1alando que: \u201cEste tipo de iniciativas como las pasant\u00edas permiten conectar el saber local con experiencias de largo recorrido. Estamos construyendo un camino para que la miner\u00eda artesanal de rocas ornamentales se consolide como una actividad con identidad, entendida tambi\u00e9n como una incipiente vocaci\u00f3n de fomento productivo para la regi\u00f3n.\u201d<\/p>\n<p style=\"text-align: justify;\">La jornada fue coordinada por la Secretar\u00eda Regional Ministerial de Miner\u00eda de Ays\u00e9n y contempl\u00f3 conversatorios, recorridos guiados, demostraciones t\u00e9cnicas y visitas a talleres de transformaci\u00f3n, permitiendo a las y los participantes interiorizarse en el ciclo completo del oficio cantero: desde la extracci\u00f3n en faena hasta la elaboraci\u00f3n de productos ornamentales y utilitarios con identidad local.<\/p>\n<p style=\"text-align: justify;\">Carlos Aguilera, representante de la Asociaci\u00f3n Gremial de Mineros Artesanales de Lago Pollux, se\u00f1al\u00f3: \u201cEsta pasant\u00eda aqu\u00ed en Colina fue muy gratificante, llena de aprendizajes. Pudimos ver c\u00f3mo trabajan y conocer nuevas formas de hacer cosas, como morteros y mesas. Nos vamos llenos de ideas para seguir creciendo desde nuestra realidad en Ays\u00e9n.\u201d<\/p>\n<p style=\"text-align: justify;\">La delegaci\u00f3n fue recibida por la Asociaci\u00f3n de Canteros de Colina, quienes ofrecieron una c\u00e1lida bienvenida y compartieron su historia gremial, desaf\u00edos actuales y visi\u00f3n de futuro. El recorrido incluy\u00f3 una visita t\u00e9cnica a las canteras activas, donde se conocieron herramientas, t\u00e9cnicas tradicionales, medidas de seguridad y procesos de trabajo en terreno. La jornada culmin\u00f3 con una visita a talleres donde se elaboran esculturas, adoquines, morteros y mesas, entre otros productos, a partir de piedra tallada manualmente.<\/p>\n<p style=\"text-align: justify;\">Tatiana Jauregui Vargas, integrante de la Agrupaci\u00f3n de Orfebres de Puerto Guadal, expres\u00f3: \u201cAprendimos mucho sobre c\u00f3mo se trabaja la piedra despu\u00e9s de tantos a\u00f1os. Para nosotros, que reci\u00e9n estamos comenzando, ha sido una experiencia realmente gratificante y que nos va a servir para inspirarnos, tener ideas y so\u00f1ar un poco.\u201d<\/p>\n<p style=\"text-align: justify;\">Ambas agrupaciones destacaron la importancia de incorporar valor agregado a los productos locales, aprender de otras experiencias exitosas del pa\u00eds y proyectar el oficio con pertinencia regional.<\/p>\n<\/div><\/section><\/div><div  style='height:50px' class='hr hr-invisible   avia-builder-el-6  el_after_av_one_full  el_before_av_social_share '><span class='hr-inner ' ><span class='hr-inner-style'><\/span><\/span><\/div><\/p>\n<div  class='av-social-sharing-box  avia-builder-el-7  el_after_av_hr  el_before_av_hr  '><div class='av-share-box'><h5 class='av-share-link-description av-no-toc '>Compartir esta noticia<\/h5><ul class='av-share-box-list noLightbox'><li class='av-share-link av-social-link-facebook' ><a target=\"_blank\" aria-label=\"Compartir en Facebook\" href='https:\/\/www.facebook.com\/sharer.php?u=https:\/\/radiorevelacionfm.cl\/?p=55611&#038;t=Mineros%20artesanales%20de%20Ays%C3%A9n%20fortalecen%20su%20oficio%20con%20pasant%C3%ADa%20en%20canteras%20de%20Colina' aria-hidden='false' data-av_icon='\ue8f3' data-av_iconfont='entypo-fontello' title='' data-avia-related-tooltip='Compartir en Facebook' rel=\"noopener\"><span class='avia_hidden_link_text'>Compartir en Facebook<\/span><\/a><\/li><li class='av-share-link av-social-link-twitter' ><a target=\"_blank\" aria-label=\"Compartir en Twitter\" href='https:\/\/twitter.com\/share?text=Mineros%20artesanales%20de%20Ays%C3%A9n%20fortalecen%20su%20oficio%20con%20pasant%C3%ADa%20en%20canteras%20de%20Colina&#038;url=https:\/\/radiorevelacionfm.cl\/?p=55611' aria-hidden='false' data-av_icon='\ue8f1' data-av_iconfont='entypo-fontello' title='' data-avia-related-tooltip='Compartir en Twitter' rel=\"noopener\"><span class='avia_hidden_link_text'>Compartir en Twitter<\/span><\/a><\/li><li class='av-share-link av-social-link-whatsapp' ><a target=\"_blank\" aria-label=\"Compartir en Whatsapp\" href='https:\/\/api.whatsapp.com\/send?text=https:\/\/radiorevelacionfm.cl\/?p=55611' aria-hidden='false' data-av_icon='\uf232' data-av_iconfont='entypo-fontello' title='' data-avia-related-tooltip='Compartir en Whatsapp' rel=\"noopener\"><span class='avia_hidden_link_text'>Compartir en Whatsapp<\/span><\/a><\/li><li class='av-share-link av-social-link-linkedin' ><a target=\"_blank\" aria-label=\"Compartir en LinkedIn\" href='https:\/\/linkedin.com\/shareArticle?mini=true&#038;title=Mineros%20artesanales%20de%20Ays%C3%A9n%20fortalecen%20su%20oficio%20con%20pasant%C3%ADa%20en%20canteras%20de%20Colina&#038;url=https:\/\/radiorevelacionfm.cl\/?p=55611' aria-hidden='false' data-av_icon='\ue8fc' data-av_iconfont='entypo-fontello' title='' data-avia-related-tooltip='Compartir en LinkedIn' rel=\"noopener\"><span class='avia_hidden_link_text'>Compartir en LinkedIn<\/span><\/a><\/li><li class='av-share-link av-social-link-mail' ><a  aria-label=\"Compartir por correo\" href='mailto:?subject=Mineros%20artesanales%20de%20Ays%C3%A9n%20fortalecen%20su%20oficio%20con%20pasant%C3%ADa%20en%20canteras%20de%20Colina&#038;body=https:\/\/radiorevelacionfm.cl\/?p=55611' aria-hidden='false' data-av_icon='\ue805' data-av_iconfont='entypo-fontello' title='' data-avia-related-tooltip='Compartir por correo'><span class='avia_hidden_link_text'>Compartir por correo<\/span><\/a><\/li><\/ul><\/div><\/div>\n<div  style='height:50px' class='hr hr-invisible   avia-builder-el-8  el_after_av_social_share  el_before_av_comments_list '><span class='hr-inner ' ><span class='hr-inner-style'><\/span><\/span><\/div>\n<div  class='av-buildercomment  av-blog-meta-html-info-disabled av-blog-meta-tag-disabled  '><\/div>\n","protected":false},"excerpt":{"rendered":"","protected":false},"author":1,"featured_media":55612,"comment_status":"closed","ping_status":"closed","sticky":false,"template":"","format":"standard","meta":{"footnotes":""},"categories":[38],"tags":[],"class_list":["post-55611","post","type-post","status-publish","format-standard","has-post-thumbnail","hentry","category-regional"],"jetpack_featured_media_url":"https:\/\/radiorevelacionfm.cl\/wp-content\/uploads\/2025\/06\/04-8-2_optimized-1.jpg","_links":{"self":[{"href":"https:\/\/radiorevelacionfm.cl\/index.php?rest_route=\/wp\/v2\/posts\/55611","targetHints":{"allow":["GET"]}}],"collection":[{"href":"https:\/\/radiorevelacionfm.cl\/index.php?rest_route=\/wp\/v2\/posts"}],"about":[{"href":"https:\/\/radiorevelacionfm.cl\/index.php?rest_route=\/wp\/v2\/types\/post"}],"author":[{"embeddable":true,"href":"https:\/\/radiorevelacionfm.cl\/index.php?rest_route=\/wp\/v2\/users\/1"}],"replies":[{"embeddable":true,"href":"https:\/\/radiorevelacionfm.cl\/index.php?rest_route=%2Fwp%2Fv2%2Fcomments&post=55611"}],"version-history":[{"count":2,"href":"https:\/\/radiorevelacionfm.cl\/index.php?rest_route=\/wp\/v2\/posts\/55611\/revisions"}],"predecessor-version":[{"id":55614,"href":"https:\/\/radiorevelacionfm.cl\/index.php?rest_route=\/wp\/v2\/posts\/55611\/revisions\/55614"}],"wp:featuredmedia":[{"embeddable":true,"href":"https:\/\/radiorevelacionfm.cl\/index.php?rest_route=\/wp\/v2\/media\/55612"}],"wp:attachment":[{"href":"https:\/\/radiorevelacionfm.cl\/index.php?rest_route=%2Fwp%2Fv2%2Fmedia&parent=55611"}],"wp:term":[{"taxonomy":"category","embeddable":true,"href":"https:\/\/radiorevelacionfm.cl\/index.php?rest_route=%2Fwp%2Fv2%2Fcategories&post=55611"},{"taxonomy":"post_tag","embeddable":true,"href":"https:\/\/radiorevelacionfm.cl\/index.php?rest_route=%2Fwp%2Fv2%2Ftags&post=55611"}],"curies":[{"name":"wp","href":"https:\/\/api.w.org\/{rel}","templated":true}]}}