{"id":5561,"date":"2021-06-23T17:32:48","date_gmt":"2021-06-23T20:32:48","guid":{"rendered":"https:\/\/radiorevelacionfm.cl\/?p=5561"},"modified":"2021-06-23T17:32:48","modified_gmt":"2021-06-23T20:32:48","slug":"programa-de-recuperacion-de-barrios-comenzo-ejecucion-de-dos-importantes-proyectos-en-puerto-aysen","status":"publish","type":"post","link":"https:\/\/radiorevelacionfm.cl\/?p=5561","title":{"rendered":"Programa de Recuperaci\u00f3n de Barrios comenz\u00f3 ejecuci\u00f3n de dos importantes proyectos en Puerto Ays\u00e9n"},"content":{"rendered":"<div class=\"flex_column av_one_full  flex_column_div av-zero-column-padding first  avia-builder-el-0  el_before_av_one_full  avia-builder-el-first  \" style='border-radius:0px; '><div  class='avia-image-container  av-styling-    avia-builder-el-1  avia-builder-el-no-sibling  avia-align-center '  itemprop=\"image\" itemscope=\"itemscope\" itemtype=\"https:\/\/schema.org\/ImageObject\"  ><div class='avia-image-container-inner'><div class='avia-image-overlay-wrap'><img decoding=\"async\" class='wp-image-0 avia-img-lazy-loading-not-0 avia_image' src=\"https:\/\/radiorevelacionfm.cl\/wp-content\/uploads\/2021\/06\/img-QMB-01-v2.1.png\" alt='' title=''   itemprop=\"thumbnailUrl\"  \/><\/div><\/div><\/div><\/div><div class=\"flex_column av_one_full  flex_column_div av-zero-column-padding first  avia-builder-el-2  el_after_av_one_full  el_before_av_one_full  column-top-margin\" style='border-radius:0px; '><section class=\"av_textblock_section \"  itemscope=\"itemscope\" itemtype=\"https:\/\/schema.org\/BlogPosting\" itemprop=\"blogPost\" ><div class='avia_textblock  '   itemprop=\"text\" ><p style=\"text-align: center;\"><strong><span style=\"font-size: 18pt;\">Programa de Recuperaci\u00f3n de Barrios comenz\u00f3 ejecuci\u00f3n de dos importantes proyectos en Puerto Ays\u00e9n<\/span><\/strong><\/p>\n<div id=\"gtx-trans\" style=\"position: absolute; left: -50px; top: 4.31534px;\">\n<div class=\"gtx-trans-icon\"><\/div>\n<\/div>\n<\/div><\/section><\/div><div class=\"flex_column av_one_full  flex_column_div av-zero-column-padding first  avia-builder-el-4  el_after_av_one_full  el_before_av_hr  column-top-margin\" style='border-radius:0px; '><section class=\"av_textblock_section \"  itemscope=\"itemscope\" itemtype=\"https:\/\/schema.org\/BlogPosting\" itemprop=\"blogPost\" ><div class='avia_textblock  '   itemprop=\"text\" ><p style=\"text-align: justify;\">Buenas y esperadas noticias trajo el mes de junio para cientos de familias de Puerto Ays\u00e9n, ya que el Programa de Recuperaci\u00f3n de Barrios del Ministerio de Vivienda (Minvu) dio la partida oficial a dos importantes obras enfocadas en el desarrollo y bienestar de los vecinos y vecinas de diferentes sectores de la ciudad.<\/p>\n<p style=\"text-align: justify;\">Fue as\u00ed como mediante plataformas digitales y junto a las autoridades municipales y del equipo Barrios del Minvu Ays\u00e9n se concret\u00f3, a trav\u00e9s del municipio, durante las \u00faltimas semanas, la entrega de terreno a los contratistas que se adjudicaron las Obras Sala de Uso M\u00faltiple Barrio Ribera Sur Costanera y Plaza Recreativa Barrio Villa Espa\u00f1a, para que de esta forma inicien oficialmente la ejecuci\u00f3n de los respectivos proyectos.<\/p>\n<p style=\"text-align: justify;\">Para la Secretaria t\u00e9cnica del Programa Quiero Mi Barrio, J\u00e9ssica Ojeda, esto representa la materializaci\u00f3n de todo un proceso de diagnostico y elaboraci\u00f3n de obras por parte de equipo municipal, para su pronta ejecuci\u00f3n, el cual tuvo un retraso por las condiciones sanitarias que ha impuesto la pandemia en el pa\u00eds y en la regi\u00f3n. \u201cComo Programa nos hemos tenido que adaptar y en ese sentido las plataformas digitales han sido fundamentales. Para seguir con la ejecuci\u00f3n del programa, se tuvieron que coordinar entre diversos actores con el fin de llevar a cabo las entregas de terreno, cumpliendo con todas las formalidades. En dicha instancia se reunieron funcionarios de la DOM (Departamento de Obras Municipales), equipos del Quiero Mi Barrio de Ays\u00e9n y del Minvu, los respectivos contratistas de ambas obras a ejecutar y por supuesto los vecinos y vecinas integrantes de las comisiones, que son protagonistas en todas las etapas y todo el trabajo que estamos llevando adelante\u201d, precis\u00f3.<\/p>\n<p style=\"text-align: justify;\">Con respecto a la inversi\u00f3n agreg\u00f3 Jessica Ojeda que se ha considerado m\u00e1s de 310 millones de pesos para este primer semestre y para el segundo esperan trasferir m\u00e1s de 500 millones para la licitaci\u00f3n y posterior ejecuci\u00f3n de las obras pendientes de los barrios antes mencionados.<\/p>\n<p style=\"text-align: justify;\">Para el Seremi de Vivienda, Diego Silva, el inicio de nuevas obras en Ays\u00e9n debe ser recibido como una muy buena noticia, ya que desde el Gobierno y en especial dese el sector se han redoblado los esfuerzos para superar todas las dificultades que ha tra\u00eddo la pandemia y lograr as\u00ed que las obras contin\u00faen su desarrollo junto con el inicio de nuevos proyectos que adem\u00e1s van en directo beneficio de la comunidad. \u201cPara nosotros como Minvu es crucial mantener la inversi\u00f3n publica incluso cuando estamos atravesando por un periodo tan complejo como lo es la Fase I del Plan Paso a Paso, y dar tranquilidad a los vecinos\/as y a la poblaci\u00f3n en general, que los barrios se siguen ejecutando y como Minvu seguimos invirtiendo en la regi\u00f3n y en la comuna de Ays\u00e9n. Como ha reiterado nuestro Ministro Felipe Ward estamos en el coraz\u00f3n de la recuperaci\u00f3n y por eso nos alegra ver que ya est\u00e1n en marcha estos dos proyectos que adem\u00e1s son definidos por los mismos vecinos en un positivo ejemplo de participaci\u00f3n ciudadana\u201d, manifest\u00f3.<\/p>\n<p style=\"text-align: justify;\">Finalmente el Seremi record\u00f3 que estas dos obras, que se espera est\u00e9n finalizadas a fines de este a\u00f1o, se suman a otros relevantes proyectos de construcci\u00f3n de viviendas, pavimentos y espacios p\u00fablicos que se ejecutan actualmente en Puerto Ays\u00e9n, los cuales son sin duda un gran aporte a la recuperaci\u00f3n econ\u00f3mica y social que impulsa el Gobierno, con cientos de puestos de trabajo, contrataci\u00f3n de mano de obra local y \u00a0sobre todo generando progreso, bienestar y calidad de vida para las familias de la comuna.<\/p>\n<\/div><\/section><\/div><div  style='height:50px' class='hr hr-invisible   avia-builder-el-6  el_after_av_one_full  el_before_av_social_share '><span class='hr-inner ' ><span class='hr-inner-style'><\/span><\/span><\/div><\/p>\n<div  class='av-social-sharing-box  avia-builder-el-7  el_after_av_hr  el_before_av_hr  '><div class='av-share-box'><h5 class='av-share-link-description av-no-toc '>Compartir esta noticia<\/h5><ul class='av-share-box-list noLightbox'><li class='av-share-link av-social-link-facebook' ><a target=\"_blank\" aria-label=\"Compartir en Facebook\" href='https:\/\/www.facebook.com\/sharer.php?u=https:\/\/radiorevelacionfm.cl\/?p=5561&#038;t=Programa%20de%20Recuperaci%C3%B3n%20de%20Barrios%20comenz%C3%B3%20ejecuci%C3%B3n%20de%20dos%20importantes%20proyectos%20en%20Puerto%20Ays%C3%A9n' aria-hidden='false' data-av_icon='\ue8f3' data-av_iconfont='entypo-fontello' title='' data-avia-related-tooltip='Compartir en Facebook' rel=\"noopener\"><span class='avia_hidden_link_text'>Compartir en Facebook<\/span><\/a><\/li><li class='av-share-link av-social-link-twitter' ><a target=\"_blank\" aria-label=\"Compartir en Twitter\" href='https:\/\/twitter.com\/share?text=Programa%20de%20Recuperaci%C3%B3n%20de%20Barrios%20comenz%C3%B3%20ejecuci%C3%B3n%20de%20dos%20importantes%20proyectos%20en%20Puerto%20Ays%C3%A9n&#038;url=https:\/\/radiorevelacionfm.cl\/?p=5561' aria-hidden='false' data-av_icon='\ue8f1' data-av_iconfont='entypo-fontello' title='' data-avia-related-tooltip='Compartir en Twitter' rel=\"noopener\"><span class='avia_hidden_link_text'>Compartir en Twitter<\/span><\/a><\/li><li class='av-share-link av-social-link-whatsapp' ><a target=\"_blank\" aria-label=\"Compartir en Whatsapp\" href='https:\/\/api.whatsapp.com\/send?text=https:\/\/radiorevelacionfm.cl\/?p=5561' aria-hidden='false' data-av_icon='\uf232' data-av_iconfont='entypo-fontello' title='' data-avia-related-tooltip='Compartir en Whatsapp' rel=\"noopener\"><span class='avia_hidden_link_text'>Compartir en Whatsapp<\/span><\/a><\/li><li class='av-share-link av-social-link-linkedin' ><a target=\"_blank\" aria-label=\"Compartir en LinkedIn\" href='https:\/\/linkedin.com\/shareArticle?mini=true&#038;title=Programa%20de%20Recuperaci%C3%B3n%20de%20Barrios%20comenz%C3%B3%20ejecuci%C3%B3n%20de%20dos%20importantes%20proyectos%20en%20Puerto%20Ays%C3%A9n&#038;url=https:\/\/radiorevelacionfm.cl\/?p=5561' aria-hidden='false' data-av_icon='\ue8fc' data-av_iconfont='entypo-fontello' title='' data-avia-related-tooltip='Compartir en LinkedIn' rel=\"noopener\"><span class='avia_hidden_link_text'>Compartir en LinkedIn<\/span><\/a><\/li><li class='av-share-link av-social-link-mail' ><a  aria-label=\"Compartir por correo\" href='mailto:?subject=Programa%20de%20Recuperaci%C3%B3n%20de%20Barrios%20comenz%C3%B3%20ejecuci%C3%B3n%20de%20dos%20importantes%20proyectos%20en%20Puerto%20Ays%C3%A9n&#038;body=https:\/\/radiorevelacionfm.cl\/?p=5561' aria-hidden='false' data-av_icon='\ue805' data-av_iconfont='entypo-fontello' title='' data-avia-related-tooltip='Compartir por correo'><span class='avia_hidden_link_text'>Compartir por correo<\/span><\/a><\/li><\/ul><\/div><\/div>\n<div  style='height:50px' class='hr hr-invisible   avia-builder-el-8  el_after_av_social_share  el_before_av_comments_list '><span class='hr-inner ' ><span class='hr-inner-style'><\/span><\/span><\/div>\n<div  class='av-buildercomment  av-blog-meta-html-info-disabled av-blog-meta-tag-disabled  '><\/div>\n","protected":false},"excerpt":{"rendered":"","protected":false},"author":1,"featured_media":0,"comment_status":"open","ping_status":"open","sticky":false,"template":"","format":"standard","meta":{"footnotes":""},"categories":[57],"tags":[],"class_list":["post-5561","post","type-post","status-publish","format-standard","hentry","category-vivienda"],"jetpack_featured_media_url":"","_links":{"self":[{"href":"https:\/\/radiorevelacionfm.cl\/index.php?rest_route=\/wp\/v2\/posts\/5561","targetHints":{"allow":["GET"]}}],"collection":[{"href":"https:\/\/radiorevelacionfm.cl\/index.php?rest_route=\/wp\/v2\/posts"}],"about":[{"href":"https:\/\/radiorevelacionfm.cl\/index.php?rest_route=\/wp\/v2\/types\/post"}],"author":[{"embeddable":true,"href":"https:\/\/radiorevelacionfm.cl\/index.php?rest_route=\/wp\/v2\/users\/1"}],"replies":[{"embeddable":true,"href":"https:\/\/radiorevelacionfm.cl\/index.php?rest_route=%2Fwp%2Fv2%2Fcomments&post=5561"}],"version-history":[{"count":1,"href":"https:\/\/radiorevelacionfm.cl\/index.php?rest_route=\/wp\/v2\/posts\/5561\/revisions"}],"predecessor-version":[{"id":5565,"href":"https:\/\/radiorevelacionfm.cl\/index.php?rest_route=\/wp\/v2\/posts\/5561\/revisions\/5565"}],"wp:attachment":[{"href":"https:\/\/radiorevelacionfm.cl\/index.php?rest_route=%2Fwp%2Fv2%2Fmedia&parent=5561"}],"wp:term":[{"taxonomy":"category","embeddable":true,"href":"https:\/\/radiorevelacionfm.cl\/index.php?rest_route=%2Fwp%2Fv2%2Fcategories&post=5561"},{"taxonomy":"post_tag","embeddable":true,"href":"https:\/\/radiorevelacionfm.cl\/index.php?rest_route=%2Fwp%2Fv2%2Ftags&post=5561"}],"curies":[{"name":"wp","href":"https:\/\/api.w.org\/{rel}","templated":true}]}}