{"id":55608,"date":"2025-06-24T11:07:40","date_gmt":"2025-06-24T14:07:40","guid":{"rendered":"https:\/\/radiorevelacionfm.cl\/?p=55608"},"modified":"2025-06-24T11:07:40","modified_gmt":"2025-06-24T14:07:40","slug":"corfo-aysen-impulsa-el-acceso-al-credito-para-mipymes-con-foco-en-sostenibilidad-e-innovacion","status":"publish","type":"post","link":"https:\/\/radiorevelacionfm.cl\/?p=55608","title":{"rendered":"Corfo Ays\u00e9n impulsa el acceso al cr\u00e9dito para mipymes con foco en sostenibilidad e innovaci\u00f3n"},"content":{"rendered":"<div class=\"flex_column av_one_full  flex_column_div av-zero-column-padding first  avia-builder-el-0  el_before_av_one_full  avia-builder-el-first  \" style='border-radius:0px; '><div  class='avia-image-container  av-styling-    avia-builder-el-1  avia-builder-el-no-sibling  avia-align-center '  itemprop=\"image\" itemscope=\"itemscope\" itemtype=\"https:\/\/schema.org\/ImageObject\"  ><div class='avia-image-container-inner'><div class='avia-image-overlay-wrap'><img decoding=\"async\" class='wp-image-55609 avia-img-lazy-loading-not-55609 avia_image' src=\"https:\/\/radiorevelacionfm.cl\/wp-content\/uploads\/2025\/06\/01-HMarinL-1-1.jpeg\" alt='' title='01 HMarinL (1) (1)' height=\"600\" width=\"1067\"  itemprop=\"thumbnailUrl\" srcset=\"https:\/\/radiorevelacionfm.cl\/wp-content\/uploads\/2025\/06\/01-HMarinL-1-1.jpeg 1067w, https:\/\/radiorevelacionfm.cl\/wp-content\/uploads\/2025\/06\/01-HMarinL-1-1-300x169.jpeg 300w, https:\/\/radiorevelacionfm.cl\/wp-content\/uploads\/2025\/06\/01-HMarinL-1-1-1030x579.jpeg 1030w, https:\/\/radiorevelacionfm.cl\/wp-content\/uploads\/2025\/06\/01-HMarinL-1-1-768x432.jpeg 768w, https:\/\/radiorevelacionfm.cl\/wp-content\/uploads\/2025\/06\/01-HMarinL-1-1-705x396.jpeg 705w, https:\/\/radiorevelacionfm.cl\/wp-content\/uploads\/2025\/06\/01-HMarinL-1-1-450x253.jpeg 450w, https:\/\/radiorevelacionfm.cl\/wp-content\/uploads\/2025\/06\/01-HMarinL-1-1-600x337.jpeg 600w\" sizes=\"(max-width: 1067px) 100vw, 1067px\" \/><\/div><\/div><\/div><\/div><div class=\"flex_column av_one_full  flex_column_div av-zero-column-padding first  avia-builder-el-2  el_after_av_one_full  el_before_av_one_full  column-top-margin\" style='border-radius:0px; '><section class=\"av_textblock_section \"  itemscope=\"itemscope\" itemtype=\"https:\/\/schema.org\/BlogPosting\" itemprop=\"blogPost\" ><div class='avia_textblock  '   itemprop=\"text\" ><p style=\"text-align: center;\"><span style=\"font-size: 18pt;\"><b>Corfo Ays\u00e9n impulsa el acceso al cr\u00e9dito para mipymes con foco en sostenibilidad e innovaci\u00f3n<\/b><\/span><\/p>\n<div id=\"gtx-trans\" style=\"position: absolute; left: -50px; top: 4.31534px;\">\n<div class=\"gtx-trans-icon\"><\/div>\n<\/div>\n<\/div><\/section><\/div><div class=\"flex_column av_one_full  flex_column_div av-zero-column-padding first  avia-builder-el-4  el_after_av_one_full  el_before_av_hr  column-top-margin\" style='border-radius:0px; '><section class=\"av_textblock_section \"  itemscope=\"itemscope\" itemtype=\"https:\/\/schema.org\/BlogPosting\" itemprop=\"blogPost\" ><div class='avia_textblock  '   itemprop=\"text\" ><p style=\"font-weight: 400; text-align: justify;\"><em>Con garant\u00edas estatales y condiciones preferentes, Corfo Ays\u00e9n facilita el financiamiento de proyectos productivos, verdes y con enfoque de g\u00e9nero en todo el territorio regional.<\/em><\/p>\n<p style=\"font-weight: 400; text-align: justify;\">Desde la implementaci\u00f3n de los programas de financiamiento de Corfo en la Regi\u00f3n de Ays\u00e9n, m\u00e1s de mil operaciones han sido respaldadas con garant\u00edas estatales, facilitando el acceso al cr\u00e9dito para empresas locales que enfrentan desaf\u00edos estructurales y geogr\u00e1ficos. A trav\u00e9s de instrumentos como FOGAIN, Cr\u00e9dito Mipyme y Cr\u00e9dito Verde, Corfo ha logrado apoyar proyectos de inversi\u00f3n y necesidades de capital de trabajo en diversos sectores, con foco en la sostenibilidad y la inclusi\u00f3n financiera.<\/p>\n<p style=\"font-weight: 400; text-align: justify;\"><strong>PANORAMA REGIONAL ACTUAL<\/strong><\/p>\n<p style=\"font-weight: 400; text-align: justify;\">Si bien la participaci\u00f3n de Ays\u00e9n en el total nacional de empresas atendidas a trav\u00e9s de los programas de garant\u00eda \u2014como FOGAIN, COBEX y Pro Inversi\u00f3n\u2014 alcanza solo un 1%, la regi\u00f3n destaca por tener el plazo promedio de financiamiento m\u00e1s alto del pa\u00eds, con 36 meses. Esta condici\u00f3n es especialmente relevante para los emprendimientos locales, que muchas veces deben operar en contextos aislados, con baja densidad poblacional y marcada estacionalidad. Este comportamiento se explica porque el 62% de los cr\u00e9ditos gestionados en la regi\u00f3n han sido destinados a inversiones, con un monto promedio cercano a los 36 millones de pesos. Adem\u00e1s, el 94% de las empresas beneficiadas son micro y peque\u00f1as, siendo el comercio el sector m\u00e1s respaldado (30%), seguido del transporte (22%) y la construcci\u00f3n (11%).<\/p>\n<p style=\"font-weight: 400; text-align: justify;\">\u201cEn Ays\u00e9n, el acceso al financiamiento puede marcar la diferencia entre sobrevivir y crecer. Por eso, como Corfo, hemos puesto un fuerte \u00e9nfasis en facilitar herramientas que se adapten a la realidad de nuestros emprendedores, con menos exigencias de garant\u00edas, mayor cobertura y acompa\u00f1amiento constante. Para Corfo Ays\u00e9n, el financiamiento no es solo un medio para resolver brechas, sino una v\u00eda para crear oportunidades, fortalecer comunidades y proyectar una regi\u00f3n m\u00e1s innovadora, inclusiva y sustentable\u201d, explic\u00f3 Humberto Mar\u00edn Leiva, director de Corfo Ays\u00e9n.<\/p>\n<p style=\"font-weight: 400; text-align: justify;\"><strong>HERRAMIENTAS CON IMPACTO<\/strong><\/p>\n<p style=\"font-weight: 400; text-align: justify;\">Los instrumentos de garant\u00edas Corfo han sido clave para que empresas locales puedan acceder a cr\u00e9ditos en condiciones preferentes. Estas herramientas permiten que instituciones financieras, tanto bancarias como no bancarias, otorguen pr\u00e9stamos respaldados por el Estado, lo que reduce el riesgo para los prestadores y ampl\u00eda las opciones para las mipymes. En particular, el programa FOGAIN Mujeres ha permitido otorgar coberturas de hasta un 90% a empresas lideradas por mujeres, sin comisi\u00f3n y con requisitos simplificados.<\/p>\n<p style=\"font-weight: 400; text-align: justify;\">Otra l\u00ednea estrat\u00e9gica que Corfo Ays\u00e9n est\u00e1 impulsando con fuerza es el acceso a financiamiento para proyectos sustentables e innovadores. A trav\u00e9s de la Modalidad Escala Pro Inversi\u00f3n, las empresas que ya han sido beneficiadas con programas como Semilla Inicia, S\u00famate a Innovar o Innova Regi\u00f3n, entre otros, pueden dar un nuevo paso en su crecimiento. Este instrumento permite acceder a cr\u00e9ditos respaldados por Corfo, incluso para financiar capital de trabajo, con una cobertura de hasta el 80%. De esta forma, se eliminan barreras que muchas veces impiden a los emprendimientos locales seguir avanzando y profesionalizando su actividad.<\/p>\n<p style=\"font-weight: 400; text-align: justify;\">Por otro lado, el programa de garant\u00eda Pro Inversi\u00f3n est\u00e1 enfocado en apoyar directamente a micro, peque\u00f1as y medianas empresas de la regi\u00f3n que necesitan invertir para crecer, modernizarse o explorar nuevos mercados. Corfo entrega una garant\u00eda estatal que respalda parte del cr\u00e9dito que estas empresas solicitan en instituciones financieras, lo que mejora las condiciones de acceso al financiamiento y reduce el riesgo para quienes otorgan los pr\u00e9stamos. En Ays\u00e9n, esta herramienta ha sido clave para dinamizar sectores como la manufactura, la construcci\u00f3n y la producci\u00f3n local.<\/p>\n<p style=\"font-weight: 400; text-align: justify;\">Finalmente, Cr\u00e9dito Verde abre oportunidades para que las empresas de Ays\u00e9n desarrollen proyectos con impacto ambiental positivo. Esta l\u00ednea de financiamiento permite acceder a recursos para iniciativas como eficiencia energ\u00e9tica, uso de energ\u00edas renovables, electromovilidad o econom\u00eda circular. Con montos que pueden llegar hasta los 30 millones de d\u00f3lares y plazos de hasta 15 a\u00f1os, este cr\u00e9dito ofrece condiciones excepcionales para quienes quieren innovar con prop\u00f3sito. Si bien su uso en la regi\u00f3n a\u00fan es reciente, se espera que crezca en los pr\u00f3ximos a\u00f1os, especialmente en sectores como el turismo sustentable, la agroindustria y la industria forestal.<\/p>\n<p style=\"font-weight: 400; text-align: justify;\">Adem\u00e1s, se est\u00e1n dise\u00f1ando nuevos instrumentos enfocados en hidr\u00f3geno verde y transformaci\u00f3n productiva, con \u00e9nfasis en proyectos que generen valor agregado, diversificaci\u00f3n y sostenibilidad. Estas herramientas permitir\u00e1n que Ays\u00e9n se inserte en las tendencias globales sin perder su identidad productiva y ambiental.<\/p>\n<\/div><\/section><\/div><div  style='height:50px' class='hr hr-invisible   avia-builder-el-6  el_after_av_one_full  el_before_av_social_share '><span class='hr-inner ' ><span class='hr-inner-style'><\/span><\/span><\/div><\/p>\n<div  class='av-social-sharing-box  avia-builder-el-7  el_after_av_hr  el_before_av_hr  '><div class='av-share-box'><h5 class='av-share-link-description av-no-toc '>Compartir esta noticia<\/h5><ul class='av-share-box-list noLightbox'><li class='av-share-link av-social-link-facebook' ><a target=\"_blank\" aria-label=\"Compartir en Facebook\" href='https:\/\/www.facebook.com\/sharer.php?u=https:\/\/radiorevelacionfm.cl\/?p=55608&#038;t=Corfo%20Ays%C3%A9n%20impulsa%20el%20acceso%20al%20cr%C3%A9dito%20para%20mipymes%20con%20foco%20en%20sostenibilidad%20e%20innovaci%C3%B3n' aria-hidden='false' data-av_icon='\ue8f3' data-av_iconfont='entypo-fontello' title='' data-avia-related-tooltip='Compartir en Facebook' rel=\"noopener\"><span class='avia_hidden_link_text'>Compartir en Facebook<\/span><\/a><\/li><li class='av-share-link av-social-link-twitter' ><a target=\"_blank\" aria-label=\"Compartir en Twitter\" href='https:\/\/twitter.com\/share?text=Corfo%20Ays%C3%A9n%20impulsa%20el%20acceso%20al%20cr%C3%A9dito%20para%20mipymes%20con%20foco%20en%20sostenibilidad%20e%20innovaci%C3%B3n&#038;url=https:\/\/radiorevelacionfm.cl\/?p=55608' aria-hidden='false' data-av_icon='\ue8f1' data-av_iconfont='entypo-fontello' title='' data-avia-related-tooltip='Compartir en Twitter' rel=\"noopener\"><span class='avia_hidden_link_text'>Compartir en Twitter<\/span><\/a><\/li><li class='av-share-link av-social-link-whatsapp' ><a target=\"_blank\" aria-label=\"Compartir en Whatsapp\" href='https:\/\/api.whatsapp.com\/send?text=https:\/\/radiorevelacionfm.cl\/?p=55608' aria-hidden='false' data-av_icon='\uf232' data-av_iconfont='entypo-fontello' title='' data-avia-related-tooltip='Compartir en Whatsapp' rel=\"noopener\"><span class='avia_hidden_link_text'>Compartir en Whatsapp<\/span><\/a><\/li><li class='av-share-link av-social-link-linkedin' ><a target=\"_blank\" aria-label=\"Compartir en LinkedIn\" href='https:\/\/linkedin.com\/shareArticle?mini=true&#038;title=Corfo%20Ays%C3%A9n%20impulsa%20el%20acceso%20al%20cr%C3%A9dito%20para%20mipymes%20con%20foco%20en%20sostenibilidad%20e%20innovaci%C3%B3n&#038;url=https:\/\/radiorevelacionfm.cl\/?p=55608' aria-hidden='false' data-av_icon='\ue8fc' data-av_iconfont='entypo-fontello' title='' data-avia-related-tooltip='Compartir en LinkedIn' rel=\"noopener\"><span class='avia_hidden_link_text'>Compartir en LinkedIn<\/span><\/a><\/li><li class='av-share-link av-social-link-mail' ><a  aria-label=\"Compartir por correo\" href='mailto:?subject=Corfo%20Ays%C3%A9n%20impulsa%20el%20acceso%20al%20cr%C3%A9dito%20para%20mipymes%20con%20foco%20en%20sostenibilidad%20e%20innovaci%C3%B3n&#038;body=https:\/\/radiorevelacionfm.cl\/?p=55608' aria-hidden='false' data-av_icon='\ue805' data-av_iconfont='entypo-fontello' title='' data-avia-related-tooltip='Compartir por correo'><span class='avia_hidden_link_text'>Compartir por correo<\/span><\/a><\/li><\/ul><\/div><\/div>\n<div  style='height:50px' class='hr hr-invisible   avia-builder-el-8  el_after_av_social_share  el_before_av_comments_list '><span class='hr-inner ' ><span class='hr-inner-style'><\/span><\/span><\/div>\n<div  class='av-buildercomment  av-blog-meta-html-info-disabled av-blog-meta-tag-disabled  '><\/div>\n","protected":false},"excerpt":{"rendered":"","protected":false},"author":1,"featured_media":55609,"comment_status":"closed","ping_status":"closed","sticky":false,"template":"","format":"standard","meta":{"footnotes":""},"categories":[38],"tags":[],"class_list":["post-55608","post","type-post","status-publish","format-standard","has-post-thumbnail","hentry","category-regional"],"jetpack_featured_media_url":"https:\/\/radiorevelacionfm.cl\/wp-content\/uploads\/2025\/06\/01-HMarinL-1-1.jpeg","_links":{"self":[{"href":"https:\/\/radiorevelacionfm.cl\/index.php?rest_route=\/wp\/v2\/posts\/55608","targetHints":{"allow":["GET"]}}],"collection":[{"href":"https:\/\/radiorevelacionfm.cl\/index.php?rest_route=\/wp\/v2\/posts"}],"about":[{"href":"https:\/\/radiorevelacionfm.cl\/index.php?rest_route=\/wp\/v2\/types\/post"}],"author":[{"embeddable":true,"href":"https:\/\/radiorevelacionfm.cl\/index.php?rest_route=\/wp\/v2\/users\/1"}],"replies":[{"embeddable":true,"href":"https:\/\/radiorevelacionfm.cl\/index.php?rest_route=%2Fwp%2Fv2%2Fcomments&post=55608"}],"version-history":[{"count":2,"href":"https:\/\/radiorevelacionfm.cl\/index.php?rest_route=\/wp\/v2\/posts\/55608\/revisions"}],"predecessor-version":[{"id":55628,"href":"https:\/\/radiorevelacionfm.cl\/index.php?rest_route=\/wp\/v2\/posts\/55608\/revisions\/55628"}],"wp:featuredmedia":[{"embeddable":true,"href":"https:\/\/radiorevelacionfm.cl\/index.php?rest_route=\/wp\/v2\/media\/55609"}],"wp:attachment":[{"href":"https:\/\/radiorevelacionfm.cl\/index.php?rest_route=%2Fwp%2Fv2%2Fmedia&parent=55608"}],"wp:term":[{"taxonomy":"category","embeddable":true,"href":"https:\/\/radiorevelacionfm.cl\/index.php?rest_route=%2Fwp%2Fv2%2Fcategories&post=55608"},{"taxonomy":"post_tag","embeddable":true,"href":"https:\/\/radiorevelacionfm.cl\/index.php?rest_route=%2Fwp%2Fv2%2Ftags&post=55608"}],"curies":[{"name":"wp","href":"https:\/\/api.w.org\/{rel}","templated":true}]}}