{"id":55604,"date":"2025-06-24T10:31:47","date_gmt":"2025-06-24T13:31:47","guid":{"rendered":"https:\/\/radiorevelacionfm.cl\/?p=55604"},"modified":"2025-06-24T10:31:47","modified_gmt":"2025-06-24T13:31:47","slug":"refuerzan-mantenimiento-preventivo-en-coyhaique-con-brigadas-especializadas","status":"publish","type":"post","link":"https:\/\/radiorevelacionfm.cl\/?p=55604","title":{"rendered":"Refuerzan mantenimiento preventivo en Coyhaique con brigadas especializadas"},"content":{"rendered":"<div class=\"flex_column av_one_full  flex_column_div av-zero-column-padding first  avia-builder-el-0  el_before_av_one_full  avia-builder-el-first  \" style='border-radius:0px; '><div  class='avia-image-container  av-styling-    avia-builder-el-1  avia-builder-el-no-sibling  avia-align-center '  itemprop=\"image\" itemscope=\"itemscope\" itemtype=\"https:\/\/schema.org\/ImageObject\"  ><div class='avia-image-container-inner'><div class='avia-image-overlay-wrap'><img decoding=\"async\" class='wp-image-55605 avia-img-lazy-loading-not-55605 avia_image' src=\"https:\/\/radiorevelacionfm.cl\/wp-content\/uploads\/2025\/06\/despeje-zonas-urbanas-1_optimized-1.jpeg\" alt='' title='despeje-zonas-urbanas-(1)_optimized (1)' height=\"600\" width=\"828\"  itemprop=\"thumbnailUrl\" srcset=\"https:\/\/radiorevelacionfm.cl\/wp-content\/uploads\/2025\/06\/despeje-zonas-urbanas-1_optimized-1.jpeg 828w, https:\/\/radiorevelacionfm.cl\/wp-content\/uploads\/2025\/06\/despeje-zonas-urbanas-1_optimized-1-300x217.jpeg 300w, https:\/\/radiorevelacionfm.cl\/wp-content\/uploads\/2025\/06\/despeje-zonas-urbanas-1_optimized-1-768x557.jpeg 768w, https:\/\/radiorevelacionfm.cl\/wp-content\/uploads\/2025\/06\/despeje-zonas-urbanas-1_optimized-1-705x511.jpeg 705w, https:\/\/radiorevelacionfm.cl\/wp-content\/uploads\/2025\/06\/despeje-zonas-urbanas-1_optimized-1-450x326.jpeg 450w, https:\/\/radiorevelacionfm.cl\/wp-content\/uploads\/2025\/06\/despeje-zonas-urbanas-1_optimized-1-600x435.jpeg 600w\" sizes=\"(max-width: 828px) 100vw, 828px\" \/><\/div><\/div><\/div><\/div><div class=\"flex_column av_one_full  flex_column_div av-zero-column-padding first  avia-builder-el-2  el_after_av_one_full  el_before_av_one_full  column-top-margin\" style='border-radius:0px; '><section class=\"av_textblock_section \"  itemscope=\"itemscope\" itemtype=\"https:\/\/schema.org\/BlogPosting\" itemprop=\"blogPost\" ><div class='avia_textblock  '   itemprop=\"text\" ><p style=\"text-align: center;\"><strong><span style=\"font-size: 18pt;\">Refuerzan mantenimiento preventivo en Coyhaique con brigadas especializadas<\/span><\/strong><\/p>\n<div id=\"gtx-trans\" style=\"position: absolute; left: -50px; top: 4.31534px;\">\n<div class=\"gtx-trans-icon\"><\/div>\n<\/div>\n<\/div><\/section><\/div><div class=\"flex_column av_one_full  flex_column_div av-zero-column-padding first  avia-builder-el-4  el_after_av_one_full  el_before_av_hr  column-top-margin\" style='border-radius:0px; '><section class=\"av_textblock_section \"  itemscope=\"itemscope\" itemtype=\"https:\/\/schema.org\/BlogPosting\" itemprop=\"blogPost\" ><div class='avia_textblock  '   itemprop=\"text\" ><p style=\"text-align: justify;\"><em>Las labores se est\u00e1n desarrollando en sectores como la poblaci\u00f3n General Marchant con equipos de roce y brigadas que trabajan con l\u00edneas energizadas, para disminuir riesgos de interrupciones durante el invierno.<\/em><\/p>\n<p style=\"text-align: justify;\">Con el objetivo de reforzar la continuidad y seguridad del suministro el\u00e9ctrico, Edelaysen contin\u00faa llevando a cabo trabajos de mantenimiento preventivo en diversos puntos de la comuna de Coyhaique. Las labores se han concentrado en zonas de alta concurrencia como tambi\u00e9n en lugares residenciales como la poblaci\u00f3n General Marchant, donde se ha realizado despeje de ramas cercanas al tendido el\u00e9ctrico.<\/p>\n<p style=\"text-align: justify;\">Las tareas son ejecutadas por brigadas de roce, responsables de despejar la vegetaci\u00f3n que podr\u00eda generar incidentes en las redes ante fuertes vientos o intensas nevadas, y por las brigadas de l\u00edneas vivas, equipos altamente capacitados que operan directamente en redes energizadas sin interrumpir el servicio para los clientes.<\/p>\n<p style=\"text-align: justify;\">En tal sentido, Manuel Subiabre ejecutivo de Edelaysen explic\u00f3 que: \u201cEste tipo de trabajos son fundamentales, sobre todo en esta \u00e9poca del a\u00f1o, porque nos permite anticiparnos a posibles desconexiones por causa del viento o del peso de la nieve sobre \u00e1rboles cercanos al tendido el\u00e9ctrico. Nuestro compromiso es seguir trabajando en terreno para brindar un suministro cada vez m\u00e1s confiable a las familias de la regi\u00f3n\u201d.<\/p>\n<p style=\"text-align: justify;\">En tanto, vecinos del sector han valorado los trabajos que se llevan a cabo en la zona urbana de la comuna, como es el caso de Pablo Hern\u00e1ndez, residente de calle Ren\u00e9 Schneider en Coyhaique. \u201cBueno la verdad es que me parece excelente que est\u00e9n limpiando las ramas que se acercan a los cables. As\u00ed evitamos cortes innecesarios sobre todo cuando hay mucho viento. Adem\u00e1s, que genera una tranquilidad para nosotros como vecinos, en mi caso por ejemplo mis pap\u00e1s son adultos y es importante para ellos contar con energ\u00eda sobre todo en esta \u00e9poca del a\u00f1o\u201d.<\/p>\n<p style=\"text-align: justify;\">De esta manera, los trabajos continuar\u00e1n en distintos sectores de la comuna como parte del plan de mantenimiento programado que no involucra desconexiones de energ\u00eda para los vecinos, buscando, por parte de Edelaysen, asegurar un mejor desempe\u00f1o del sistema el\u00e9ctrico en condiciones clim\u00e1ticas adversas.<\/p>\n<\/div><\/section><\/div><div  style='height:50px' class='hr hr-invisible   avia-builder-el-6  el_after_av_one_full  el_before_av_social_share '><span class='hr-inner ' ><span class='hr-inner-style'><\/span><\/span><\/div><\/p>\n<div  class='av-social-sharing-box  avia-builder-el-7  el_after_av_hr  el_before_av_hr  '><div class='av-share-box'><h5 class='av-share-link-description av-no-toc '>Compartir esta noticia<\/h5><ul class='av-share-box-list noLightbox'><li class='av-share-link av-social-link-facebook' ><a target=\"_blank\" aria-label=\"Compartir en Facebook\" href='https:\/\/www.facebook.com\/sharer.php?u=https:\/\/radiorevelacionfm.cl\/?p=55604&#038;t=Refuerzan%20mantenimiento%20preventivo%20en%20Coyhaique%20con%20brigadas%20especializadas' aria-hidden='false' data-av_icon='\ue8f3' data-av_iconfont='entypo-fontello' title='' data-avia-related-tooltip='Compartir en Facebook' rel=\"noopener\"><span class='avia_hidden_link_text'>Compartir en Facebook<\/span><\/a><\/li><li class='av-share-link av-social-link-twitter' ><a target=\"_blank\" aria-label=\"Compartir en Twitter\" href='https:\/\/twitter.com\/share?text=Refuerzan%20mantenimiento%20preventivo%20en%20Coyhaique%20con%20brigadas%20especializadas&#038;url=https:\/\/radiorevelacionfm.cl\/?p=55604' aria-hidden='false' data-av_icon='\ue8f1' data-av_iconfont='entypo-fontello' title='' data-avia-related-tooltip='Compartir en Twitter' rel=\"noopener\"><span class='avia_hidden_link_text'>Compartir en Twitter<\/span><\/a><\/li><li class='av-share-link av-social-link-whatsapp' ><a target=\"_blank\" aria-label=\"Compartir en Whatsapp\" href='https:\/\/api.whatsapp.com\/send?text=https:\/\/radiorevelacionfm.cl\/?p=55604' aria-hidden='false' data-av_icon='\uf232' data-av_iconfont='entypo-fontello' title='' data-avia-related-tooltip='Compartir en Whatsapp' rel=\"noopener\"><span class='avia_hidden_link_text'>Compartir en Whatsapp<\/span><\/a><\/li><li class='av-share-link av-social-link-linkedin' ><a target=\"_blank\" aria-label=\"Compartir en LinkedIn\" href='https:\/\/linkedin.com\/shareArticle?mini=true&#038;title=Refuerzan%20mantenimiento%20preventivo%20en%20Coyhaique%20con%20brigadas%20especializadas&#038;url=https:\/\/radiorevelacionfm.cl\/?p=55604' aria-hidden='false' data-av_icon='\ue8fc' data-av_iconfont='entypo-fontello' title='' data-avia-related-tooltip='Compartir en LinkedIn' rel=\"noopener\"><span class='avia_hidden_link_text'>Compartir en LinkedIn<\/span><\/a><\/li><li class='av-share-link av-social-link-mail' ><a  aria-label=\"Compartir por correo\" href='mailto:?subject=Refuerzan%20mantenimiento%20preventivo%20en%20Coyhaique%20con%20brigadas%20especializadas&#038;body=https:\/\/radiorevelacionfm.cl\/?p=55604' aria-hidden='false' data-av_icon='\ue805' data-av_iconfont='entypo-fontello' title='' data-avia-related-tooltip='Compartir por correo'><span class='avia_hidden_link_text'>Compartir por correo<\/span><\/a><\/li><\/ul><\/div><\/div>\n<div  style='height:50px' class='hr hr-invisible   avia-builder-el-8  el_after_av_social_share  el_before_av_comments_list '><span class='hr-inner ' ><span class='hr-inner-style'><\/span><\/span><\/div>\n<div  class='av-buildercomment  av-blog-meta-html-info-disabled av-blog-meta-tag-disabled  '><\/div>\n","protected":false},"excerpt":{"rendered":"","protected":false},"author":1,"featured_media":55605,"comment_status":"closed","ping_status":"closed","sticky":false,"template":"","format":"standard","meta":{"footnotes":""},"categories":[38],"tags":[],"class_list":["post-55604","post","type-post","status-publish","format-standard","has-post-thumbnail","hentry","category-regional"],"jetpack_featured_media_url":"https:\/\/radiorevelacionfm.cl\/wp-content\/uploads\/2025\/06\/despeje-zonas-urbanas-1_optimized-1.jpeg","_links":{"self":[{"href":"https:\/\/radiorevelacionfm.cl\/index.php?rest_route=\/wp\/v2\/posts\/55604","targetHints":{"allow":["GET"]}}],"collection":[{"href":"https:\/\/radiorevelacionfm.cl\/index.php?rest_route=\/wp\/v2\/posts"}],"about":[{"href":"https:\/\/radiorevelacionfm.cl\/index.php?rest_route=\/wp\/v2\/types\/post"}],"author":[{"embeddable":true,"href":"https:\/\/radiorevelacionfm.cl\/index.php?rest_route=\/wp\/v2\/users\/1"}],"replies":[{"embeddable":true,"href":"https:\/\/radiorevelacionfm.cl\/index.php?rest_route=%2Fwp%2Fv2%2Fcomments&post=55604"}],"version-history":[{"count":2,"href":"https:\/\/radiorevelacionfm.cl\/index.php?rest_route=\/wp\/v2\/posts\/55604\/revisions"}],"predecessor-version":[{"id":55626,"href":"https:\/\/radiorevelacionfm.cl\/index.php?rest_route=\/wp\/v2\/posts\/55604\/revisions\/55626"}],"wp:featuredmedia":[{"embeddable":true,"href":"https:\/\/radiorevelacionfm.cl\/index.php?rest_route=\/wp\/v2\/media\/55605"}],"wp:attachment":[{"href":"https:\/\/radiorevelacionfm.cl\/index.php?rest_route=%2Fwp%2Fv2%2Fmedia&parent=55604"}],"wp:term":[{"taxonomy":"category","embeddable":true,"href":"https:\/\/radiorevelacionfm.cl\/index.php?rest_route=%2Fwp%2Fv2%2Fcategories&post=55604"},{"taxonomy":"post_tag","embeddable":true,"href":"https:\/\/radiorevelacionfm.cl\/index.php?rest_route=%2Fwp%2Fv2%2Ftags&post=55604"}],"curies":[{"name":"wp","href":"https:\/\/api.w.org\/{rel}","templated":true}]}}