{"id":55602,"date":"2025-06-26T10:36:42","date_gmt":"2025-06-26T13:36:42","guid":{"rendered":"https:\/\/radiorevelacionfm.cl\/?p=55602"},"modified":"2025-06-26T10:36:42","modified_gmt":"2025-06-26T13:36:42","slug":"por-tercer-trimestre-consecutivo-la-region-de-aysen-crece-en-materia-economica","status":"publish","type":"post","link":"https:\/\/radiorevelacionfm.cl\/?p=55602","title":{"rendered":"Por tercer trimestre consecutivo la Regi\u00f3n de Ays\u00e9n crece en materia econ\u00f3mica"},"content":{"rendered":"<div class=\"flex_column av_one_full  flex_column_div av-zero-column-padding first  avia-builder-el-0  el_before_av_one_full  avia-builder-el-first  \" style='border-radius:0px; '><div  class='avia-image-container  av-styling-    avia-builder-el-1  avia-builder-el-no-sibling  avia-align-center '  itemprop=\"image\" itemscope=\"itemscope\" itemtype=\"https:\/\/schema.org\/ImageObject\"  ><div class='avia-image-container-inner'><div class='avia-image-overlay-wrap'><img decoding=\"async\" class='wp-image-55578 avia-img-lazy-loading-not-55578 avia_image' src=\"https:\/\/radiorevelacionfm.cl\/wp-content\/uploads\/2025\/06\/dji_0133-1-1_optimized.jpg\" alt='' title='dji_0133-(1)-(1)_optimized' height=\"600\" width=\"1067\"  itemprop=\"thumbnailUrl\" srcset=\"https:\/\/radiorevelacionfm.cl\/wp-content\/uploads\/2025\/06\/dji_0133-1-1_optimized.jpg 1067w, https:\/\/radiorevelacionfm.cl\/wp-content\/uploads\/2025\/06\/dji_0133-1-1_optimized-300x169.jpg 300w, https:\/\/radiorevelacionfm.cl\/wp-content\/uploads\/2025\/06\/dji_0133-1-1_optimized-1030x579.jpg 1030w, https:\/\/radiorevelacionfm.cl\/wp-content\/uploads\/2025\/06\/dji_0133-1-1_optimized-768x432.jpg 768w, https:\/\/radiorevelacionfm.cl\/wp-content\/uploads\/2025\/06\/dji_0133-1-1_optimized-705x396.jpg 705w, https:\/\/radiorevelacionfm.cl\/wp-content\/uploads\/2025\/06\/dji_0133-1-1_optimized-450x253.jpg 450w, https:\/\/radiorevelacionfm.cl\/wp-content\/uploads\/2025\/06\/dji_0133-1-1_optimized-600x337.jpg 600w\" sizes=\"(max-width: 1067px) 100vw, 1067px\" \/><\/div><\/div><\/div><\/div><div class=\"flex_column av_one_full  flex_column_div av-zero-column-padding first  avia-builder-el-2  el_after_av_one_full  el_before_av_one_full  column-top-margin\" style='border-radius:0px; '><section class=\"av_textblock_section \"  itemscope=\"itemscope\" itemtype=\"https:\/\/schema.org\/BlogPosting\" itemprop=\"blogPost\" ><div class='avia_textblock  '   itemprop=\"text\" ><p style=\"text-align: center;\"><strong><span style=\"font-size: 18pt;\">Por tercer trimestre consecutivo la Regi\u00f3n de Ays\u00e9n crece en materia econ\u00f3mica<\/span><\/strong><\/p>\n<div id=\"gtx-trans\" style=\"position: absolute; left: -50px; top: 4.31534px;\">\n<div class=\"gtx-trans-icon\"><\/div>\n<\/div>\n<\/div><\/section><\/div><div class=\"flex_column av_one_full  flex_column_div av-zero-column-padding first  avia-builder-el-4  el_after_av_one_full  el_before_av_hr  column-top-margin\" style='border-radius:0px; '><section class=\"av_textblock_section \"  itemscope=\"itemscope\" itemtype=\"https:\/\/schema.org\/BlogPosting\" itemprop=\"blogPost\" ><div class='avia_textblock  '   itemprop=\"text\" ><p style=\"text-align: justify;\">La econom\u00eda regional durante los meses; enero, febrero y marzo del presente a\u00f1o, creci\u00f3 un 8.5%, similar crecimiento al ocurrido entre octubre y diciembre del 2024, el que fue de 9.6%. Por lo tanto, con esto se confirman 9 meses consecutivos al alza en la Regi\u00f3n de Ays\u00e9n. Adem\u00e1s, la Regi\u00f3n de Ays\u00e9n lider\u00f3 el crecimiento a nivel pa\u00eds, seguida por Atacama con un 7.7% y Magallanes con un 6.1%.<\/p>\n<p style=\"text-align: justify;\">El crecimiento de 8,5% de la regi\u00f3n de Ays\u00e9n reflej\u00f3 las alzas en la acuicultura, la construcci\u00f3n y los servicios personales. En menor medida, tambi\u00e9n aportaron al crecimiento las actividades de transporte y la industria pesquera. El consumo de los hogares, en tanto, creci\u00f3 2,3% incidido por la mayor\u00eda de los servicios, destac\u00e1ndose los servicios de restaurantes y hoteles, junto con el mayor gasto en vestuario, calzado y productos farmac\u00e9uticos dentro de los bienes no durables.<\/p>\n<p style=\"text-align: justify;\">El Delegado Presidencial Regional Jorge D\u00edaz Guzm\u00e1n, puso sobre relieve la importancia del trabajo realizado para lograr un crecimiento econ\u00f3mico sostenido; <em>\u201cLo hab\u00edamos dicho y est\u00e1bamos trabajando para ello y por lo tanto este 8.5%, si bien es cierto es un muy buen n\u00famero es el resultado tambi\u00e9n de los ciclos econ\u00f3micos de las actividades que tienen asiento en la Regi\u00f3n de Ays\u00e9n; como la acuicultura, el turismo y \u00a0los servicios personales. Hay un trabajo muy intenso de nuestra parte en la construcci\u00f3n, hoy d\u00eda vemos y lo dijimos en nuestra Cuenta P\u00fablica, logramos ya la meta de construcci\u00f3n de viviendas del \u00e1mbito p\u00fablico, donde hoy estamos con un proyecto de 700 nuevas viviendas. Efectivamente la construcci\u00f3n se ha reactivado con los contratos nuevos que hemos podido destrabar que ven\u00edan desde post pandemia, por lo tanto este 8.5% tambi\u00e9n reactiva los ingresos de muchas personas que seguramente estaban desempleados y por lo tanto, tambi\u00e9n los servicios personales contribuyeron a que la Regi\u00f3n de Ays\u00e9n lidere a nivel nacional el crecimiento, sobrepasando a las regiones mineras. Pero al mismo tiempo no presenta un nuevo desaf\u00edo que es precisamente mantener ese crecimiento para lo que queda del a\u00f1o, y es por eso que estamos impulsando con mucha fuerza todos los proyectos que tienen que ver con la inversi\u00f3n p\u00fablica en el \u00e1mbito de la conectividad terrestre, entre otros\u201d.<\/em> Puntualiz\u00f3 la primera autoridad regional.<\/p>\n<p style=\"text-align: justify;\">Por su parte el Seremi de Econom\u00eda, Fomento y Turismo Felipe Rojas, relev\u00f3 esta nuevo crecimiento consecutivo a la luz de las cifras presentadas por el Banco Central; <em>\u201cTal como lo ven\u00edamos proyectando estas cifras sumamente positivas responden al desempe\u00f1o del sector privado y p\u00fablico en torno a la reactivaci\u00f3n econ\u00f3mica. Es as\u00ed como la acuicultura, la construcci\u00f3n, transporte y turismo se convierten en actores gravitantes a la hora de hablar de crecimiento. Este 8.5% significa 9 meses consecutivos de crecimiento positivo para nuestro territorio, el que de la mano de la alianza p\u00fablico privada, avanza a paso firme para lograr 12 meses de crecimiento robusto y sostenido\u201d.<\/em><\/p>\n<\/div><\/section><\/div><div  style='height:50px' class='hr hr-invisible   avia-builder-el-6  el_after_av_one_full  el_before_av_social_share '><span class='hr-inner ' ><span class='hr-inner-style'><\/span><\/span><\/div><\/p>\n<div  class='av-social-sharing-box  avia-builder-el-7  el_after_av_hr  el_before_av_hr  '><div class='av-share-box'><h5 class='av-share-link-description av-no-toc '>Compartir esta noticia<\/h5><ul class='av-share-box-list noLightbox'><li class='av-share-link av-social-link-facebook' ><a target=\"_blank\" aria-label=\"Compartir en Facebook\" href='https:\/\/www.facebook.com\/sharer.php?u=https:\/\/radiorevelacionfm.cl\/?p=55602&#038;t=Por%20tercer%20trimestre%20consecutivo%20la%20Regi%C3%B3n%20de%20Ays%C3%A9n%20crece%20en%20materia%20econ%C3%B3mica' aria-hidden='false' data-av_icon='\ue8f3' data-av_iconfont='entypo-fontello' title='' data-avia-related-tooltip='Compartir en Facebook' rel=\"noopener\"><span class='avia_hidden_link_text'>Compartir en Facebook<\/span><\/a><\/li><li class='av-share-link av-social-link-twitter' ><a target=\"_blank\" aria-label=\"Compartir en Twitter\" href='https:\/\/twitter.com\/share?text=Por%20tercer%20trimestre%20consecutivo%20la%20Regi%C3%B3n%20de%20Ays%C3%A9n%20crece%20en%20materia%20econ%C3%B3mica&#038;url=https:\/\/radiorevelacionfm.cl\/?p=55602' aria-hidden='false' data-av_icon='\ue8f1' data-av_iconfont='entypo-fontello' title='' data-avia-related-tooltip='Compartir en Twitter' rel=\"noopener\"><span class='avia_hidden_link_text'>Compartir en Twitter<\/span><\/a><\/li><li class='av-share-link av-social-link-whatsapp' ><a target=\"_blank\" aria-label=\"Compartir en Whatsapp\" href='https:\/\/api.whatsapp.com\/send?text=https:\/\/radiorevelacionfm.cl\/?p=55602' aria-hidden='false' data-av_icon='\uf232' data-av_iconfont='entypo-fontello' title='' data-avia-related-tooltip='Compartir en Whatsapp' rel=\"noopener\"><span class='avia_hidden_link_text'>Compartir en Whatsapp<\/span><\/a><\/li><li class='av-share-link av-social-link-linkedin' ><a target=\"_blank\" aria-label=\"Compartir en LinkedIn\" href='https:\/\/linkedin.com\/shareArticle?mini=true&#038;title=Por%20tercer%20trimestre%20consecutivo%20la%20Regi%C3%B3n%20de%20Ays%C3%A9n%20crece%20en%20materia%20econ%C3%B3mica&#038;url=https:\/\/radiorevelacionfm.cl\/?p=55602' aria-hidden='false' data-av_icon='\ue8fc' data-av_iconfont='entypo-fontello' title='' data-avia-related-tooltip='Compartir en LinkedIn' rel=\"noopener\"><span class='avia_hidden_link_text'>Compartir en LinkedIn<\/span><\/a><\/li><li class='av-share-link av-social-link-mail' ><a  aria-label=\"Compartir por correo\" href='mailto:?subject=Por%20tercer%20trimestre%20consecutivo%20la%20Regi%C3%B3n%20de%20Ays%C3%A9n%20crece%20en%20materia%20econ%C3%B3mica&#038;body=https:\/\/radiorevelacionfm.cl\/?p=55602' aria-hidden='false' data-av_icon='\ue805' data-av_iconfont='entypo-fontello' title='' data-avia-related-tooltip='Compartir por correo'><span class='avia_hidden_link_text'>Compartir por correo<\/span><\/a><\/li><\/ul><\/div><\/div>\n<div  style='height:50px' class='hr hr-invisible   avia-builder-el-8  el_after_av_social_share  el_before_av_comments_list '><span class='hr-inner ' ><span class='hr-inner-style'><\/span><\/span><\/div>\n<div  class='av-buildercomment  av-blog-meta-html-info-disabled av-blog-meta-tag-disabled  '><\/div>\n","protected":false},"excerpt":{"rendered":"","protected":false},"author":1,"featured_media":55578,"comment_status":"closed","ping_status":"closed","sticky":false,"template":"","format":"standard","meta":{"footnotes":""},"categories":[38],"tags":[],"class_list":["post-55602","post","type-post","status-publish","format-standard","has-post-thumbnail","hentry","category-regional"],"jetpack_featured_media_url":"https:\/\/radiorevelacionfm.cl\/wp-content\/uploads\/2025\/06\/dji_0133-1-1_optimized.jpg","_links":{"self":[{"href":"https:\/\/radiorevelacionfm.cl\/index.php?rest_route=\/wp\/v2\/posts\/55602","targetHints":{"allow":["GET"]}}],"collection":[{"href":"https:\/\/radiorevelacionfm.cl\/index.php?rest_route=\/wp\/v2\/posts"}],"about":[{"href":"https:\/\/radiorevelacionfm.cl\/index.php?rest_route=\/wp\/v2\/types\/post"}],"author":[{"embeddable":true,"href":"https:\/\/radiorevelacionfm.cl\/index.php?rest_route=\/wp\/v2\/users\/1"}],"replies":[{"embeddable":true,"href":"https:\/\/radiorevelacionfm.cl\/index.php?rest_route=%2Fwp%2Fv2%2Fcomments&post=55602"}],"version-history":[{"count":2,"href":"https:\/\/radiorevelacionfm.cl\/index.php?rest_route=\/wp\/v2\/posts\/55602\/revisions"}],"predecessor-version":[{"id":55722,"href":"https:\/\/radiorevelacionfm.cl\/index.php?rest_route=\/wp\/v2\/posts\/55602\/revisions\/55722"}],"wp:featuredmedia":[{"embeddable":true,"href":"https:\/\/radiorevelacionfm.cl\/index.php?rest_route=\/wp\/v2\/media\/55578"}],"wp:attachment":[{"href":"https:\/\/radiorevelacionfm.cl\/index.php?rest_route=%2Fwp%2Fv2%2Fmedia&parent=55602"}],"wp:term":[{"taxonomy":"category","embeddable":true,"href":"https:\/\/radiorevelacionfm.cl\/index.php?rest_route=%2Fwp%2Fv2%2Fcategories&post=55602"},{"taxonomy":"post_tag","embeddable":true,"href":"https:\/\/radiorevelacionfm.cl\/index.php?rest_route=%2Fwp%2Fv2%2Ftags&post=55602"}],"curies":[{"name":"wp","href":"https:\/\/api.w.org\/{rel}","templated":true}]}}