{"id":55599,"date":"2025-06-23T20:59:13","date_gmt":"2025-06-23T23:59:13","guid":{"rendered":"https:\/\/radiorevelacionfm.cl\/?p=55599"},"modified":"2025-06-23T20:59:13","modified_gmt":"2025-06-23T23:59:13","slug":"marcia-raphael-solicita-transparencia-en-el-avaluo-fiscal-y-exige-medidas-por-el-aumento-de-las-contribuciones-en-la-region-de-aysen","status":"publish","type":"post","link":"https:\/\/radiorevelacionfm.cl\/?p=55599","title":{"rendered":"Marcia Raphael solicita transparencia en el aval\u00fao fiscal y exige medidas por el aumento de las contribuciones en la regi\u00f3n de Ays\u00e9n"},"content":{"rendered":"<div class=\"flex_column av_one_full  flex_column_div av-zero-column-padding first  avia-builder-el-0  el_before_av_one_full  avia-builder-el-first  \" style='border-radius:0px; '><div  class='avia-image-container  av-styling-    avia-builder-el-1  avia-builder-el-no-sibling  avia-align-center '  itemprop=\"image\" itemscope=\"itemscope\" itemtype=\"https:\/\/schema.org\/ImageObject\"  ><div class='avia-image-container-inner'><div class='avia-image-overlay-wrap'><img decoding=\"async\" class='wp-image-55600 avia-img-lazy-loading-not-55600 avia_image' src=\"https:\/\/radiorevelacionfm.cl\/wp-content\/uploads\/2025\/06\/foto-diputada-2-2-1_optimized.jpeg\" alt='' title='foto-diputada-(2)-(2)-(1)_optimized' height=\"600\" width=\"900\"  itemprop=\"thumbnailUrl\" srcset=\"https:\/\/radiorevelacionfm.cl\/wp-content\/uploads\/2025\/06\/foto-diputada-2-2-1_optimized.jpeg 900w, https:\/\/radiorevelacionfm.cl\/wp-content\/uploads\/2025\/06\/foto-diputada-2-2-1_optimized-300x200.jpeg 300w, https:\/\/radiorevelacionfm.cl\/wp-content\/uploads\/2025\/06\/foto-diputada-2-2-1_optimized-768x512.jpeg 768w, https:\/\/radiorevelacionfm.cl\/wp-content\/uploads\/2025\/06\/foto-diputada-2-2-1_optimized-705x470.jpeg 705w, https:\/\/radiorevelacionfm.cl\/wp-content\/uploads\/2025\/06\/foto-diputada-2-2-1_optimized-450x300.jpeg 450w, https:\/\/radiorevelacionfm.cl\/wp-content\/uploads\/2025\/06\/foto-diputada-2-2-1_optimized-600x400.jpeg 600w\" sizes=\"(max-width: 900px) 100vw, 900px\" \/><\/div><\/div><\/div><\/div><div class=\"flex_column av_one_full  flex_column_div av-zero-column-padding first  avia-builder-el-2  el_after_av_one_full  el_before_av_one_full  column-top-margin\" style='border-radius:0px; '><section class=\"av_textblock_section \"  itemscope=\"itemscope\" itemtype=\"https:\/\/schema.org\/BlogPosting\" itemprop=\"blogPost\" ><div class='avia_textblock  '   itemprop=\"text\" ><p style=\"text-align: center;\"><strong><span style=\"font-size: 18pt;\">Marcia Raphael solicita transparencia en el aval\u00fao fiscal y exige medidas por el aumento de las contribuciones en la regi\u00f3n de Ays\u00e9n<\/span><\/strong><\/p>\n<div id=\"gtx-trans\" style=\"position: absolute; left: -50px; top: 4.31534px;\">\n<div class=\"gtx-trans-icon\"><\/div>\n<\/div>\n<\/div><\/section><\/div><div class=\"flex_column av_one_full  flex_column_div av-zero-column-padding first  avia-builder-el-4  el_after_av_one_full  el_before_av_hr  column-top-margin\" style='border-radius:0px; '><section class=\"av_textblock_section \"  itemscope=\"itemscope\" itemtype=\"https:\/\/schema.org\/BlogPosting\" itemprop=\"blogPost\" ><div class='avia_textblock  '   itemprop=\"text\" ><p style=\"text-align: justify;\"><em>La parlamentaria Marcia Raphael (RN) expres\u00f3 su preocupaci\u00f3n por el alarmante aumento en las contribuciones que han afectado a los habitantes de la regi\u00f3n de Ays\u00e9n en el \u00faltimo tiempo.<\/em><\/p>\n<p style=\"text-align: justify;\">La recaudaci\u00f3n del impuesto territorial a bienes ra\u00edces, que se aplica tanto a propiedades agr\u00edcolas como no agr\u00edcolas, ha aumentado un 137% entre 2010 y 2024. Este incremento es completamente desproporcionado en comparaci\u00f3n con el crecimiento de los salarios, que solamente han crecido un 28,5% en el mismo periodo, de acuerdo con un informe de Libertad y Desarrollo (LyD). \u00abEs inaceptable que mientras los salarios apenas suben, las contribuciones se hayan disparado de forma exponencial. Esto genera un impacto directo en la calidad de vida de nuestros ciudadanos\u00bb, indic\u00f3 la diputada Raphael.<\/p>\n<p style=\"text-align: justify;\">Raphael enfatiz\u00f3 que es crucial que se transparente el mecanismo de aval\u00fao fiscal utilizado por el Servicio de Impuestos Internos (SII). \u00abLa falta de claridad en el proceso de tasaci\u00f3n crea un clima de desconfianza. No se puede permitir que un sistema poco transparente determine la carga tributaria de quienes, en muchos casos, ya enfrentan dificultades econ\u00f3micas\u00bb, afirm\u00f3 la diputada.<\/p>\n<p style=\"text-align: justify;\">El alza en las contribuciones ha desatado un intenso debate p\u00fablico sobre la necesidad de redise\u00f1ar el gravamen. \u00abNo es solo una cuesti\u00f3n de justicia fiscal; es tambi\u00e9n una cuesti\u00f3n de equidad social. Debemos asegurar que el sistema tributario no penalice a quienes ya est\u00e1n luchando por salir adelante\u00bb, agreg\u00f3.<\/p>\n<p style=\"text-align: justify;\">Por este motivo la diputada ofici\u00f3 al Servicio de Impuesto Internos para aclarar las diferencias de los aval\u00faos fiscales entre Ays\u00e9n y Magallanes, siendo estos \u00faltimos considerablemente menor a los de la regi\u00f3n, teniendo similares caracter\u00edsticas.<\/p>\n<p style=\"text-align: justify;\">Finalmente, la legisladora hizo un llamado a las autoridades para que se priorice la revisi\u00f3n del sistema de aval\u00fao fiscal y se implemente un modelo m\u00e1s justo y transparente. \u00abLa gente tiene derecho a entender c\u00f3mo se calculan sus impuestos y a participar activamente en decisiones que afectan sus vidas\u00bb, concluy\u00f3.<\/p>\n<\/div><\/section><\/div><div  style='height:50px' class='hr hr-invisible   avia-builder-el-6  el_after_av_one_full  el_before_av_social_share '><span class='hr-inner ' ><span class='hr-inner-style'><\/span><\/span><\/div><\/p>\n<div  class='av-social-sharing-box  avia-builder-el-7  el_after_av_hr  el_before_av_hr  '><div class='av-share-box'><h5 class='av-share-link-description av-no-toc '>Compartir esta noticia<\/h5><ul class='av-share-box-list noLightbox'><li class='av-share-link av-social-link-facebook' ><a target=\"_blank\" aria-label=\"Compartir en Facebook\" href='https:\/\/www.facebook.com\/sharer.php?u=https:\/\/radiorevelacionfm.cl\/?p=55599&#038;t=Marcia%20Raphael%20solicita%20transparencia%20en%20el%20aval%C3%BAo%20fiscal%20y%20exige%20medidas%20por%20el%20aumento%20de%20las%20contribuciones%20en%20la%20regi%C3%B3n%20de%20Ays%C3%A9n' aria-hidden='false' data-av_icon='\ue8f3' data-av_iconfont='entypo-fontello' title='' data-avia-related-tooltip='Compartir en Facebook' rel=\"noopener\"><span class='avia_hidden_link_text'>Compartir en Facebook<\/span><\/a><\/li><li class='av-share-link av-social-link-twitter' ><a target=\"_blank\" aria-label=\"Compartir en Twitter\" href='https:\/\/twitter.com\/share?text=Marcia%20Raphael%20solicita%20transparencia%20en%20el%20aval%C3%BAo%20fiscal%20y%20exige%20medidas%20por%20el%20aumento%20de%20las%20contribuciones%20en%20la%20regi%C3%B3n%20de%20Ays%C3%A9n&#038;url=https:\/\/radiorevelacionfm.cl\/?p=55599' aria-hidden='false' data-av_icon='\ue8f1' data-av_iconfont='entypo-fontello' title='' data-avia-related-tooltip='Compartir en Twitter' rel=\"noopener\"><span class='avia_hidden_link_text'>Compartir en Twitter<\/span><\/a><\/li><li class='av-share-link av-social-link-whatsapp' ><a target=\"_blank\" aria-label=\"Compartir en Whatsapp\" href='https:\/\/api.whatsapp.com\/send?text=https:\/\/radiorevelacionfm.cl\/?p=55599' aria-hidden='false' data-av_icon='\uf232' data-av_iconfont='entypo-fontello' title='' data-avia-related-tooltip='Compartir en Whatsapp' rel=\"noopener\"><span class='avia_hidden_link_text'>Compartir en Whatsapp<\/span><\/a><\/li><li class='av-share-link av-social-link-linkedin' ><a target=\"_blank\" aria-label=\"Compartir en LinkedIn\" href='https:\/\/linkedin.com\/shareArticle?mini=true&#038;title=Marcia%20Raphael%20solicita%20transparencia%20en%20el%20aval%C3%BAo%20fiscal%20y%20exige%20medidas%20por%20el%20aumento%20de%20las%20contribuciones%20en%20la%20regi%C3%B3n%20de%20Ays%C3%A9n&#038;url=https:\/\/radiorevelacionfm.cl\/?p=55599' aria-hidden='false' data-av_icon='\ue8fc' data-av_iconfont='entypo-fontello' title='' data-avia-related-tooltip='Compartir en LinkedIn' rel=\"noopener\"><span class='avia_hidden_link_text'>Compartir en LinkedIn<\/span><\/a><\/li><li class='av-share-link av-social-link-mail' ><a  aria-label=\"Compartir por correo\" href='mailto:?subject=Marcia%20Raphael%20solicita%20transparencia%20en%20el%20aval%C3%BAo%20fiscal%20y%20exige%20medidas%20por%20el%20aumento%20de%20las%20contribuciones%20en%20la%20regi%C3%B3n%20de%20Ays%C3%A9n&#038;body=https:\/\/radiorevelacionfm.cl\/?p=55599' aria-hidden='false' data-av_icon='\ue805' data-av_iconfont='entypo-fontello' title='' data-avia-related-tooltip='Compartir por correo'><span class='avia_hidden_link_text'>Compartir por correo<\/span><\/a><\/li><\/ul><\/div><\/div>\n<div  style='height:50px' class='hr hr-invisible   avia-builder-el-8  el_after_av_social_share  el_before_av_comments_list '><span class='hr-inner ' ><span class='hr-inner-style'><\/span><\/span><\/div>\n<div  class='av-buildercomment  av-blog-meta-html-info-disabled av-blog-meta-tag-disabled  '><\/div>\n","protected":false},"excerpt":{"rendered":"","protected":false},"author":1,"featured_media":55600,"comment_status":"closed","ping_status":"closed","sticky":false,"template":"","format":"standard","meta":{"footnotes":""},"categories":[35],"tags":[],"class_list":["post-55599","post","type-post","status-publish","format-standard","has-post-thumbnail","hentry","category-politica"],"jetpack_featured_media_url":"https:\/\/radiorevelacionfm.cl\/wp-content\/uploads\/2025\/06\/foto-diputada-2-2-1_optimized.jpeg","_links":{"self":[{"href":"https:\/\/radiorevelacionfm.cl\/index.php?rest_route=\/wp\/v2\/posts\/55599","targetHints":{"allow":["GET"]}}],"collection":[{"href":"https:\/\/radiorevelacionfm.cl\/index.php?rest_route=\/wp\/v2\/posts"}],"about":[{"href":"https:\/\/radiorevelacionfm.cl\/index.php?rest_route=\/wp\/v2\/types\/post"}],"author":[{"embeddable":true,"href":"https:\/\/radiorevelacionfm.cl\/index.php?rest_route=\/wp\/v2\/users\/1"}],"replies":[{"embeddable":true,"href":"https:\/\/radiorevelacionfm.cl\/index.php?rest_route=%2Fwp%2Fv2%2Fcomments&post=55599"}],"version-history":[{"count":2,"href":"https:\/\/radiorevelacionfm.cl\/index.php?rest_route=\/wp\/v2\/posts\/55599\/revisions"}],"predecessor-version":[{"id":55623,"href":"https:\/\/radiorevelacionfm.cl\/index.php?rest_route=\/wp\/v2\/posts\/55599\/revisions\/55623"}],"wp:featuredmedia":[{"embeddable":true,"href":"https:\/\/radiorevelacionfm.cl\/index.php?rest_route=\/wp\/v2\/media\/55600"}],"wp:attachment":[{"href":"https:\/\/radiorevelacionfm.cl\/index.php?rest_route=%2Fwp%2Fv2%2Fmedia&parent=55599"}],"wp:term":[{"taxonomy":"category","embeddable":true,"href":"https:\/\/radiorevelacionfm.cl\/index.php?rest_route=%2Fwp%2Fv2%2Fcategories&post=55599"},{"taxonomy":"post_tag","embeddable":true,"href":"https:\/\/radiorevelacionfm.cl\/index.php?rest_route=%2Fwp%2Fv2%2Ftags&post=55599"}],"curies":[{"name":"wp","href":"https:\/\/api.w.org\/{rel}","templated":true}]}}