{"id":55592,"date":"2025-06-23T16:06:58","date_gmt":"2025-06-23T19:06:58","guid":{"rendered":"https:\/\/radiorevelacionfm.cl\/?p=55592"},"modified":"2025-06-23T16:06:58","modified_gmt":"2025-06-23T19:06:58","slug":"en-puerto-guadal-dan-la-bienvenida-al-invierno-con-variado-carnaval","status":"publish","type":"post","link":"https:\/\/radiorevelacionfm.cl\/?p=55592","title":{"rendered":"En Puerto Guadal dan la bienvenida al invierno con variado Carnaval"},"content":{"rendered":"<div class=\"flex_column av_one_full  flex_column_div av-zero-column-padding first  avia-builder-el-0  el_before_av_one_full  avia-builder-el-first  \" style='border-radius:0px; '><div  class='avia-image-container  av-styling-    avia-builder-el-1  avia-builder-el-no-sibling  avia-align-center '  itemprop=\"image\" itemscope=\"itemscope\" itemtype=\"https:\/\/schema.org\/ImageObject\"  ><div class='avia-image-container-inner'><div class='avia-image-overlay-wrap'><img decoding=\"async\" class='wp-image-55593 avia-img-lazy-loading-not-55593 avia_image' src=\"https:\/\/radiorevelacionfm.cl\/wp-content\/uploads\/2025\/06\/afiche-carnaval-de-invierno_optimized-1.jpg\" alt='' title='afiche-carnaval-de-invierno_optimized (1)' height=\"1038\" width=\"804\"  itemprop=\"thumbnailUrl\" srcset=\"https:\/\/radiorevelacionfm.cl\/wp-content\/uploads\/2025\/06\/afiche-carnaval-de-invierno_optimized-1.jpg 804w, https:\/\/radiorevelacionfm.cl\/wp-content\/uploads\/2025\/06\/afiche-carnaval-de-invierno_optimized-1-232x300.jpg 232w, https:\/\/radiorevelacionfm.cl\/wp-content\/uploads\/2025\/06\/afiche-carnaval-de-invierno_optimized-1-798x1030.jpg 798w, https:\/\/radiorevelacionfm.cl\/wp-content\/uploads\/2025\/06\/afiche-carnaval-de-invierno_optimized-1-768x992.jpg 768w, https:\/\/radiorevelacionfm.cl\/wp-content\/uploads\/2025\/06\/afiche-carnaval-de-invierno_optimized-1-546x705.jpg 546w, https:\/\/radiorevelacionfm.cl\/wp-content\/uploads\/2025\/06\/afiche-carnaval-de-invierno_optimized-1-450x581.jpg 450w, https:\/\/radiorevelacionfm.cl\/wp-content\/uploads\/2025\/06\/afiche-carnaval-de-invierno_optimized-1-600x775.jpg 600w\" sizes=\"(max-width: 804px) 100vw, 804px\" \/><\/div><\/div><\/div><\/div><div class=\"flex_column av_one_full  flex_column_div av-zero-column-padding first  avia-builder-el-2  el_after_av_one_full  el_before_av_one_full  column-top-margin\" style='border-radius:0px; '><section class=\"av_textblock_section \"  itemscope=\"itemscope\" itemtype=\"https:\/\/schema.org\/BlogPosting\" itemprop=\"blogPost\" ><div class='avia_textblock  '   itemprop=\"text\" ><p style=\"text-align: center;\"><span style=\"font-size: 18pt;\"><b><span lang=\"ES-TRAD\">En Puerto Guadal dan la bienvenida al invierno con variado Carnaval<\/span><\/b><\/span><\/p>\n<div id=\"gtx-trans\" style=\"position: absolute; left: -50px; top: 4.31534px;\">\n<div class=\"gtx-trans-icon\"><\/div>\n<\/div>\n<\/div><\/section><\/div><div class=\"flex_column av_one_full  flex_column_div av-zero-column-padding first  avia-builder-el-4  el_after_av_one_full  el_before_av_hr  column-top-margin\" style='border-radius:0px; '><section class=\"av_textblock_section \"  itemscope=\"itemscope\" itemtype=\"https:\/\/schema.org\/BlogPosting\" itemprop=\"blogPost\" ><div class='avia_textblock  '   itemprop=\"text\" ><p class=\"v1gmail-MsoListParagraph\" style=\"text-align: justify;\"><i><span lang=\"ES-TRAD\">Carros aleg\u00f3ricos y concurso de disfraces, trekking, taller de dise\u00f1o de letreros y feria productiva forman parte de las actividades programadas.<\/span><\/i><\/p>\n<p class=\"v1MsoNormal\" style=\"text-align: justify;\"><span lang=\"ES-TRAD\">Siguiendo la tradici\u00f3n que desde hace algunos a\u00f1os se ha reinstalado en Puerto Guadal de desarrollar actividades m\u00e1s all\u00e1 del verano, esta semana se realizar\u00e1 en la costera localidad el 1er Carnaval de Invierno de la costera localidad.\u00a0 Ser\u00e1n cuatro d\u00edas de actividades, en un trabajo liderado por la Delegaci\u00f3n de Puerto Guadal de la Municipalidad de Chile Chico con la colaboraci\u00f3n de la Junta de Vecinos N8, la Ag de Turismo, la AG de Campesinos y la Escuela Libertador Bernardo O&#8217;Higgins.<\/span><\/p>\n<p class=\"v1MsoNormal\" style=\"text-align: justify;\"><span lang=\"ES-TRAD\">El puntapi\u00e9 inicial ser\u00e1 este\u00a0<b>mi\u00e9rcoles 25 de junio<\/b>, con un desfile de carros aleg\u00f3ricos y disfraces invernales por parte de representantes de organizaciones locales y comunitarias, el cual partir\u00e1 en la escuela local a partir de las 11hrs y concluir\u00e1 en el recientemente refaccionado gimnasio.<\/span><\/p>\n<p class=\"v1MsoNormal\" style=\"text-align: justify;\"><span lang=\"ES-TRAD\">El\u00a0<b>jueves 26<\/b>\u00a0desde las 9hrs el Club de Escalada liderar\u00e1 un trekking por los alrededores del poblado, para continuar el\u00a0<b>viernes 27<\/b>\u00a0con un taller de dise\u00f1o de letreros de protecci\u00f3n ambiental comenzando a las 11hrs, los cuales se instalar\u00e1n durante la ma\u00f1ana.<\/span><\/p>\n<p class=\"v1MsoNormal\" style=\"text-align: justify;\"><span lang=\"ES-TRAD\">El\u00a0<b>s\u00e1bado 28<\/b>\u00a0se montar\u00e1 en el gimnasio una feria productiva con venta de artesan\u00edas, chocolate caliente de cortes\u00eda, milcaos y sopaipillas, para a partir del mediod\u00eda dar rienda a la competencia \u00ab<i>Chapuz\u00f3n + Fr\u00edo de la Perla<\/i>\u00ab.<\/span><\/p>\n<\/div><\/section><\/div><div  style='height:50px' class='hr hr-invisible   avia-builder-el-6  el_after_av_one_full  el_before_av_social_share '><span class='hr-inner ' ><span class='hr-inner-style'><\/span><\/span><\/div><\/p>\n<div  class='av-social-sharing-box  avia-builder-el-7  el_after_av_hr  el_before_av_hr  '><div class='av-share-box'><h5 class='av-share-link-description av-no-toc '>Compartir esta noticia<\/h5><ul class='av-share-box-list noLightbox'><li class='av-share-link av-social-link-facebook' ><a target=\"_blank\" aria-label=\"Compartir en Facebook\" href='https:\/\/www.facebook.com\/sharer.php?u=https:\/\/radiorevelacionfm.cl\/?p=55592&#038;t=En%20Puerto%20Guadal%20dan%20la%20bienvenida%20al%20invierno%20con%20variado%20Carnaval' aria-hidden='false' data-av_icon='\ue8f3' data-av_iconfont='entypo-fontello' title='' data-avia-related-tooltip='Compartir en Facebook' rel=\"noopener\"><span class='avia_hidden_link_text'>Compartir en Facebook<\/span><\/a><\/li><li class='av-share-link av-social-link-twitter' ><a target=\"_blank\" aria-label=\"Compartir en Twitter\" href='https:\/\/twitter.com\/share?text=En%20Puerto%20Guadal%20dan%20la%20bienvenida%20al%20invierno%20con%20variado%20Carnaval&#038;url=https:\/\/radiorevelacionfm.cl\/?p=55592' aria-hidden='false' data-av_icon='\ue8f1' data-av_iconfont='entypo-fontello' title='' data-avia-related-tooltip='Compartir en Twitter' rel=\"noopener\"><span class='avia_hidden_link_text'>Compartir en Twitter<\/span><\/a><\/li><li class='av-share-link av-social-link-whatsapp' ><a target=\"_blank\" aria-label=\"Compartir en Whatsapp\" href='https:\/\/api.whatsapp.com\/send?text=https:\/\/radiorevelacionfm.cl\/?p=55592' aria-hidden='false' data-av_icon='\uf232' data-av_iconfont='entypo-fontello' title='' data-avia-related-tooltip='Compartir en Whatsapp' rel=\"noopener\"><span class='avia_hidden_link_text'>Compartir en Whatsapp<\/span><\/a><\/li><li class='av-share-link av-social-link-linkedin' ><a target=\"_blank\" aria-label=\"Compartir en LinkedIn\" href='https:\/\/linkedin.com\/shareArticle?mini=true&#038;title=En%20Puerto%20Guadal%20dan%20la%20bienvenida%20al%20invierno%20con%20variado%20Carnaval&#038;url=https:\/\/radiorevelacionfm.cl\/?p=55592' aria-hidden='false' data-av_icon='\ue8fc' data-av_iconfont='entypo-fontello' title='' data-avia-related-tooltip='Compartir en LinkedIn' rel=\"noopener\"><span class='avia_hidden_link_text'>Compartir en LinkedIn<\/span><\/a><\/li><li class='av-share-link av-social-link-mail' ><a  aria-label=\"Compartir por correo\" href='mailto:?subject=En%20Puerto%20Guadal%20dan%20la%20bienvenida%20al%20invierno%20con%20variado%20Carnaval&#038;body=https:\/\/radiorevelacionfm.cl\/?p=55592' aria-hidden='false' data-av_icon='\ue805' data-av_iconfont='entypo-fontello' title='' data-avia-related-tooltip='Compartir por correo'><span class='avia_hidden_link_text'>Compartir por correo<\/span><\/a><\/li><\/ul><\/div><\/div>\n<div  style='height:50px' class='hr hr-invisible   avia-builder-el-8  el_after_av_social_share  el_before_av_comments_list '><span class='hr-inner ' ><span class='hr-inner-style'><\/span><\/span><\/div>\n<div  class='av-buildercomment  av-blog-meta-html-info-disabled av-blog-meta-tag-disabled  '><\/div>\n","protected":false},"excerpt":{"rendered":"","protected":false},"author":1,"featured_media":55593,"comment_status":"closed","ping_status":"closed","sticky":false,"template":"","format":"standard","meta":{"footnotes":""},"categories":[38],"tags":[],"class_list":["post-55592","post","type-post","status-publish","format-standard","has-post-thumbnail","hentry","category-regional"],"jetpack_featured_media_url":"https:\/\/radiorevelacionfm.cl\/wp-content\/uploads\/2025\/06\/afiche-carnaval-de-invierno_optimized-1.jpg","_links":{"self":[{"href":"https:\/\/radiorevelacionfm.cl\/index.php?rest_route=\/wp\/v2\/posts\/55592","targetHints":{"allow":["GET"]}}],"collection":[{"href":"https:\/\/radiorevelacionfm.cl\/index.php?rest_route=\/wp\/v2\/posts"}],"about":[{"href":"https:\/\/radiorevelacionfm.cl\/index.php?rest_route=\/wp\/v2\/types\/post"}],"author":[{"embeddable":true,"href":"https:\/\/radiorevelacionfm.cl\/index.php?rest_route=\/wp\/v2\/users\/1"}],"replies":[{"embeddable":true,"href":"https:\/\/radiorevelacionfm.cl\/index.php?rest_route=%2Fwp%2Fv2%2Fcomments&post=55592"}],"version-history":[{"count":2,"href":"https:\/\/radiorevelacionfm.cl\/index.php?rest_route=\/wp\/v2\/posts\/55592\/revisions"}],"predecessor-version":[{"id":55595,"href":"https:\/\/radiorevelacionfm.cl\/index.php?rest_route=\/wp\/v2\/posts\/55592\/revisions\/55595"}],"wp:featuredmedia":[{"embeddable":true,"href":"https:\/\/radiorevelacionfm.cl\/index.php?rest_route=\/wp\/v2\/media\/55593"}],"wp:attachment":[{"href":"https:\/\/radiorevelacionfm.cl\/index.php?rest_route=%2Fwp%2Fv2%2Fmedia&parent=55592"}],"wp:term":[{"taxonomy":"category","embeddable":true,"href":"https:\/\/radiorevelacionfm.cl\/index.php?rest_route=%2Fwp%2Fv2%2Fcategories&post=55592"},{"taxonomy":"post_tag","embeddable":true,"href":"https:\/\/radiorevelacionfm.cl\/index.php?rest_route=%2Fwp%2Fv2%2Ftags&post=55592"}],"curies":[{"name":"wp","href":"https:\/\/api.w.org\/{rel}","templated":true}]}}