{"id":55581,"date":"2025-06-23T15:00:37","date_gmt":"2025-06-23T18:00:37","guid":{"rendered":"https:\/\/radiorevelacionfm.cl\/?p=55581"},"modified":"2025-06-23T15:00:37","modified_gmt":"2025-06-23T18:00:37","slug":"carabineros-de-puerto-aysen-en-coordinacion-con-la-fiscalia-detuvo-a-sujeto-por-robo-con-violencia","status":"publish","type":"post","link":"https:\/\/radiorevelacionfm.cl\/?p=55581","title":{"rendered":"Carabineros de Puerto Ays\u00e9n en coordinaci\u00f3n con la Fiscal\u00eda detuvo a sujeto por robo con violencia"},"content":{"rendered":"<div class=\"flex_column av_one_full  flex_column_div av-zero-column-padding first  avia-builder-el-0  el_before_av_one_full  avia-builder-el-first  \" style='border-radius:0px; '><div  class='avia-image-container  av-styling-    avia-builder-el-1  avia-builder-el-no-sibling  avia-align-center '  itemprop=\"image\" itemscope=\"itemscope\" itemtype=\"https:\/\/schema.org\/ImageObject\"  ><div class='avia-image-container-inner'><div class='avia-image-overlay-wrap'><img decoding=\"async\" class='wp-image-55582 avia-img-lazy-loading-not-55582 avia_image' src=\"https:\/\/radiorevelacionfm.cl\/wp-content\/uploads\/2025\/06\/03454b44-dbff-4385-b5af-34ea33e1446a-1-1.jpg\" alt='' title='03454b44-dbff-4385-b5af-34ea33e1446a (1) (1)' height=\"675\" width=\"803\"  itemprop=\"thumbnailUrl\" srcset=\"https:\/\/radiorevelacionfm.cl\/wp-content\/uploads\/2025\/06\/03454b44-dbff-4385-b5af-34ea33e1446a-1-1.jpg 803w, https:\/\/radiorevelacionfm.cl\/wp-content\/uploads\/2025\/06\/03454b44-dbff-4385-b5af-34ea33e1446a-1-1-300x252.jpg 300w, https:\/\/radiorevelacionfm.cl\/wp-content\/uploads\/2025\/06\/03454b44-dbff-4385-b5af-34ea33e1446a-1-1-768x646.jpg 768w, https:\/\/radiorevelacionfm.cl\/wp-content\/uploads\/2025\/06\/03454b44-dbff-4385-b5af-34ea33e1446a-1-1-705x593.jpg 705w, https:\/\/radiorevelacionfm.cl\/wp-content\/uploads\/2025\/06\/03454b44-dbff-4385-b5af-34ea33e1446a-1-1-450x378.jpg 450w, https:\/\/radiorevelacionfm.cl\/wp-content\/uploads\/2025\/06\/03454b44-dbff-4385-b5af-34ea33e1446a-1-1-600x504.jpg 600w\" sizes=\"(max-width: 803px) 100vw, 803px\" \/><\/div><\/div><\/div><\/div><div class=\"flex_column av_one_full  flex_column_div av-zero-column-padding first  avia-builder-el-2  el_after_av_one_full  el_before_av_one_full  column-top-margin\" style='border-radius:0px; '><section class=\"av_textblock_section \"  itemscope=\"itemscope\" itemtype=\"https:\/\/schema.org\/BlogPosting\" itemprop=\"blogPost\" ><div class='avia_textblock  '   itemprop=\"text\" ><p style=\"text-align: center;\"><strong><span style=\"font-size: 18pt;\">Carabineros de Puerto Ays\u00e9n en coordinaci\u00f3n con la Fiscal\u00eda detuvo a sujeto por robo con violencia<\/span><\/strong><\/p>\n<div id=\"gtx-trans\" style=\"position: absolute; left: -50px; top: 4.31534px;\">\n<div class=\"gtx-trans-icon\"><\/div>\n<\/div>\n<\/div><\/section><\/div><div class=\"flex_column av_one_full  flex_column_div av-zero-column-padding first  avia-builder-el-4  el_after_av_one_full  el_before_av_hr  column-top-margin\" style='border-radius:0px; '><section class=\"av_textblock_section \"  itemscope=\"itemscope\" itemtype=\"https:\/\/schema.org\/BlogPosting\" itemprop=\"blogPost\" ><div class='avia_textblock  '   itemprop=\"text\" ><ul>\n<li dir=\"ltr\">\n<p dir=\"ltr\" style=\"text-align: justify;\"><em>La diligencia desarrollada por la SIP y que fue apoyada por el GOPE y Control del Orden P\u00fablico, permiti\u00f3 allanar un domicilio logrando la captura del sujeto adem\u00e1s de incautar dos armas de fantas\u00eda e indumentarias utilizadas en la comisi\u00f3n del il\u00edcito.<\/em><\/p>\n<\/li>\n<\/ul>\n<p dir=\"ltr\" style=\"text-align: justify;\">Un operativo conjunto de Carabineros de la 2da Comisar\u00eda de Puerto Ays\u00e9n y la Fiscal\u00eda culmin\u00f3 con la detenci\u00f3n de un sujeto imputado por el delito de robo con violencia que afect\u00f3 a una botiller\u00eda en Puerto Ays\u00e9n durante la madrugada del s\u00e1bado. La acci\u00f3n permiti\u00f3 incautar dos armas de fantas\u00eda y la indumentaria usada en la comisi\u00f3n del delito.<\/p>\n<p dir=\"ltr\" style=\"text-align: justify;\">Seg\u00fan indic\u00f3 el Subcomisario de los Servicios de la 2da Comisar\u00eda de Puerto Ays\u00e9n, Capit\u00e1n Gustavo Schulz, el robo ocurri\u00f3 en un local de alcoholes en calle Eleuterio Ram\u00edrez, donde un individuo ingres\u00f3 armado, intimid\u00f3 a la regente y exigi\u00f3 dinero y especies.<\/p>\n<p dir=\"ltr\" style=\"text-align: justify;\">Una segunda v\u00edctima presente en el lugar result\u00f3 lesionada presuntamente por el agresor, quien huy\u00f3 tras el il\u00edcito.<\/p>\n<p dir=\"ltr\" style=\"text-align: justify;\">Alertados por la Central de Comunicaciones, efectivos de la 2da Comisar\u00eda de Puerto Ays\u00e9n acudieron al sitio del suceso, se entrevistaron con las v\u00edctimas y trasladaron a la persona lesionada a la asistencia p\u00fablica de salud para constatar lesiones.<\/p>\n<p dir=\"ltr\" style=\"text-align: justify;\">\u00abLa regente se\u00f1al\u00f3 que mientras estaba en su local, ingres\u00f3 un sujeto a rostro descubierto y portando un arma en sus manos, la intimid\u00f3, solicitando dinero y especies del local. Carabineros acoge la denuncia, efect\u00faa diligencias aut\u00f3nomas, levantamiento de evidencias, c\u00e1maras y empadronamiento de testigos y traslada a una de las v\u00edctimas al hospital para la constataci\u00f3n de lesiones\u00bb, indic\u00f3 el Capit\u00e1n Gustavo Schulz.<\/p>\n<p dir=\"ltr\" style=\"text-align: justify;\">El Capit\u00e1n Gustavo Schulz, detall\u00f3 que los antecedentes fueron informados a la Fiscal\u00eda local de Puerto Ays\u00e9n, tras lo cual se sum\u00f3 un equipo especializado de la Secci\u00f3n de Investigaci\u00f3n Policial (SIP) de esta Unidad, con la finalidad de desarrollar diligencias investigativas instruidas por el Ministerio P\u00fablico.<\/p>\n<p dir=\"ltr\" style=\"text-align: justify;\">\u00abTales diligencias arrojan frutos en horas de la tarde del s\u00e1bado, donde se re\u00fanen las caracter\u00edsticas de un sujeto de inter\u00e9s de la Fiscal\u00eda y de la investigaci\u00f3n, logrando establecer su identidad y paradero, tras lo cual se desarroll\u00f3 un operativo en conjunto con el GOPE, personal de Control del Orden P\u00fablico y la SIP. Se ingres\u00f3 al domicilio donde se encontr\u00f3 al sujeto de inter\u00e9s, adem\u00e1s de un arma tipo pistola a fogueo y una subametralladora UZI de fantas\u00eda, adem\u00e1s de las vestimentas ocupadas por el sujeto en la comisi\u00f3n del il\u00edcito en horas de la madrugada\u00bb, detall\u00f3 el Oficial.<\/p>\n<p dir=\"ltr\" style=\"text-align: justify;\">La Fiscal\u00eda local de Puerto Ays\u00e9n contin\u00faa liderando la investigaci\u00f3n para esclarecer los hechos.<\/p>\n<\/div><\/section><\/div><div  style='height:50px' class='hr hr-invisible   avia-builder-el-6  el_after_av_one_full  el_before_av_social_share '><span class='hr-inner ' ><span class='hr-inner-style'><\/span><\/span><\/div><\/p>\n<div  class='av-social-sharing-box  avia-builder-el-7  el_after_av_hr  el_before_av_hr  '><div class='av-share-box'><h5 class='av-share-link-description av-no-toc '>Compartir esta noticia<\/h5><ul class='av-share-box-list noLightbox'><li class='av-share-link av-social-link-facebook' ><a target=\"_blank\" aria-label=\"Compartir en Facebook\" href='https:\/\/www.facebook.com\/sharer.php?u=https:\/\/radiorevelacionfm.cl\/?p=55581&#038;t=Carabineros%20de%20Puerto%20Ays%C3%A9n%20en%20coordinaci%C3%B3n%20con%20la%20Fiscal%C3%ADa%20detuvo%20a%20sujeto%20por%20robo%20con%20violencia' aria-hidden='false' data-av_icon='\ue8f3' data-av_iconfont='entypo-fontello' title='' data-avia-related-tooltip='Compartir en Facebook' rel=\"noopener\"><span class='avia_hidden_link_text'>Compartir en Facebook<\/span><\/a><\/li><li class='av-share-link av-social-link-twitter' ><a target=\"_blank\" aria-label=\"Compartir en Twitter\" href='https:\/\/twitter.com\/share?text=Carabineros%20de%20Puerto%20Ays%C3%A9n%20en%20coordinaci%C3%B3n%20con%20la%20Fiscal%C3%ADa%20detuvo%20a%20sujeto%20por%20robo%20con%20violencia&#038;url=https:\/\/radiorevelacionfm.cl\/?p=55581' aria-hidden='false' data-av_icon='\ue8f1' data-av_iconfont='entypo-fontello' title='' data-avia-related-tooltip='Compartir en Twitter' rel=\"noopener\"><span class='avia_hidden_link_text'>Compartir en Twitter<\/span><\/a><\/li><li class='av-share-link av-social-link-whatsapp' ><a target=\"_blank\" aria-label=\"Compartir en Whatsapp\" href='https:\/\/api.whatsapp.com\/send?text=https:\/\/radiorevelacionfm.cl\/?p=55581' aria-hidden='false' data-av_icon='\uf232' data-av_iconfont='entypo-fontello' title='' data-avia-related-tooltip='Compartir en Whatsapp' rel=\"noopener\"><span class='avia_hidden_link_text'>Compartir en Whatsapp<\/span><\/a><\/li><li class='av-share-link av-social-link-linkedin' ><a target=\"_blank\" aria-label=\"Compartir en LinkedIn\" href='https:\/\/linkedin.com\/shareArticle?mini=true&#038;title=Carabineros%20de%20Puerto%20Ays%C3%A9n%20en%20coordinaci%C3%B3n%20con%20la%20Fiscal%C3%ADa%20detuvo%20a%20sujeto%20por%20robo%20con%20violencia&#038;url=https:\/\/radiorevelacionfm.cl\/?p=55581' aria-hidden='false' data-av_icon='\ue8fc' data-av_iconfont='entypo-fontello' title='' data-avia-related-tooltip='Compartir en LinkedIn' rel=\"noopener\"><span class='avia_hidden_link_text'>Compartir en LinkedIn<\/span><\/a><\/li><li class='av-share-link av-social-link-mail' ><a  aria-label=\"Compartir por correo\" href='mailto:?subject=Carabineros%20de%20Puerto%20Ays%C3%A9n%20en%20coordinaci%C3%B3n%20con%20la%20Fiscal%C3%ADa%20detuvo%20a%20sujeto%20por%20robo%20con%20violencia&#038;body=https:\/\/radiorevelacionfm.cl\/?p=55581' aria-hidden='false' data-av_icon='\ue805' data-av_iconfont='entypo-fontello' title='' data-avia-related-tooltip='Compartir por correo'><span class='avia_hidden_link_text'>Compartir por correo<\/span><\/a><\/li><\/ul><\/div><\/div>\n<div  style='height:50px' class='hr hr-invisible   avia-builder-el-8  el_after_av_social_share  el_before_av_comments_list '><span class='hr-inner ' ><span class='hr-inner-style'><\/span><\/span><\/div>\n<div  class='av-buildercomment  av-blog-meta-html-info-disabled av-blog-meta-tag-disabled  '><\/div>\n","protected":false},"excerpt":{"rendered":"","protected":false},"author":1,"featured_media":55582,"comment_status":"closed","ping_status":"closed","sticky":false,"template":"","format":"standard","meta":{"footnotes":""},"categories":[36],"tags":[],"class_list":["post-55581","post","type-post","status-publish","format-standard","has-post-thumbnail","hentry","category-policial"],"jetpack_featured_media_url":"https:\/\/radiorevelacionfm.cl\/wp-content\/uploads\/2025\/06\/03454b44-dbff-4385-b5af-34ea33e1446a-1-1.jpg","_links":{"self":[{"href":"https:\/\/radiorevelacionfm.cl\/index.php?rest_route=\/wp\/v2\/posts\/55581","targetHints":{"allow":["GET"]}}],"collection":[{"href":"https:\/\/radiorevelacionfm.cl\/index.php?rest_route=\/wp\/v2\/posts"}],"about":[{"href":"https:\/\/radiorevelacionfm.cl\/index.php?rest_route=\/wp\/v2\/types\/post"}],"author":[{"embeddable":true,"href":"https:\/\/radiorevelacionfm.cl\/index.php?rest_route=\/wp\/v2\/users\/1"}],"replies":[{"embeddable":true,"href":"https:\/\/radiorevelacionfm.cl\/index.php?rest_route=%2Fwp%2Fv2%2Fcomments&post=55581"}],"version-history":[{"count":2,"href":"https:\/\/radiorevelacionfm.cl\/index.php?rest_route=\/wp\/v2\/posts\/55581\/revisions"}],"predecessor-version":[{"id":55584,"href":"https:\/\/radiorevelacionfm.cl\/index.php?rest_route=\/wp\/v2\/posts\/55581\/revisions\/55584"}],"wp:featuredmedia":[{"embeddable":true,"href":"https:\/\/radiorevelacionfm.cl\/index.php?rest_route=\/wp\/v2\/media\/55582"}],"wp:attachment":[{"href":"https:\/\/radiorevelacionfm.cl\/index.php?rest_route=%2Fwp%2Fv2%2Fmedia&parent=55581"}],"wp:term":[{"taxonomy":"category","embeddable":true,"href":"https:\/\/radiorevelacionfm.cl\/index.php?rest_route=%2Fwp%2Fv2%2Fcategories&post=55581"},{"taxonomy":"post_tag","embeddable":true,"href":"https:\/\/radiorevelacionfm.cl\/index.php?rest_route=%2Fwp%2Fv2%2Ftags&post=55581"}],"curies":[{"name":"wp","href":"https:\/\/api.w.org\/{rel}","templated":true}]}}