{"id":55577,"date":"2025-06-23T14:51:51","date_gmt":"2025-06-23T17:51:51","guid":{"rendered":"https:\/\/radiorevelacionfm.cl\/?p=55577"},"modified":"2025-06-23T14:51:51","modified_gmt":"2025-06-23T17:51:51","slug":"con-apertura-provisional-de-nuevo-puente-y-rotonda-acceso-norte-a-coyhaique-entra-a-su-etapa-final","status":"publish","type":"post","link":"https:\/\/radiorevelacionfm.cl\/?p=55577","title":{"rendered":"Con apertura provisional de nuevo puente y rotonda acceso norte a Coyhaique entra a su etapa final"},"content":{"rendered":"<div class=\"flex_column av_one_full  flex_column_div av-zero-column-padding first  avia-builder-el-0  el_before_av_one_full  avia-builder-el-first  \" style='border-radius:0px; '><div  class='avia-image-container  av-styling-    avia-builder-el-1  avia-builder-el-no-sibling  avia-align-center '  itemprop=\"image\" itemscope=\"itemscope\" itemtype=\"https:\/\/schema.org\/ImageObject\"  ><div class='avia-image-container-inner'><div class='avia-image-overlay-wrap'><img decoding=\"async\" class='wp-image-55578 avia-img-lazy-loading-not-55578 avia_image' src=\"https:\/\/radiorevelacionfm.cl\/wp-content\/uploads\/2025\/06\/dji_0133-1-1_optimized.jpg\" alt='' title='dji_0133-(1)-(1)_optimized' height=\"600\" width=\"1067\"  itemprop=\"thumbnailUrl\" srcset=\"https:\/\/radiorevelacionfm.cl\/wp-content\/uploads\/2025\/06\/dji_0133-1-1_optimized.jpg 1067w, https:\/\/radiorevelacionfm.cl\/wp-content\/uploads\/2025\/06\/dji_0133-1-1_optimized-300x169.jpg 300w, https:\/\/radiorevelacionfm.cl\/wp-content\/uploads\/2025\/06\/dji_0133-1-1_optimized-1030x579.jpg 1030w, https:\/\/radiorevelacionfm.cl\/wp-content\/uploads\/2025\/06\/dji_0133-1-1_optimized-768x432.jpg 768w, https:\/\/radiorevelacionfm.cl\/wp-content\/uploads\/2025\/06\/dji_0133-1-1_optimized-705x396.jpg 705w, https:\/\/radiorevelacionfm.cl\/wp-content\/uploads\/2025\/06\/dji_0133-1-1_optimized-450x253.jpg 450w, https:\/\/radiorevelacionfm.cl\/wp-content\/uploads\/2025\/06\/dji_0133-1-1_optimized-600x337.jpg 600w\" sizes=\"(max-width: 1067px) 100vw, 1067px\" \/><\/div><\/div><\/div><\/div><div class=\"flex_column av_one_full  flex_column_div av-zero-column-padding first  avia-builder-el-2  el_after_av_one_full  el_before_av_one_full  column-top-margin\" style='border-radius:0px; '><section class=\"av_textblock_section \"  itemscope=\"itemscope\" itemtype=\"https:\/\/schema.org\/BlogPosting\" itemprop=\"blogPost\" ><div class='avia_textblock  '   itemprop=\"text\" ><p style=\"text-align: center;\"><strong><span style=\"font-size: 18pt;\">Con apertura provisional de nuevo puente y rotonda acceso norte a Coyhaique entra a su etapa final<\/span><\/strong><\/p>\n<div id=\"gtx-trans\" style=\"position: absolute; left: -50px; top: 4.31534px;\">\n<div class=\"gtx-trans-icon\"><\/div>\n<\/div>\n<\/div><\/section><\/div><div class=\"flex_column av_one_full  flex_column_div av-zero-column-padding first  avia-builder-el-4  el_after_av_one_full  el_before_av_hr  column-top-margin\" style='border-radius:0px; '><section class=\"av_textblock_section \"  itemscope=\"itemscope\" itemtype=\"https:\/\/schema.org\/BlogPosting\" itemprop=\"blogPost\" ><div class='avia_textblock  '   itemprop=\"text\" ><p style=\"text-align: justify;\">De manera provisoria, los veh\u00edculos que transiten por el acceso norte de Coyhaique podr\u00e1n utilizar el nuevo puente y la rotonda que forman parte de esta emblem\u00e1tica obra del ministerio de Obras P\u00fablicas, infraestructura que forma parte de un contrato que estuvo detenido, pero que a partir de este viernes vuelve a cobrar vida y sentido para la comunidad.<\/p>\n<p style=\"text-align: justify;\">As\u00ed lo inform\u00f3 la seremi del MOP en Ays\u00e9n, Paloma Jara, quien destac\u00f3 el esfuerzo realizado para reactivar una obra largamente esperada por la ciudadan\u00eda: \u201cEstamos haciendo esto con mucha alegr\u00eda. Es dif\u00edcil cuando uno ve un puente que no puede ser utilizado, y a la gente le duele. Nosotros, como gobierno, tenemos la obligaci\u00f3n de hacernos cargo del Estado, de dar respuestas y estar presentes. Esta obra fue detenida y luego licitada nuevamente, y quiero agradecer especialmente a la empresa que ha trabajado incansablemente para llegar a este punto. Hace unos meses parec\u00eda imposible, pero hoy vemos un talud bien hecho, una rotonda que toma forma y, sobre todo, la recuperaci\u00f3n de un puente que vuelve a estar al servicio de toda la comunidad de Coyhaique\u201d, afirm\u00f3.<\/p>\n<p style=\"text-align: justify;\">El director regional de Vialidad, Renzo Sanders, explic\u00f3 que esta apertura es provisoria y permitir\u00e1 el tr\u00e1nsito mientras contin\u00faan las labores t\u00e9cnicas necesarias para la conclusi\u00f3n definitiva del proyecto. \u201cEl tr\u00e1nsito se habilita de manera provisoria hasta aproximadamente septiembre, cuando las condiciones clim\u00e1ticas mejoren. Posteriormente retomaremos las labores para finalizar la obra hacia fines de a\u00f1o. A\u00fan quedan trabajos por hacer, como el empalme norte que falta por hormigonar, la construcci\u00f3n definitiva del acceso sur y la reparaci\u00f3n de algunas losas fracturadas, adem\u00e1s de la demarcaci\u00f3n final\u201d, detall\u00f3.<\/p>\n<p style=\"text-align: justify;\">Por su parte, Am\u00e9rico Soto, profesional del \u00e1rea de Tr\u00e1nsito de la Municipalidad de Coyhaique, valor\u00f3 la coordinaci\u00f3n entre instituciones y el impacto positivo de la obra: \u201cAqu\u00ed lo que estamos tratando de hacer es mejorar la conectividad, y estamos muy contentos. Esta es una muy buena noticia para Coyhaique. Hoy d\u00eda estamos concluyendo una etapa muy exitosa, y ya trabajamos en conjunto con Vialidad para mejorar la iluminaci\u00f3n del sector. Al mirar alrededor, se nota el movimiento de camiones y la vida que vuelve a este acceso. Estamos agradecidos del trabajo del MOP en nuestra comuna\u201d, se\u00f1al\u00f3.<\/p>\n<p style=\"text-align: justify;\">Cabe recordar que se trata de una obra que no solo representa una mejora significativa en la conectividad urbana, sino tambi\u00e9n un s\u00edmbolo del compromiso del Gobierno del Presidente Gabriel Boric, por resolver proyectos pendientes que responden a las necesidades de las personas e impulsan el desarrollo de la econom\u00eda y dinamizan el empleo.<\/p>\n<\/div><\/section><\/div><div  style='height:50px' class='hr hr-invisible   avia-builder-el-6  el_after_av_one_full  el_before_av_social_share '><span class='hr-inner ' ><span class='hr-inner-style'><\/span><\/span><\/div><\/p>\n<div  class='av-social-sharing-box  avia-builder-el-7  el_after_av_hr  el_before_av_hr  '><div class='av-share-box'><h5 class='av-share-link-description av-no-toc '>Compartir esta noticia<\/h5><ul class='av-share-box-list noLightbox'><li class='av-share-link av-social-link-facebook' ><a target=\"_blank\" aria-label=\"Compartir en Facebook\" href='https:\/\/www.facebook.com\/sharer.php?u=https:\/\/radiorevelacionfm.cl\/?p=55577&#038;t=Con%20apertura%20provisional%20de%20nuevo%20puente%20y%20rotonda%20acceso%20norte%20a%20Coyhaique%20entra%20a%20su%20etapa%20final' aria-hidden='false' data-av_icon='\ue8f3' data-av_iconfont='entypo-fontello' title='' data-avia-related-tooltip='Compartir en Facebook' rel=\"noopener\"><span class='avia_hidden_link_text'>Compartir en Facebook<\/span><\/a><\/li><li class='av-share-link av-social-link-twitter' ><a target=\"_blank\" aria-label=\"Compartir en Twitter\" href='https:\/\/twitter.com\/share?text=Con%20apertura%20provisional%20de%20nuevo%20puente%20y%20rotonda%20acceso%20norte%20a%20Coyhaique%20entra%20a%20su%20etapa%20final&#038;url=https:\/\/radiorevelacionfm.cl\/?p=55577' aria-hidden='false' data-av_icon='\ue8f1' data-av_iconfont='entypo-fontello' title='' data-avia-related-tooltip='Compartir en Twitter' rel=\"noopener\"><span class='avia_hidden_link_text'>Compartir en Twitter<\/span><\/a><\/li><li class='av-share-link av-social-link-whatsapp' ><a target=\"_blank\" aria-label=\"Compartir en Whatsapp\" href='https:\/\/api.whatsapp.com\/send?text=https:\/\/radiorevelacionfm.cl\/?p=55577' aria-hidden='false' data-av_icon='\uf232' data-av_iconfont='entypo-fontello' title='' data-avia-related-tooltip='Compartir en Whatsapp' rel=\"noopener\"><span class='avia_hidden_link_text'>Compartir en Whatsapp<\/span><\/a><\/li><li class='av-share-link av-social-link-linkedin' ><a target=\"_blank\" aria-label=\"Compartir en LinkedIn\" href='https:\/\/linkedin.com\/shareArticle?mini=true&#038;title=Con%20apertura%20provisional%20de%20nuevo%20puente%20y%20rotonda%20acceso%20norte%20a%20Coyhaique%20entra%20a%20su%20etapa%20final&#038;url=https:\/\/radiorevelacionfm.cl\/?p=55577' aria-hidden='false' data-av_icon='\ue8fc' data-av_iconfont='entypo-fontello' title='' data-avia-related-tooltip='Compartir en LinkedIn' rel=\"noopener\"><span class='avia_hidden_link_text'>Compartir en LinkedIn<\/span><\/a><\/li><li class='av-share-link av-social-link-mail' ><a  aria-label=\"Compartir por correo\" href='mailto:?subject=Con%20apertura%20provisional%20de%20nuevo%20puente%20y%20rotonda%20acceso%20norte%20a%20Coyhaique%20entra%20a%20su%20etapa%20final&#038;body=https:\/\/radiorevelacionfm.cl\/?p=55577' aria-hidden='false' data-av_icon='\ue805' data-av_iconfont='entypo-fontello' title='' data-avia-related-tooltip='Compartir por correo'><span class='avia_hidden_link_text'>Compartir por correo<\/span><\/a><\/li><\/ul><\/div><\/div>\n<div  style='height:50px' class='hr hr-invisible   avia-builder-el-8  el_after_av_social_share  el_before_av_comments_list '><span class='hr-inner ' ><span class='hr-inner-style'><\/span><\/span><\/div>\n<div  class='av-buildercomment  av-blog-meta-html-info-disabled av-blog-meta-tag-disabled  '><\/div>\n","protected":false},"excerpt":{"rendered":"","protected":false},"author":1,"featured_media":55578,"comment_status":"closed","ping_status":"closed","sticky":false,"template":"","format":"standard","meta":{"footnotes":""},"categories":[38],"tags":[],"class_list":["post-55577","post","type-post","status-publish","format-standard","has-post-thumbnail","hentry","category-regional"],"jetpack_featured_media_url":"https:\/\/radiorevelacionfm.cl\/wp-content\/uploads\/2025\/06\/dji_0133-1-1_optimized.jpg","_links":{"self":[{"href":"https:\/\/radiorevelacionfm.cl\/index.php?rest_route=\/wp\/v2\/posts\/55577","targetHints":{"allow":["GET"]}}],"collection":[{"href":"https:\/\/radiorevelacionfm.cl\/index.php?rest_route=\/wp\/v2\/posts"}],"about":[{"href":"https:\/\/radiorevelacionfm.cl\/index.php?rest_route=\/wp\/v2\/types\/post"}],"author":[{"embeddable":true,"href":"https:\/\/radiorevelacionfm.cl\/index.php?rest_route=\/wp\/v2\/users\/1"}],"replies":[{"embeddable":true,"href":"https:\/\/radiorevelacionfm.cl\/index.php?rest_route=%2Fwp%2Fv2%2Fcomments&post=55577"}],"version-history":[{"count":2,"href":"https:\/\/radiorevelacionfm.cl\/index.php?rest_route=\/wp\/v2\/posts\/55577\/revisions"}],"predecessor-version":[{"id":55580,"href":"https:\/\/radiorevelacionfm.cl\/index.php?rest_route=\/wp\/v2\/posts\/55577\/revisions\/55580"}],"wp:featuredmedia":[{"embeddable":true,"href":"https:\/\/radiorevelacionfm.cl\/index.php?rest_route=\/wp\/v2\/media\/55578"}],"wp:attachment":[{"href":"https:\/\/radiorevelacionfm.cl\/index.php?rest_route=%2Fwp%2Fv2%2Fmedia&parent=55577"}],"wp:term":[{"taxonomy":"category","embeddable":true,"href":"https:\/\/radiorevelacionfm.cl\/index.php?rest_route=%2Fwp%2Fv2%2Fcategories&post=55577"},{"taxonomy":"post_tag","embeddable":true,"href":"https:\/\/radiorevelacionfm.cl\/index.php?rest_route=%2Fwp%2Fv2%2Ftags&post=55577"}],"curies":[{"name":"wp","href":"https:\/\/api.w.org\/{rel}","templated":true}]}}