{"id":55572,"date":"2025-06-23T13:10:43","date_gmt":"2025-06-23T16:10:43","guid":{"rendered":"https:\/\/radiorevelacionfm.cl\/?p=55572"},"modified":"2025-06-23T14:37:20","modified_gmt":"2025-06-23T17:37:20","slug":"robo-con-violencia-en-puerto-aysen-fiscalia-solicito-la-prision-preventiva-de-imputado","status":"publish","type":"post","link":"https:\/\/radiorevelacionfm.cl\/?p=55572","title":{"rendered":"Robo con violencia en Puerto Ays\u00e9n: Fiscal\u00eda solicit\u00f3 la prisi\u00f3n preventiva de imputado"},"content":{"rendered":"<div class=\"flex_column av_one_full  flex_column_div av-zero-column-padding first  avia-builder-el-0  el_before_av_one_full  avia-builder-el-first  \" style='border-radius:0px; '><div  class='avia-image-container  av-styling-    avia-builder-el-1  avia-builder-el-no-sibling  avia-align-center '  itemprop=\"image\" itemscope=\"itemscope\" itemtype=\"https:\/\/schema.org\/ImageObject\"  ><div class='avia-image-container-inner'><div class='avia-image-overlay-wrap'><img decoding=\"async\" class='wp-image-55575 avia-img-lazy-loading-not-55575 avia_image' src=\"https:\/\/radiorevelacionfm.cl\/wp-content\/uploads\/2025\/06\/Sin-titulo-1-5-1-1.jpg\" alt='' title='Sin t\u00edtulo-1 (5) (1) (1)' height=\"600\" width=\"1113\"  itemprop=\"thumbnailUrl\" srcset=\"https:\/\/radiorevelacionfm.cl\/wp-content\/uploads\/2025\/06\/Sin-titulo-1-5-1-1.jpg 1113w, https:\/\/radiorevelacionfm.cl\/wp-content\/uploads\/2025\/06\/Sin-titulo-1-5-1-1-300x162.jpg 300w, https:\/\/radiorevelacionfm.cl\/wp-content\/uploads\/2025\/06\/Sin-titulo-1-5-1-1-1030x555.jpg 1030w, https:\/\/radiorevelacionfm.cl\/wp-content\/uploads\/2025\/06\/Sin-titulo-1-5-1-1-768x414.jpg 768w, https:\/\/radiorevelacionfm.cl\/wp-content\/uploads\/2025\/06\/Sin-titulo-1-5-1-1-705x380.jpg 705w, https:\/\/radiorevelacionfm.cl\/wp-content\/uploads\/2025\/06\/Sin-titulo-1-5-1-1-450x243.jpg 450w, https:\/\/radiorevelacionfm.cl\/wp-content\/uploads\/2025\/06\/Sin-titulo-1-5-1-1-600x323.jpg 600w\" sizes=\"(max-width: 1113px) 100vw, 1113px\" \/><\/div><\/div><\/div><\/div><div class=\"flex_column av_one_full  flex_column_div av-zero-column-padding first  avia-builder-el-2  el_after_av_one_full  el_before_av_one_full  column-top-margin\" style='border-radius:0px; '><section class=\"av_textblock_section \"  itemscope=\"itemscope\" itemtype=\"https:\/\/schema.org\/BlogPosting\" itemprop=\"blogPost\" ><div class='avia_textblock  '   itemprop=\"text\" ><p style=\"text-align: center;\"><span style=\"font-size: 18pt;\"><b>Robo con violencia en Puerto Ays\u00e9n: Fiscal\u00eda solicit\u00f3 la prisi\u00f3n preventiva de imputado\u00a0<\/b><\/span><\/p>\n<div id=\"gtx-trans\" style=\"position: absolute; left: -50px; top: 4.31534px;\">\n<div class=\"gtx-trans-icon\"><\/div>\n<\/div>\n<\/div><\/section><\/div><\/p>\n<div class=\"flex_column av_one_full  flex_column_div av-zero-column-padding first  avia-builder-el-4  el_after_av_one_full  el_before_av_hr  column-top-margin\" style='border-radius:0px; '><section class=\"av_textblock_section \"  itemscope=\"itemscope\" itemtype=\"https:\/\/schema.org\/BlogPosting\" itemprop=\"blogPost\" ><div class='avia_textblock  '   itemprop=\"text\" ><p style=\"font-weight: 400; text-align: justify;\">La Fiscal\u00eda Local de Ays\u00e9n- Cisnes solicit\u00f3 este domingo reci\u00e9n pasado la prisi\u00f3n preventiva de un imputado de 34 a\u00f1os, como autor del delito de robo con violencia, hecho ocurrido el viernes 20 de junio en dicha comuna.<\/p>\n<p style=\"font-weight: 400; text-align: justify;\">Seg\u00fan explic\u00f3 el fiscal adjunto, Alex Olivero, el d\u00eda 20 de junio del a\u00f1o 2025, alrededor de las 23:50 horas, Carabineros recibi\u00f3 una denuncia \u201cpor un individuo que ingres\u00f3 a un local comercial del centro de la ciudad portando algo que aparentaba un arma de fuego tipo pistola\u201d.<\/p>\n<p style=\"font-weight: 400; text-align: justify;\">El persecutor penal agreg\u00f3 que, en este recinto, \u201cintimid\u00f3 a la dependiente o encargada y a un cliente que estaba en el lugar tambi\u00e9n lo golpe\u00f3, sustray\u00e9ndole la suma de 15 mil pesos\u201d.<\/p>\n<p style=\"font-weight: 400; text-align: justify;\">A consecuencia de lo anterior, a\u00f1adi\u00f3 el fiscal Olivero, \u201cla SIP de Carabineros comenz\u00f3 a realizar diligencias investigativas, efectu\u00f3 revisi\u00f3n de c\u00e1maras y el d\u00eda siguiente ubic\u00f3 una c\u00e1mara del sector donde se ve\u00eda un individuo\u201d.<\/p>\n<p style=\"font-weight: 400; text-align: justify;\">Con esos antecedentes, dijo el fiscal, \u201cse pidi\u00f3 a la magistrada de turno una orden de entrada y registro a un domicilio, la ejecut\u00f3 la SIP de Carabineros y en el domicilio encontraron la ropa que vest\u00eda el imputado y se encontraba tambi\u00e9n el imputado\u201d.<\/p>\n<p style=\"font-weight: 400; text-align: justify;\">En definitiva, detall\u00f3, \u201cse solicit\u00f3 una orden de detenci\u00f3n y el d\u00eda domingo se llev\u00f3 a efecto la audiencia de control de detenci\u00f3n del imputado, quien fue formalizado por el delito de robo con violencia\u201d.<\/p>\n<p style=\"font-weight: 400; text-align: justify;\">En esta investigaci\u00f3n, finaliz\u00f3 el fiscal Alex Olivero, \u201cse fij\u00f3 un plazo de investigaci\u00f3n de 60 d\u00edas y se decret\u00f3 como medida cautelar la prisi\u00f3n preventiva\u201d.<\/p>\n<\/div><\/section><\/div>\n<div  style='height:50px' class='hr hr-invisible   avia-builder-el-6  el_after_av_one_full  el_before_av_social_share '><span class='hr-inner ' ><span class='hr-inner-style'><\/span><\/span><\/div>\n<div  class='av-social-sharing-box  avia-builder-el-7  el_after_av_hr  el_before_av_hr  '><div class='av-share-box'><h5 class='av-share-link-description av-no-toc '>Compartir esta noticia<\/h5><ul class='av-share-box-list noLightbox'><li class='av-share-link av-social-link-facebook' ><a target=\"_blank\" aria-label=\"Compartir en Facebook\" href='https:\/\/www.facebook.com\/sharer.php?u=https:\/\/radiorevelacionfm.cl\/?p=55572&#038;t=Robo%20con%20violencia%20en%20Puerto%20Ays%C3%A9n%3A%20Fiscal%C3%ADa%20solicit%C3%B3%20la%20prisi%C3%B3n%20preventiva%20de%20imputado' aria-hidden='false' data-av_icon='\ue8f3' data-av_iconfont='entypo-fontello' title='' data-avia-related-tooltip='Compartir en Facebook' rel=\"noopener\"><span class='avia_hidden_link_text'>Compartir en Facebook<\/span><\/a><\/li><li class='av-share-link av-social-link-twitter' ><a target=\"_blank\" aria-label=\"Compartir en Twitter\" href='https:\/\/twitter.com\/share?text=Robo%20con%20violencia%20en%20Puerto%20Ays%C3%A9n%3A%20Fiscal%C3%ADa%20solicit%C3%B3%20la%20prisi%C3%B3n%20preventiva%20de%20imputado&#038;url=https:\/\/radiorevelacionfm.cl\/?p=55572' aria-hidden='false' data-av_icon='\ue8f1' data-av_iconfont='entypo-fontello' title='' data-avia-related-tooltip='Compartir en Twitter' rel=\"noopener\"><span class='avia_hidden_link_text'>Compartir en Twitter<\/span><\/a><\/li><li class='av-share-link av-social-link-whatsapp' ><a target=\"_blank\" aria-label=\"Compartir en Whatsapp\" href='https:\/\/api.whatsapp.com\/send?text=https:\/\/radiorevelacionfm.cl\/?p=55572' aria-hidden='false' data-av_icon='\uf232' data-av_iconfont='entypo-fontello' title='' data-avia-related-tooltip='Compartir en Whatsapp' rel=\"noopener\"><span class='avia_hidden_link_text'>Compartir en Whatsapp<\/span><\/a><\/li><li class='av-share-link av-social-link-linkedin' ><a target=\"_blank\" aria-label=\"Compartir en LinkedIn\" href='https:\/\/linkedin.com\/shareArticle?mini=true&#038;title=Robo%20con%20violencia%20en%20Puerto%20Ays%C3%A9n%3A%20Fiscal%C3%ADa%20solicit%C3%B3%20la%20prisi%C3%B3n%20preventiva%20de%20imputado&#038;url=https:\/\/radiorevelacionfm.cl\/?p=55572' aria-hidden='false' data-av_icon='\ue8fc' data-av_iconfont='entypo-fontello' title='' data-avia-related-tooltip='Compartir en LinkedIn' rel=\"noopener\"><span class='avia_hidden_link_text'>Compartir en LinkedIn<\/span><\/a><\/li><li class='av-share-link av-social-link-mail' ><a  aria-label=\"Compartir por correo\" href='mailto:?subject=Robo%20con%20violencia%20en%20Puerto%20Ays%C3%A9n%3A%20Fiscal%C3%ADa%20solicit%C3%B3%20la%20prisi%C3%B3n%20preventiva%20de%20imputado&#038;body=https:\/\/radiorevelacionfm.cl\/?p=55572' aria-hidden='false' data-av_icon='\ue805' data-av_iconfont='entypo-fontello' title='' data-avia-related-tooltip='Compartir por correo'><span class='avia_hidden_link_text'>Compartir por correo<\/span><\/a><\/li><\/ul><\/div><\/div>\n<div  style='height:50px' class='hr hr-invisible   avia-builder-el-8  el_after_av_social_share  el_before_av_comments_list '><span class='hr-inner ' ><span class='hr-inner-style'><\/span><\/span><\/div>\n<div  class='av-buildercomment  av-blog-meta-html-info-disabled av-blog-meta-tag-disabled  '><\/div>\n","protected":false},"excerpt":{"rendered":"","protected":false},"author":1,"featured_media":55575,"comment_status":"closed","ping_status":"closed","sticky":false,"template":"","format":"standard","meta":{"footnotes":""},"categories":[55],"tags":[],"class_list":["post-55572","post","type-post","status-publish","format-standard","has-post-thumbnail","hentry","category-justicia"],"jetpack_featured_media_url":"https:\/\/radiorevelacionfm.cl\/wp-content\/uploads\/2025\/06\/Sin-titulo-1-5-1-1.jpg","_links":{"self":[{"href":"https:\/\/radiorevelacionfm.cl\/index.php?rest_route=\/wp\/v2\/posts\/55572","targetHints":{"allow":["GET"]}}],"collection":[{"href":"https:\/\/radiorevelacionfm.cl\/index.php?rest_route=\/wp\/v2\/posts"}],"about":[{"href":"https:\/\/radiorevelacionfm.cl\/index.php?rest_route=\/wp\/v2\/types\/post"}],"author":[{"embeddable":true,"href":"https:\/\/radiorevelacionfm.cl\/index.php?rest_route=\/wp\/v2\/users\/1"}],"replies":[{"embeddable":true,"href":"https:\/\/radiorevelacionfm.cl\/index.php?rest_route=%2Fwp%2Fv2%2Fcomments&post=55572"}],"version-history":[{"count":3,"href":"https:\/\/radiorevelacionfm.cl\/index.php?rest_route=\/wp\/v2\/posts\/55572\/revisions"}],"predecessor-version":[{"id":55574,"href":"https:\/\/radiorevelacionfm.cl\/index.php?rest_route=\/wp\/v2\/posts\/55572\/revisions\/55574"}],"wp:featuredmedia":[{"embeddable":true,"href":"https:\/\/radiorevelacionfm.cl\/index.php?rest_route=\/wp\/v2\/media\/55575"}],"wp:attachment":[{"href":"https:\/\/radiorevelacionfm.cl\/index.php?rest_route=%2Fwp%2Fv2%2Fmedia&parent=55572"}],"wp:term":[{"taxonomy":"category","embeddable":true,"href":"https:\/\/radiorevelacionfm.cl\/index.php?rest_route=%2Fwp%2Fv2%2Fcategories&post=55572"},{"taxonomy":"post_tag","embeddable":true,"href":"https:\/\/radiorevelacionfm.cl\/index.php?rest_route=%2Fwp%2Fv2%2Ftags&post=55572"}],"curies":[{"name":"wp","href":"https:\/\/api.w.org\/{rel}","templated":true}]}}