{"id":55556,"date":"2025-06-22T21:16:57","date_gmt":"2025-06-23T00:16:57","guid":{"rendered":"https:\/\/radiorevelacionfm.cl\/?p=55556"},"modified":"2025-06-22T21:16:57","modified_gmt":"2025-06-23T00:16:57","slug":"injuv-fortalece-vinculos-con-centros-de-estudiantes-de-coyhaique-para-promover-el-autocuidado-y-liderazgo-juvenil","status":"publish","type":"post","link":"https:\/\/radiorevelacionfm.cl\/?p=55556","title":{"rendered":"INJUV fortalece v\u00ednculos con Centros de Estudiantes de Coyhaique para promover el autocuidado y liderazgo juvenil"},"content":{"rendered":"<div class=\"flex_column av_one_full  flex_column_div av-zero-column-padding first  avia-builder-el-0  el_before_av_one_full  avia-builder-el-first  \" style='border-radius:0px; '><div  class='avia-image-container  av-styling-    avia-builder-el-1  avia-builder-el-no-sibling  avia-align-center '  itemprop=\"image\" itemscope=\"itemscope\" itemtype=\"https:\/\/schema.org\/ImageObject\"  ><div class='avia-image-container-inner'><div class='avia-image-overlay-wrap'><img decoding=\"async\" class='wp-image-55557 avia-img-lazy-loading-not-55557 avia_image' src=\"https:\/\/radiorevelacionfm.cl\/wp-content\/uploads\/2025\/06\/foto-cge-1_optimized-1_optimized-1.jpg\" alt='' title='foto-cge-(1)_optimized-(1)_optimized (1)' height=\"600\" width=\"1067\"  itemprop=\"thumbnailUrl\" srcset=\"https:\/\/radiorevelacionfm.cl\/wp-content\/uploads\/2025\/06\/foto-cge-1_optimized-1_optimized-1.jpg 1067w, https:\/\/radiorevelacionfm.cl\/wp-content\/uploads\/2025\/06\/foto-cge-1_optimized-1_optimized-1-300x169.jpg 300w, https:\/\/radiorevelacionfm.cl\/wp-content\/uploads\/2025\/06\/foto-cge-1_optimized-1_optimized-1-1030x579.jpg 1030w, https:\/\/radiorevelacionfm.cl\/wp-content\/uploads\/2025\/06\/foto-cge-1_optimized-1_optimized-1-768x432.jpg 768w, https:\/\/radiorevelacionfm.cl\/wp-content\/uploads\/2025\/06\/foto-cge-1_optimized-1_optimized-1-705x396.jpg 705w, https:\/\/radiorevelacionfm.cl\/wp-content\/uploads\/2025\/06\/foto-cge-1_optimized-1_optimized-1-450x253.jpg 450w, https:\/\/radiorevelacionfm.cl\/wp-content\/uploads\/2025\/06\/foto-cge-1_optimized-1_optimized-1-600x337.jpg 600w\" sizes=\"(max-width: 1067px) 100vw, 1067px\" \/><\/div><\/div><\/div><\/div><div class=\"flex_column av_one_full  flex_column_div av-zero-column-padding first  avia-builder-el-2  el_after_av_one_full  el_before_av_one_full  column-top-margin\" style='border-radius:0px; '><section class=\"av_textblock_section \"  itemscope=\"itemscope\" itemtype=\"https:\/\/schema.org\/BlogPosting\" itemprop=\"blogPost\" ><div class='avia_textblock  '   itemprop=\"text\" ><p style=\"text-align: center;\"><strong><span style=\"font-size: 18pt;\">INJUV fortalece v\u00ednculos con Centros de Estudiantes de Coyhaique para promover el autocuidado y liderazgo juvenil<\/span><\/strong><\/p>\n<div id=\"gtx-trans\" style=\"position: absolute; left: -50px; top: 4.31534px;\">\n<div class=\"gtx-trans-icon\"><\/div>\n<\/div>\n<\/div><\/section><\/div><div class=\"flex_column av_one_full  flex_column_div av-zero-column-padding first  avia-builder-el-4  el_after_av_one_full  el_before_av_hr  column-top-margin\" style='border-radius:0px; '><section class=\"av_textblock_section \"  itemscope=\"itemscope\" itemtype=\"https:\/\/schema.org\/BlogPosting\" itemprop=\"blogPost\" ><div class='avia_textblock  '   itemprop=\"text\" ><p style=\"text-align: justify;\">Durante el primer semestre del a\u00f1o, el Instituto Nacional de la Juventud (INJUV), llev\u00f3 a cabo una serie de reuniones con los Centros Generales de Estudiantes (CGE), de distintos establecimientos educacionales de la comuna de Coyhaique. La iniciativa tuvo como principal objetivo presentar la oferta program\u00e1tica del servicio a\u00f1o 2025 enfocada en el bienestar, autocuidado, participaci\u00f3n y liderazgo juvenil en la regi\u00f3n de Ays\u00e9n.<\/p>\n<p style=\"text-align: justify;\">Los encuentros se realizaron en los distintos liceos y colegios de la comuna, as\u00ed como tambi\u00e9n en la direcci\u00f3n regional de INJUV. En estos espacios de di\u00e1logo y escucha se abordaron estrategias para fortalecer la organizaci\u00f3n estudiantil, a trav\u00e9s de charlas, capacitaciones y actividades que buscan fomentar una participaci\u00f3n activa y consciente de las juventudes en sus comunidades educativas.<\/p>\n<p style=\"text-align: justify;\">Entre los establecimientos que participaron se encuentran el Liceo Josefina Aguirre Montenegro, Liceo T\u00e9cnico Profesional Profesor Ricardo Navarrete Barr\u00eda, Liceo Bicentenario Altos del Mackay, Liceo T\u00e9cnico Profesional Juan Pablo II, Liceo San Felipe Benicio, Liceo Francisco Xavier Buti\u00f1\u00e1, Liceo Bicentenario Agr\u00edcola e Industrial de la Patagonia, Colegio Antoine de Saint-Exup\u00e9ry, Colegio Alborada de Coyhaique y Colegio Alianza Austral.<\/p>\n<p style=\"text-align: justify;\"><em>\u201cLas dirigencias estudiantiles cumplen un rol fundamental en sus comunidades educativas, no solo como representantes de sus pares, sino como verdaderos agentes de cambio en sus entornos. Desde INJUV creemos firmemente que la organizaci\u00f3n juvenil es una herramienta clave para fortalecer la democracia, el sentido cr\u00edtico y el desarrollo de liderazgos con conciencia social. Es por eso que hemos querido acercar nuestra instituci\u00f3n a los Centros de Estudiantes de Coyhaique, promoviendo espacios de encuentro, escucha activa y colaboraci\u00f3n\u201d, indic\u00f3 el Director Regional de INJUV Ays\u00e9n, Camilo Trivi\u00f1o Urtubia.<\/em><\/p>\n<p style=\"text-align: justify;\"><em>En la misma l\u00ednea, explic\u00f3 que \u201cestas reuniones no solo nos permiten presentar nuestra oferta program\u00e1tica, sino tambi\u00e9n construir redes de apoyo mutuo, donde las juventudes se reconocen como protagonistas y no como espectadoras del presente. Nos llena de orgullo ver el compromiso, la claridad y las ganas de transformar la realidad que tienen muchos de estos liderazgos j\u00f3venes, que hoy asumen con responsabilidad los desaf\u00edos de sus comunidades escolares\u201d, puntualiz\u00f3 el director regional.<\/em><\/p>\n<p style=\"text-align: justify;\"><em>\u201cComo instituci\u00f3n p\u00fablica, nuestro deber es acompa\u00f1ar, formar y entregar herramientas concretas para que ese liderazgo florezca, con enfoque en el bienestar, el autocuidado y la participaci\u00f3n. Creemos en una juventud activa, empoderada y con voz propia, y trabajamos d\u00eda a d\u00eda para que esa voz tenga cada vez m\u00e1s espacios donde ser escuchada y tomada en cuenta. En Ays\u00e9n, las juventudes est\u00e1n construyendo presente, y desde INJUV seguiremos trabajando codo a codo para potenciar esos procesos y transformarlos en oportunidades reales de desarrollo colectivo\u201d, finaliz\u00f3 Utubia.<\/em><\/p>\n<p style=\"text-align: justify;\">Yulisa Calbilao C\u00e1rdenas, vicepresidenta del CGE del Liceo Bicentenario Altos del Mackay, valor\u00f3 positivamente la instancia y sostuvo que \u201cme parece excelente que \u00a0INJUV haya reunido a todos los centros de alumnos y nos haya convocado tambi\u00e9n a nosotros, ya que es una instancia que no solo nos permite conocer sus instalaciones, sino tambi\u00e9n las diversas actividades y propuestas que ofrece la instituci\u00f3n. Gracias a esto, podemos organizarnos de una mejor forma y coordinar acciones conjuntas, como la reuni\u00f3n que realizamos este lunes 16 de junio junto al CGE del Liceo Profesional Juan Pablo II. Es muy positivo contar con apoyo para nosotros, los j\u00f3venes, y tener estos espacios de participaci\u00f3n y colaboraci\u00f3n\u201d.<\/p>\n<p style=\"text-align: justify;\">En tanto, Vicente Herrera Vera, vicepresidente del CGE del Colegio Diego Portales, destac\u00f3 la iniciativa de INJUV y explic\u00f3 que \u201cfue bastante interesante y una buena iniciativa que INJUV se haya reunido con los CGE de nuestra comuna, ya que INJUV es una instituci\u00f3n muy importante para las juventudes. Este tipo de acciones nos permite contactarnos con m\u00e1s instituciones, plantear nuestras iniciativas como CGE y recibir consejos y retroalimentaci\u00f3n\u201d, expres\u00f3.<\/p>\n<p style=\"text-align: justify;\">Cabe destacar que estas acciones forman parte del compromiso de INJUV Ays\u00e9n con el desarrollo integral de los y las j\u00f3venes de la regi\u00f3n, consolidando espacios de di\u00e1logo y colaboraci\u00f3n que fortalecen la democracia estudiantil y promueven el bienestar psicosocial.<\/p>\n<\/div><\/section><\/div><div  style='height:50px' class='hr hr-invisible   avia-builder-el-6  el_after_av_one_full  el_before_av_social_share '><span class='hr-inner ' ><span class='hr-inner-style'><\/span><\/span><\/div><\/p>\n<div  class='av-social-sharing-box  avia-builder-el-7  el_after_av_hr  el_before_av_hr  '><div class='av-share-box'><h5 class='av-share-link-description av-no-toc '>Compartir esta noticia<\/h5><ul class='av-share-box-list noLightbox'><li class='av-share-link av-social-link-facebook' ><a target=\"_blank\" aria-label=\"Compartir en Facebook\" href='https:\/\/www.facebook.com\/sharer.php?u=https:\/\/radiorevelacionfm.cl\/?p=55556&#038;t=INJUV%20fortalece%20v%C3%ADnculos%20con%20Centros%20de%20Estudiantes%20de%20Coyhaique%20para%20promover%20el%20autocuidado%20y%20liderazgo%20juvenil' aria-hidden='false' data-av_icon='\ue8f3' data-av_iconfont='entypo-fontello' title='' data-avia-related-tooltip='Compartir en Facebook' rel=\"noopener\"><span class='avia_hidden_link_text'>Compartir en Facebook<\/span><\/a><\/li><li class='av-share-link av-social-link-twitter' ><a target=\"_blank\" aria-label=\"Compartir en Twitter\" href='https:\/\/twitter.com\/share?text=INJUV%20fortalece%20v%C3%ADnculos%20con%20Centros%20de%20Estudiantes%20de%20Coyhaique%20para%20promover%20el%20autocuidado%20y%20liderazgo%20juvenil&#038;url=https:\/\/radiorevelacionfm.cl\/?p=55556' aria-hidden='false' data-av_icon='\ue8f1' data-av_iconfont='entypo-fontello' title='' data-avia-related-tooltip='Compartir en Twitter' rel=\"noopener\"><span class='avia_hidden_link_text'>Compartir en Twitter<\/span><\/a><\/li><li class='av-share-link av-social-link-whatsapp' ><a target=\"_blank\" aria-label=\"Compartir en Whatsapp\" href='https:\/\/api.whatsapp.com\/send?text=https:\/\/radiorevelacionfm.cl\/?p=55556' aria-hidden='false' data-av_icon='\uf232' data-av_iconfont='entypo-fontello' title='' data-avia-related-tooltip='Compartir en Whatsapp' rel=\"noopener\"><span class='avia_hidden_link_text'>Compartir en Whatsapp<\/span><\/a><\/li><li class='av-share-link av-social-link-linkedin' ><a target=\"_blank\" aria-label=\"Compartir en LinkedIn\" href='https:\/\/linkedin.com\/shareArticle?mini=true&#038;title=INJUV%20fortalece%20v%C3%ADnculos%20con%20Centros%20de%20Estudiantes%20de%20Coyhaique%20para%20promover%20el%20autocuidado%20y%20liderazgo%20juvenil&#038;url=https:\/\/radiorevelacionfm.cl\/?p=55556' aria-hidden='false' data-av_icon='\ue8fc' data-av_iconfont='entypo-fontello' title='' data-avia-related-tooltip='Compartir en LinkedIn' rel=\"noopener\"><span class='avia_hidden_link_text'>Compartir en LinkedIn<\/span><\/a><\/li><li class='av-share-link av-social-link-mail' ><a  aria-label=\"Compartir por correo\" href='mailto:?subject=INJUV%20fortalece%20v%C3%ADnculos%20con%20Centros%20de%20Estudiantes%20de%20Coyhaique%20para%20promover%20el%20autocuidado%20y%20liderazgo%20juvenil&#038;body=https:\/\/radiorevelacionfm.cl\/?p=55556' aria-hidden='false' data-av_icon='\ue805' data-av_iconfont='entypo-fontello' title='' data-avia-related-tooltip='Compartir por correo'><span class='avia_hidden_link_text'>Compartir por correo<\/span><\/a><\/li><\/ul><\/div><\/div>\n<div  style='height:50px' class='hr hr-invisible   avia-builder-el-8  el_after_av_social_share  el_before_av_comments_list '><span class='hr-inner ' ><span class='hr-inner-style'><\/span><\/span><\/div>\n<div  class='av-buildercomment  av-blog-meta-html-info-disabled av-blog-meta-tag-disabled  '><\/div>\n","protected":false},"excerpt":{"rendered":"","protected":false},"author":1,"featured_media":55557,"comment_status":"closed","ping_status":"closed","sticky":false,"template":"","format":"standard","meta":{"footnotes":""},"categories":[38],"tags":[],"class_list":["post-55556","post","type-post","status-publish","format-standard","has-post-thumbnail","hentry","category-regional"],"jetpack_featured_media_url":"https:\/\/radiorevelacionfm.cl\/wp-content\/uploads\/2025\/06\/foto-cge-1_optimized-1_optimized-1.jpg","_links":{"self":[{"href":"https:\/\/radiorevelacionfm.cl\/index.php?rest_route=\/wp\/v2\/posts\/55556","targetHints":{"allow":["GET"]}}],"collection":[{"href":"https:\/\/radiorevelacionfm.cl\/index.php?rest_route=\/wp\/v2\/posts"}],"about":[{"href":"https:\/\/radiorevelacionfm.cl\/index.php?rest_route=\/wp\/v2\/types\/post"}],"author":[{"embeddable":true,"href":"https:\/\/radiorevelacionfm.cl\/index.php?rest_route=\/wp\/v2\/users\/1"}],"replies":[{"embeddable":true,"href":"https:\/\/radiorevelacionfm.cl\/index.php?rest_route=%2Fwp%2Fv2%2Fcomments&post=55556"}],"version-history":[{"count":2,"href":"https:\/\/radiorevelacionfm.cl\/index.php?rest_route=\/wp\/v2\/posts\/55556\/revisions"}],"predecessor-version":[{"id":55559,"href":"https:\/\/radiorevelacionfm.cl\/index.php?rest_route=\/wp\/v2\/posts\/55556\/revisions\/55559"}],"wp:featuredmedia":[{"embeddable":true,"href":"https:\/\/radiorevelacionfm.cl\/index.php?rest_route=\/wp\/v2\/media\/55557"}],"wp:attachment":[{"href":"https:\/\/radiorevelacionfm.cl\/index.php?rest_route=%2Fwp%2Fv2%2Fmedia&parent=55556"}],"wp:term":[{"taxonomy":"category","embeddable":true,"href":"https:\/\/radiorevelacionfm.cl\/index.php?rest_route=%2Fwp%2Fv2%2Fcategories&post=55556"},{"taxonomy":"post_tag","embeddable":true,"href":"https:\/\/radiorevelacionfm.cl\/index.php?rest_route=%2Fwp%2Fv2%2Ftags&post=55556"}],"curies":[{"name":"wp","href":"https:\/\/api.w.org\/{rel}","templated":true}]}}