{"id":55552,"date":"2025-06-22T21:10:31","date_gmt":"2025-06-23T00:10:31","guid":{"rendered":"https:\/\/radiorevelacionfm.cl\/?p=55552"},"modified":"2025-06-22T21:10:31","modified_gmt":"2025-06-23T00:10:31","slug":"sandoval-la-conectividad-es-esencial-si-queremos-sacar-a-la-region-del-nivel-de-desarrollo-que-tenemos-hoy","status":"publish","type":"post","link":"https:\/\/radiorevelacionfm.cl\/?p=55552","title":{"rendered":"Sandoval: \u201cLa conectividad es esencial si queremos sacar a la regi\u00f3n del nivel de desarrollo que tenemos hoy\u201d"},"content":{"rendered":"<div class=\"flex_column av_one_full  flex_column_div av-zero-column-padding first  avia-builder-el-0  el_before_av_one_full  avia-builder-el-first  \" style='border-radius:0px; '><div  class='avia-image-container  av-styling-    avia-builder-el-1  avia-builder-el-no-sibling  avia-align-center '  itemprop=\"image\" itemscope=\"itemscope\" itemtype=\"https:\/\/schema.org\/ImageObject\"  ><div class='avia-image-container-inner'><div class='avia-image-overlay-wrap'><img decoding=\"async\" class='wp-image-55553 avia-img-lazy-loading-not-55553 avia_image' src=\"https:\/\/radiorevelacionfm.cl\/wp-content\/uploads\/2025\/06\/Sen.-Sandoval-2-1-1.jpg\" alt='' title='Sen. Sandoval (2) (1) (1)' height=\"600\" width=\"900\"  itemprop=\"thumbnailUrl\" srcset=\"https:\/\/radiorevelacionfm.cl\/wp-content\/uploads\/2025\/06\/Sen.-Sandoval-2-1-1.jpg 900w, https:\/\/radiorevelacionfm.cl\/wp-content\/uploads\/2025\/06\/Sen.-Sandoval-2-1-1-300x200.jpg 300w, https:\/\/radiorevelacionfm.cl\/wp-content\/uploads\/2025\/06\/Sen.-Sandoval-2-1-1-768x512.jpg 768w, https:\/\/radiorevelacionfm.cl\/wp-content\/uploads\/2025\/06\/Sen.-Sandoval-2-1-1-705x470.jpg 705w, https:\/\/radiorevelacionfm.cl\/wp-content\/uploads\/2025\/06\/Sen.-Sandoval-2-1-1-450x300.jpg 450w, https:\/\/radiorevelacionfm.cl\/wp-content\/uploads\/2025\/06\/Sen.-Sandoval-2-1-1-600x400.jpg 600w\" sizes=\"(max-width: 900px) 100vw, 900px\" \/><\/div><\/div><\/div><\/div><div class=\"flex_column av_one_full  flex_column_div av-zero-column-padding first  avia-builder-el-2  el_after_av_one_full  el_before_av_one_full  column-top-margin\" style='border-radius:0px; '><section class=\"av_textblock_section \"  itemscope=\"itemscope\" itemtype=\"https:\/\/schema.org\/BlogPosting\" itemprop=\"blogPost\" ><div class='avia_textblock  '   itemprop=\"text\" ><p style=\"text-align: center;\"><strong><span style=\"font-size: 18pt;\">Sandoval: \u201cLa conectividad es esencial si queremos sacar a la regi\u00f3n del nivel de desarrollo que tenemos hoy\u201d<\/span><\/strong><\/p>\n<div id=\"gtx-trans\" style=\"position: absolute; left: -50px; top: 4.31534px;\">\n<div class=\"gtx-trans-icon\"><\/div>\n<\/div>\n<\/div><\/section><\/div><div class=\"flex_column av_one_full  flex_column_div av-zero-column-padding first  avia-builder-el-4  el_after_av_one_full  el_before_av_hr  column-top-margin\" style='border-radius:0px; '><section class=\"av_textblock_section \"  itemscope=\"itemscope\" itemtype=\"https:\/\/schema.org\/BlogPosting\" itemprop=\"blogPost\" ><div class='avia_textblock  '   itemprop=\"text\" ><p style=\"text-align: justify;\"><em>En los \u00faltimos d\u00edas el parlamentario conoci\u00f3 programa de Infraestructura para la Integraci\u00f3n Austral que prepara el MOP y que se discutir\u00e1 en ley de Presupuesto 2026 y que apunta a mejorar y potenciar la conectividad intrarregional de la zona.<\/em><\/p>\n<p style=\"text-align: justify;\">\u201cLa conectividad es esencial si queremos sacar a la regi\u00f3n del nivel de desarrollo que tenemos hoy d\u00eda\u201d. As\u00ed lo se\u00f1al\u00f3 el senador David Sandoval, luego de conocer el programa de Infraestructura para la Integraci\u00f3n Austral que prepara el MOP, durante la reuni\u00f3n que sostuvo la semana pasada con el director general de Obras Publicas, Boris Olgu\u00edn.<\/p>\n<p style=\"text-align: justify;\">En ese sentido, el parlamentario dijo que este tema es muy relevante, pues de esa manera se le da una mirada integral a la conectividad de la zona sur austral del pa\u00eds, que no solo considera el tema caminero, m\u00e1s a\u00fan cuando en 2023, y producto de sus gestiones, se logr\u00f3 que la ruta 7 fuera un compromiso de Estado, liberando a la regi\u00f3n de poner recursos en la Carretera Austral.\u00a0 \u201cHicimos un gran avance cuando liberamos a la regi\u00f3n de Ays\u00e9n, a trav\u00e9s del FNDR, de tener que cofinanciar la construcci\u00f3n de la ruta 7\u201d, indic\u00f3.<\/p>\n<p style=\"text-align: justify;\">\u201cLo hemos hablado con los gremios, con la C\u00e1mara chilena de la construcci\u00f3n, con organismos del mundo productivo\u201d, se\u00f1al\u00f3 Sandoval, en referencia a la relevancia que tiene la conectividad en Aysen.<\/p>\n<p style=\"text-align: justify;\">En esa l\u00ednea, enfatiz\u00f3 que \u201cla liberaci\u00f3n de los recursos del FNDR, nos ayud\u00f3 significativamente y hoy d\u00eda las obras que se van a ejecutar van a tener un gran impacto\u201d, en referencia a lo que se est\u00e1 realizando en materia de pavimentos en el tramo Puente Chacabuco &#8211; El Manzano, en la comuna de Cochrane; el RS para la pavimentaci\u00f3n del cruce Acceso Murta hasta Puente El Belga, en la comuna de R\u00edo Ib\u00e1\u00f1ez; y la reposici\u00f3n de los puentes Palena y Rosselot, en la zona norte. \u201cNos parecen obras absolutamente significativas\u201d, puntualiz\u00f3.<\/p>\n<p style=\"text-align: justify;\">Sandoval agreg\u00f3 que ahora lo que se necesita es dar un paso m\u00e1s hacia el mejoramiento, entre otros, de la conectividad intrarregional, lo que a su juicio debe estar contenido en un plan especial que es de lo que precisamente convers\u00f3 con el director general de obras p\u00fablicas del MOP, Boris Olgu\u00edn. \u201cEl Gobierno, a trav\u00e9s del MOP, est\u00e1 planteando desarrollar esto en un programa especial dedicado exclusivamente al tema de la integraci\u00f3n austral\u201d, enfatiz\u00f3.<\/p>\n<p style=\"text-align: justify;\">Sobre el particular, el director general de Obras P\u00fablicas del MOP, Boris Olgu\u00edn, explic\u00f3 que el programa apunta a \u201ctodo lo que significa la integraci\u00f3n terrestre, a\u00e9rea, mar\u00edtima y en ese sentido, generar una mirada de mediano, largo plazo de lo que tenemos que hacer en el territorio y focalizar definitivamente inversiones en todo este territorio\u201d.<\/p>\n<p style=\"text-align: justify;\">Y en ese sentido, la autoridad sectorial dijo que los planes de trabajo que impulsa dicha cartera \u201cse tienen que hacer desde la regi\u00f3n con los actores locales, en este caso con una autoridad electa democr\u00e1ticamente, con los consejeros regionales, en definitiva, de poder priorizar lo que realmente la regi\u00f3n requiere, cu\u00e1l es la visi\u00f3n estrat\u00e9gica de desarrollo que tiene y no que sea impuesta desde Santiago, muy por el contrario, nosotros ser colaboradores\u201d.<\/p>\n<p style=\"text-align: justify;\"><strong>Ley de Presupuesto 2026 <\/strong><\/p>\n<p style=\"text-align: justify;\">La iniciativa, explic\u00f3 el senador Sandoval, se discutir\u00e1 en el tr\u00e1mite de la ley de Presupuesto 2026, primero en el debate de la quinta subcomisi\u00f3n de la que forma parte en el Senado, donde se ve la partida de Obras P\u00fablicas. \u201cLo analizaremos con mucha calma, es una gran oportunidad para la regi\u00f3n, donde tambi\u00e9n lo conversaremos con el Gobierno Regional, con los consejeros regionales, puesto que este tema, en definitiva, puede contribuir de manera sustantiva a dar una hoja de ruta dentro de un plan especial dedicado exclusivamente a la integraci\u00f3n austral\u201d, subray\u00f3.<\/p>\n<p style=\"text-align: justify;\">Finalmente, el parlamentario valor\u00f3 la disposici\u00f3n que tiene el MOP para dar una mirada integral al desarrollo de la conectividad en la zona sur austral, indicando que estar\u00e1 atento a los tiempos y a los detalles de este programa planteado por dicho ministerio.<\/p>\n<\/div><\/section><\/div><div  style='height:50px' class='hr hr-invisible   avia-builder-el-6  el_after_av_one_full  el_before_av_social_share '><span class='hr-inner ' ><span class='hr-inner-style'><\/span><\/span><\/div><\/p>\n<div  class='av-social-sharing-box  avia-builder-el-7  el_after_av_hr  el_before_av_hr  '><div class='av-share-box'><h5 class='av-share-link-description av-no-toc '>Compartir esta noticia<\/h5><ul class='av-share-box-list noLightbox'><li class='av-share-link av-social-link-facebook' ><a target=\"_blank\" aria-label=\"Compartir en Facebook\" href='https:\/\/www.facebook.com\/sharer.php?u=https:\/\/radiorevelacionfm.cl\/?p=55552&#038;t=Sandoval%3A%20%E2%80%9CLa%20conectividad%20es%20esencial%20si%20queremos%20sacar%20a%20la%20regi%C3%B3n%20del%20nivel%20de%20desarrollo%20que%20tenemos%20hoy%E2%80%9D' aria-hidden='false' data-av_icon='\ue8f3' data-av_iconfont='entypo-fontello' title='' data-avia-related-tooltip='Compartir en Facebook' rel=\"noopener\"><span class='avia_hidden_link_text'>Compartir en Facebook<\/span><\/a><\/li><li class='av-share-link av-social-link-twitter' ><a target=\"_blank\" aria-label=\"Compartir en Twitter\" href='https:\/\/twitter.com\/share?text=Sandoval%3A%20%E2%80%9CLa%20conectividad%20es%20esencial%20si%20queremos%20sacar%20a%20la%20regi%C3%B3n%20del%20nivel%20de%20desarrollo%20que%20tenemos%20hoy%E2%80%9D&#038;url=https:\/\/radiorevelacionfm.cl\/?p=55552' aria-hidden='false' data-av_icon='\ue8f1' data-av_iconfont='entypo-fontello' title='' data-avia-related-tooltip='Compartir en Twitter' rel=\"noopener\"><span class='avia_hidden_link_text'>Compartir en Twitter<\/span><\/a><\/li><li class='av-share-link av-social-link-whatsapp' ><a target=\"_blank\" aria-label=\"Compartir en Whatsapp\" href='https:\/\/api.whatsapp.com\/send?text=https:\/\/radiorevelacionfm.cl\/?p=55552' aria-hidden='false' data-av_icon='\uf232' data-av_iconfont='entypo-fontello' title='' data-avia-related-tooltip='Compartir en Whatsapp' rel=\"noopener\"><span class='avia_hidden_link_text'>Compartir en Whatsapp<\/span><\/a><\/li><li class='av-share-link av-social-link-linkedin' ><a target=\"_blank\" aria-label=\"Compartir en LinkedIn\" href='https:\/\/linkedin.com\/shareArticle?mini=true&#038;title=Sandoval%3A%20%E2%80%9CLa%20conectividad%20es%20esencial%20si%20queremos%20sacar%20a%20la%20regi%C3%B3n%20del%20nivel%20de%20desarrollo%20que%20tenemos%20hoy%E2%80%9D&#038;url=https:\/\/radiorevelacionfm.cl\/?p=55552' aria-hidden='false' data-av_icon='\ue8fc' data-av_iconfont='entypo-fontello' title='' data-avia-related-tooltip='Compartir en LinkedIn' rel=\"noopener\"><span class='avia_hidden_link_text'>Compartir en LinkedIn<\/span><\/a><\/li><li class='av-share-link av-social-link-mail' ><a  aria-label=\"Compartir por correo\" href='mailto:?subject=Sandoval%3A%20%E2%80%9CLa%20conectividad%20es%20esencial%20si%20queremos%20sacar%20a%20la%20regi%C3%B3n%20del%20nivel%20de%20desarrollo%20que%20tenemos%20hoy%E2%80%9D&#038;body=https:\/\/radiorevelacionfm.cl\/?p=55552' aria-hidden='false' data-av_icon='\ue805' data-av_iconfont='entypo-fontello' title='' data-avia-related-tooltip='Compartir por correo'><span class='avia_hidden_link_text'>Compartir por correo<\/span><\/a><\/li><\/ul><\/div><\/div>\n<div  style='height:50px' class='hr hr-invisible   avia-builder-el-8  el_after_av_social_share  el_before_av_comments_list '><span class='hr-inner ' ><span class='hr-inner-style'><\/span><\/span><\/div>\n<div  class='av-buildercomment  av-blog-meta-html-info-disabled av-blog-meta-tag-disabled  '><\/div>\n","protected":false},"excerpt":{"rendered":"","protected":false},"author":1,"featured_media":55553,"comment_status":"closed","ping_status":"closed","sticky":false,"template":"","format":"standard","meta":{"footnotes":""},"categories":[35],"tags":[],"class_list":["post-55552","post","type-post","status-publish","format-standard","has-post-thumbnail","hentry","category-politica"],"jetpack_featured_media_url":"https:\/\/radiorevelacionfm.cl\/wp-content\/uploads\/2025\/06\/Sen.-Sandoval-2-1-1.jpg","_links":{"self":[{"href":"https:\/\/radiorevelacionfm.cl\/index.php?rest_route=\/wp\/v2\/posts\/55552","targetHints":{"allow":["GET"]}}],"collection":[{"href":"https:\/\/radiorevelacionfm.cl\/index.php?rest_route=\/wp\/v2\/posts"}],"about":[{"href":"https:\/\/radiorevelacionfm.cl\/index.php?rest_route=\/wp\/v2\/types\/post"}],"author":[{"embeddable":true,"href":"https:\/\/radiorevelacionfm.cl\/index.php?rest_route=\/wp\/v2\/users\/1"}],"replies":[{"embeddable":true,"href":"https:\/\/radiorevelacionfm.cl\/index.php?rest_route=%2Fwp%2Fv2%2Fcomments&post=55552"}],"version-history":[{"count":2,"href":"https:\/\/radiorevelacionfm.cl\/index.php?rest_route=\/wp\/v2\/posts\/55552\/revisions"}],"predecessor-version":[{"id":55555,"href":"https:\/\/radiorevelacionfm.cl\/index.php?rest_route=\/wp\/v2\/posts\/55552\/revisions\/55555"}],"wp:featuredmedia":[{"embeddable":true,"href":"https:\/\/radiorevelacionfm.cl\/index.php?rest_route=\/wp\/v2\/media\/55553"}],"wp:attachment":[{"href":"https:\/\/radiorevelacionfm.cl\/index.php?rest_route=%2Fwp%2Fv2%2Fmedia&parent=55552"}],"wp:term":[{"taxonomy":"category","embeddable":true,"href":"https:\/\/radiorevelacionfm.cl\/index.php?rest_route=%2Fwp%2Fv2%2Fcategories&post=55552"},{"taxonomy":"post_tag","embeddable":true,"href":"https:\/\/radiorevelacionfm.cl\/index.php?rest_route=%2Fwp%2Fv2%2Ftags&post=55552"}],"curies":[{"name":"wp","href":"https:\/\/api.w.org\/{rel}","templated":true}]}}