{"id":55548,"date":"2025-06-22T21:03:30","date_gmt":"2025-06-23T00:03:30","guid":{"rendered":"https:\/\/radiorevelacionfm.cl\/?p=55548"},"modified":"2025-06-22T21:03:30","modified_gmt":"2025-06-23T00:03:30","slug":"personas-mayores-refuerzan-mensajes-de-buen-trato-en-jornada-participativa-de-senama","status":"publish","type":"post","link":"https:\/\/radiorevelacionfm.cl\/?p=55548","title":{"rendered":"Personas mayores refuerzan mensajes de buen trato en jornada participativa de Senama"},"content":{"rendered":"<div class=\"flex_column av_one_full  flex_column_div av-zero-column-padding first  avia-builder-el-0  el_before_av_one_full  avia-builder-el-first  \" style='border-radius:0px; '><div  class='avia-image-container  av-styling-    avia-builder-el-1  avia-builder-el-no-sibling  avia-align-center '  itemprop=\"image\" itemscope=\"itemscope\" itemtype=\"https:\/\/schema.org\/ImageObject\"  ><div class='avia-image-container-inner'><div class='avia-image-overlay-wrap'><img decoding=\"async\" class='wp-image-55549 avia-img-lazy-loading-not-55549 avia_image' src=\"https:\/\/radiorevelacionfm.cl\/wp-content\/uploads\/2025\/06\/buentrato1-3-1-1_optimized-1.jpeg\" alt='' title='buentrato1-(3)-(1)-(1)_optimized (1)' height=\"600\" width=\"1067\"  itemprop=\"thumbnailUrl\" srcset=\"https:\/\/radiorevelacionfm.cl\/wp-content\/uploads\/2025\/06\/buentrato1-3-1-1_optimized-1.jpeg 1067w, https:\/\/radiorevelacionfm.cl\/wp-content\/uploads\/2025\/06\/buentrato1-3-1-1_optimized-1-300x169.jpeg 300w, https:\/\/radiorevelacionfm.cl\/wp-content\/uploads\/2025\/06\/buentrato1-3-1-1_optimized-1-1030x579.jpeg 1030w, https:\/\/radiorevelacionfm.cl\/wp-content\/uploads\/2025\/06\/buentrato1-3-1-1_optimized-1-768x432.jpeg 768w, https:\/\/radiorevelacionfm.cl\/wp-content\/uploads\/2025\/06\/buentrato1-3-1-1_optimized-1-705x396.jpeg 705w, https:\/\/radiorevelacionfm.cl\/wp-content\/uploads\/2025\/06\/buentrato1-3-1-1_optimized-1-450x253.jpeg 450w, https:\/\/radiorevelacionfm.cl\/wp-content\/uploads\/2025\/06\/buentrato1-3-1-1_optimized-1-600x337.jpeg 600w\" sizes=\"(max-width: 1067px) 100vw, 1067px\" \/><\/div><\/div><\/div><\/div><div class=\"flex_column av_one_full  flex_column_div av-zero-column-padding first  avia-builder-el-2  el_after_av_one_full  el_before_av_one_full  column-top-margin\" style='border-radius:0px; '><section class=\"av_textblock_section \"  itemscope=\"itemscope\" itemtype=\"https:\/\/schema.org\/BlogPosting\" itemprop=\"blogPost\" ><div class='avia_textblock  '   itemprop=\"text\" ><p style=\"text-align: center;\"><strong><span style=\"font-size: 18pt;\">Personas mayores refuerzan mensajes de buen trato en jornada participativa de Senama<\/span><\/strong><\/p>\n<div id=\"gtx-trans\" style=\"position: absolute; left: -50px; top: 4.31534px;\">\n<div class=\"gtx-trans-icon\"><\/div>\n<\/div>\n<\/div><\/section><\/div><div class=\"flex_column av_one_full  flex_column_div av-zero-column-padding first  avia-builder-el-4  el_after_av_one_full  el_before_av_hr  column-top-margin\" style='border-radius:0px; '><section class=\"av_textblock_section \"  itemscope=\"itemscope\" itemtype=\"https:\/\/schema.org\/BlogPosting\" itemprop=\"blogPost\" ><div class='avia_textblock  '   itemprop=\"text\" ><p style=\"text-align: justify;\"><em>A trav\u00e9s de la pintura de un gran lienzo plasmaron mensajes a la comunidad de buen trato hacia personas mayores solicitando empat\u00eda, amor, respeto y paciencia, entre otros.<\/em><\/p>\n<p style=\"text-align: justify;\">Con el objetivo de desarrollar un espacio de informaci\u00f3n, di\u00e1logo y reflexi\u00f3n en torno a la promoci\u00f3n del buen trato en las personas mayores, es que el Servicio Nacional del Adulto Mayor, Senama organiz\u00f3 en Coyhaique una jornada participativa con la asistencia de 50 personas mayores, adem\u00e1s del acompa\u00f1amiento de los Seremis de Justicia y Derechos Humanos Samuel Navarro, Vocer\u00eda de Gobierno \u00darsula Mix, la Seremi de Desarrollo Social y Familia Karina Acevedo Auad y el director regional del Instituto de Previsi\u00f3n Social Rodrigo D\u00edaz.<\/p>\n<p style=\"text-align: justify;\">En la ocasi\u00f3n se realiz\u00f3 un ejercicio de reflexi\u00f3n en torno al trato digno y derechos de las personas mayores en donde manifestaron el tipo de relaci\u00f3n que necesitan tener. As\u00ed lo expresaron los asistentes entre ellos Mar\u00eda Vargas, Presidenta del Club de Tercera Edad Los Copihues quien desde Caleta Tortel viaj\u00f3 hasta la capital regional para llevar su mensaje a la actividad \u00abpensando en los ni\u00f1os hay que darles el ejemplo desde peque\u00f1os y decirles que ayuden a los adultos mayores que est\u00e1n m\u00e1s lentos, sordos o no ven y que les cuesta movilizarse, esa es la mejor forma de educarlos, yo de hecho as\u00ed lo hago en Tortel y yo vivo en el campo sola, pero yo soy como la asistente social porque los visito a todos mis vecinos porque me nace y por eso soy dirigente social\u00bb.<\/p>\n<p style=\"text-align: justify;\">\u00abQue nos tengan paciencia\u00bb fue el sentir de Carmen Gloria Rodr\u00edguez y Teresa Jara, amigas e integrantes de la Uni\u00f3n Comunal de Personas Mayores quienes asistieron a la actividad donde pudieron plasmar su mensaje en el lienzo del Buen Trato \u00bb Me parece una instancia muy bonita e interesante donde una se encuentra con m\u00e1s personas y aprendemos, me voy con muchas ideas buenas y mi mensaje es que tengan nos tengan paciencia y que nos vean la parte positiva no lo negativo aunque sabemos que podemos ser porfiados y llevados a nuestras ideas\u00bb a lo que Teresa agreg\u00f3 \u00bb Yo felicito la idea, me parece muy buena y dejar todo en la pintura para que se vea despu\u00e9s\u00bb.<\/p>\n<p style=\"text-align: justify;\">La pintura del lienzo cont\u00f3 con frases como \u00abrespeto\u00bb \u00abpaciencia\u00bb \u00abamor\u00bb todos ellos mensajes a la comunidad de prevenci\u00f3n del maltrato y abuso, como a su vez promocionar el buen trato, lo que fue ampliamente valorado por la Seremi de Desarrollo Social y Familia Karina Acevedo Auad \u00abEl buen trato debe ser una forma y pr\u00e1ctica de vida, de interacci\u00f3n social y que nos permita adem\u00e1s construir una sociedad mucho m\u00e1s emp\u00e1tica, eso lo reforzamos como gobierno en nuestras pol\u00edticas p\u00fablicas. Y a partir de las diferentes reflexiones se cre\u00f3 un gran lienzo en donde invitamos a los asistentes a que plasmaran lo que esperan del trato de la comunidad hacia ellos, por lo que queremos invitar a la comunidad a tomar en cuenta este sentir y se sumen en diferentes acciones del d\u00eda a d\u00eda. De todos nosotros depende mejorar las condiciones de quienes ya caminaron antes y que ahora merecen un buen pasar\u00bb.<\/p>\n<p style=\"text-align: justify;\">En la Jornada Participativa adem\u00e1s se compartieron \u00a0los principales logros y resultados de la gesti\u00f3n del Servicio Nacional de Adulto Mayor en materia de buen trato y derechos humanos a las personas mayores, seg\u00fan dio a conocer la Coordinadora Regional Claudia Andaur, quien adem\u00e1s reforz\u00f3 \u00abHoy pudimos resaltar los logros en esta materia y el mensaje es mirar la vejez de una forma positiva, sin los estigmas que hoy existen y sin los prejuicios que muchas veces condenan al adulto mayor al abandono, para eso es el lienzo para transmitir el mensaje porque estamos avanzando hacia una sociedad con un envejecimiento poblacional, por lo que es importante que cambiemos esta mirada\u00bb.<\/p>\n<\/div><\/section><\/div><div  style='height:50px' class='hr hr-invisible   avia-builder-el-6  el_after_av_one_full  el_before_av_social_share '><span class='hr-inner ' ><span class='hr-inner-style'><\/span><\/span><\/div><\/p>\n<div  class='av-social-sharing-box  avia-builder-el-7  el_after_av_hr  el_before_av_hr  '><div class='av-share-box'><h5 class='av-share-link-description av-no-toc '>Compartir esta noticia<\/h5><ul class='av-share-box-list noLightbox'><li class='av-share-link av-social-link-facebook' ><a target=\"_blank\" aria-label=\"Compartir en Facebook\" href='https:\/\/www.facebook.com\/sharer.php?u=https:\/\/radiorevelacionfm.cl\/?p=55548&#038;t=Personas%20mayores%20refuerzan%20mensajes%20de%20buen%20trato%20en%20jornada%20participativa%20de%20Senama' aria-hidden='false' data-av_icon='\ue8f3' data-av_iconfont='entypo-fontello' title='' data-avia-related-tooltip='Compartir en Facebook' rel=\"noopener\"><span class='avia_hidden_link_text'>Compartir en Facebook<\/span><\/a><\/li><li class='av-share-link av-social-link-twitter' ><a target=\"_blank\" aria-label=\"Compartir en Twitter\" href='https:\/\/twitter.com\/share?text=Personas%20mayores%20refuerzan%20mensajes%20de%20buen%20trato%20en%20jornada%20participativa%20de%20Senama&#038;url=https:\/\/radiorevelacionfm.cl\/?p=55548' aria-hidden='false' data-av_icon='\ue8f1' data-av_iconfont='entypo-fontello' title='' data-avia-related-tooltip='Compartir en Twitter' rel=\"noopener\"><span class='avia_hidden_link_text'>Compartir en Twitter<\/span><\/a><\/li><li class='av-share-link av-social-link-whatsapp' ><a target=\"_blank\" aria-label=\"Compartir en Whatsapp\" href='https:\/\/api.whatsapp.com\/send?text=https:\/\/radiorevelacionfm.cl\/?p=55548' aria-hidden='false' data-av_icon='\uf232' data-av_iconfont='entypo-fontello' title='' data-avia-related-tooltip='Compartir en Whatsapp' rel=\"noopener\"><span class='avia_hidden_link_text'>Compartir en Whatsapp<\/span><\/a><\/li><li class='av-share-link av-social-link-linkedin' ><a target=\"_blank\" aria-label=\"Compartir en LinkedIn\" href='https:\/\/linkedin.com\/shareArticle?mini=true&#038;title=Personas%20mayores%20refuerzan%20mensajes%20de%20buen%20trato%20en%20jornada%20participativa%20de%20Senama&#038;url=https:\/\/radiorevelacionfm.cl\/?p=55548' aria-hidden='false' data-av_icon='\ue8fc' data-av_iconfont='entypo-fontello' title='' data-avia-related-tooltip='Compartir en LinkedIn' rel=\"noopener\"><span class='avia_hidden_link_text'>Compartir en LinkedIn<\/span><\/a><\/li><li class='av-share-link av-social-link-mail' ><a  aria-label=\"Compartir por correo\" href='mailto:?subject=Personas%20mayores%20refuerzan%20mensajes%20de%20buen%20trato%20en%20jornada%20participativa%20de%20Senama&#038;body=https:\/\/radiorevelacionfm.cl\/?p=55548' aria-hidden='false' data-av_icon='\ue805' data-av_iconfont='entypo-fontello' title='' data-avia-related-tooltip='Compartir por correo'><span class='avia_hidden_link_text'>Compartir por correo<\/span><\/a><\/li><\/ul><\/div><\/div>\n<div  style='height:50px' class='hr hr-invisible   avia-builder-el-8  el_after_av_social_share  el_before_av_comments_list '><span class='hr-inner ' ><span class='hr-inner-style'><\/span><\/span><\/div>\n<div  class='av-buildercomment  av-blog-meta-html-info-disabled av-blog-meta-tag-disabled  '><\/div>\n","protected":false},"excerpt":{"rendered":"","protected":false},"author":1,"featured_media":55549,"comment_status":"closed","ping_status":"closed","sticky":false,"template":"","format":"standard","meta":{"footnotes":""},"categories":[38],"tags":[],"class_list":["post-55548","post","type-post","status-publish","format-standard","has-post-thumbnail","hentry","category-regional"],"jetpack_featured_media_url":"https:\/\/radiorevelacionfm.cl\/wp-content\/uploads\/2025\/06\/buentrato1-3-1-1_optimized-1.jpeg","_links":{"self":[{"href":"https:\/\/radiorevelacionfm.cl\/index.php?rest_route=\/wp\/v2\/posts\/55548","targetHints":{"allow":["GET"]}}],"collection":[{"href":"https:\/\/radiorevelacionfm.cl\/index.php?rest_route=\/wp\/v2\/posts"}],"about":[{"href":"https:\/\/radiorevelacionfm.cl\/index.php?rest_route=\/wp\/v2\/types\/post"}],"author":[{"embeddable":true,"href":"https:\/\/radiorevelacionfm.cl\/index.php?rest_route=\/wp\/v2\/users\/1"}],"replies":[{"embeddable":true,"href":"https:\/\/radiorevelacionfm.cl\/index.php?rest_route=%2Fwp%2Fv2%2Fcomments&post=55548"}],"version-history":[{"count":2,"href":"https:\/\/radiorevelacionfm.cl\/index.php?rest_route=\/wp\/v2\/posts\/55548\/revisions"}],"predecessor-version":[{"id":55551,"href":"https:\/\/radiorevelacionfm.cl\/index.php?rest_route=\/wp\/v2\/posts\/55548\/revisions\/55551"}],"wp:featuredmedia":[{"embeddable":true,"href":"https:\/\/radiorevelacionfm.cl\/index.php?rest_route=\/wp\/v2\/media\/55549"}],"wp:attachment":[{"href":"https:\/\/radiorevelacionfm.cl\/index.php?rest_route=%2Fwp%2Fv2%2Fmedia&parent=55548"}],"wp:term":[{"taxonomy":"category","embeddable":true,"href":"https:\/\/radiorevelacionfm.cl\/index.php?rest_route=%2Fwp%2Fv2%2Fcategories&post=55548"},{"taxonomy":"post_tag","embeddable":true,"href":"https:\/\/radiorevelacionfm.cl\/index.php?rest_route=%2Fwp%2Fv2%2Ftags&post=55548"}],"curies":[{"name":"wp","href":"https:\/\/api.w.org\/{rel}","templated":true}]}}