{"id":55545,"date":"2025-06-21T22:21:37","date_gmt":"2025-06-22T01:21:37","guid":{"rendered":"https:\/\/radiorevelacionfm.cl\/?p=55545"},"modified":"2025-06-21T22:21:37","modified_gmt":"2025-06-22T01:21:37","slug":"emiten-alerta-temprana-preventiva-por-evento-meteorologico-en-la-region-de-aysen","status":"publish","type":"post","link":"https:\/\/radiorevelacionfm.cl\/?p=55545","title":{"rendered":"Emiten Alerta Temprana Preventiva por Evento Meteorol\u00f3gico en la regi\u00f3n de Ays\u00e9n"},"content":{"rendered":"<div class=\"flex_column av_one_full  flex_column_div av-zero-column-padding first  avia-builder-el-0  el_before_av_one_full  avia-builder-el-first  \" style='border-radius:0px; '><div  class='avia-image-container  av-styling-    avia-builder-el-1  avia-builder-el-no-sibling  avia-align-center '  itemprop=\"image\" itemscope=\"itemscope\" itemtype=\"https:\/\/schema.org\/ImageObject\"  ><div class='avia-image-container-inner'><div class='avia-image-overlay-wrap'><img decoding=\"async\" class='wp-image-41474 avia-img-lazy-loading-not-41474 avia_image' src=\"https:\/\/radiorevelacionfm.cl\/wp-content\/uploads\/2024\/04\/lluvias2-1-1.jpg\" alt='' title='lluvias2 (1) (1)' height=\"600\" width=\"800\"  itemprop=\"thumbnailUrl\" srcset=\"https:\/\/radiorevelacionfm.cl\/wp-content\/uploads\/2024\/04\/lluvias2-1-1.jpg 800w, https:\/\/radiorevelacionfm.cl\/wp-content\/uploads\/2024\/04\/lluvias2-1-1-300x225.jpg 300w, https:\/\/radiorevelacionfm.cl\/wp-content\/uploads\/2024\/04\/lluvias2-1-1-768x576.jpg 768w, https:\/\/radiorevelacionfm.cl\/wp-content\/uploads\/2024\/04\/lluvias2-1-1-705x529.jpg 705w, https:\/\/radiorevelacionfm.cl\/wp-content\/uploads\/2024\/04\/lluvias2-1-1-450x338.jpg 450w, https:\/\/radiorevelacionfm.cl\/wp-content\/uploads\/2024\/04\/lluvias2-1-1-600x450.jpg 600w\" sizes=\"(max-width: 800px) 100vw, 800px\" \/><\/div><\/div><\/div><\/div><div class=\"flex_column av_one_full  flex_column_div av-zero-column-padding first  avia-builder-el-2  el_after_av_one_full  el_before_av_one_full  column-top-margin\" style='border-radius:0px; '><section class=\"av_textblock_section \"  itemscope=\"itemscope\" itemtype=\"https:\/\/schema.org\/BlogPosting\" itemprop=\"blogPost\" ><div class='avia_textblock  '   itemprop=\"text\" ><p style=\"text-align: center;\"><strong><span style=\"font-size: 18pt;\">Emiten Alerta Temprana Preventiva por Evento Meteorol\u00f3gico en la regi\u00f3n de Ays\u00e9n<\/span><\/strong><\/p>\n<div id=\"gtx-trans\" style=\"position: absolute; left: -50px; top: 4.31534px;\">\n<div class=\"gtx-trans-icon\"><\/div>\n<\/div>\n<\/div><\/section><\/div><div class=\"flex_column av_one_full  flex_column_div av-zero-column-padding first  avia-builder-el-4  el_after_av_one_full  el_before_av_hr  column-top-margin\" style='border-radius:0px; '><section class=\"av_textblock_section \"  itemscope=\"itemscope\" itemtype=\"https:\/\/schema.org\/BlogPosting\" itemprop=\"blogPost\" ><div class='avia_textblock  '   itemprop=\"text\" ><div><\/div>\n<div><\/div>\n<div><\/div>\n<div><\/div>\n<div>\n<div style=\"text-align: justify;\">De acuerdo con la informaci\u00f3n proporcionada por la Direcci\u00f3n Meteorol\u00f3gica de Chile, a trav\u00e9s del Aviso Meteorol\u00f3gico\u00a0<b>A232-1\/2025\u00a0<\/b>actualizado el viernes 20 de junio de 2025<b>\u00a0que indica Precipitaciones Normales a Moderadas en corto periodo de tiempo en la zona Cordillera Austral Norte<\/b>, desde la ma\u00f1ana del s\u00e1bado 21 de junio de 2025 a la noche del s\u00e1bado 21 de junio del 2025 que afectar\u00e1 a la Regi\u00f3n de Ays\u00e9n, debido a una Condici\u00f3n Sin\u00f3ptica:\u00a0Frente fr\u00edo.<\/div>\n<div><\/div>\n<div><\/div>\n<div align=\"center\">\n<table cellspacing=\"0\" cellpadding=\"0\">\n<tbody>\n<tr>\n<td colspan=\"2\">\n<div><b>Regi\u00f3n de Ays\u00e9n<\/b><\/div>\n<\/td>\n<\/tr>\n<tr>\n<td>\n<div><b>Zona<\/b><\/div>\n<\/td>\n<td>\n<div><b>Monto<\/b><\/div>\n<\/td>\n<\/tr>\n<tr>\n<td>\n<div>Cordillera Austral Norte<\/div>\n<\/td>\n<td>\n<div>30-45 \/ 5-15 cm<\/div>\n<\/td>\n<\/tr>\n<\/tbody>\n<\/table>\n<\/div>\n<div><\/div>\n<div><\/div>\n<div style=\"text-align: justify;\">Del mismo modo, la actualizaci\u00f3n de Minuta T\u00e9cnica de Remociones en Masa emitida el d\u00eda de hoy 21 de junio por SERNAGEOMIN, en el cual se indican las siguientes probabilidades:<\/div>\n<div><\/div>\n<div><img decoding=\"async\" class=\"CToWUd a6T\" tabindex=\"0\" src=\"https:\/\/mail.google.com\/mail\/u\/0?ui=2&amp;ik=731b0022c3&amp;attid=0.2&amp;permmsgid=msg-f:1835587405207154223&amp;th=19795105098dae2f&amp;view=fimg&amp;fur=ip&amp;permmsgid=msg-f:1835587405207154223&amp;sz=s0-l75-ft&amp;attbid=ANGjdJ9RyF1EFyyBI41qsXzqM4HOx6DyYXwgE4MBGP-Aj-EjZKW1CbFSmVWdaGKLfrU7tFDQWhIQR9dL24fnFtAw4HBv03XiPX28JbqPNuzfQaFOenuoAPEc056c9vI&amp;disp=emb&amp;zw\" width=\"450\" height=\"237\" data-image-whitelisted=\"\" data-bit=\"iit\" \/><\/div>\n<p style=\"text-align: justify;\">En consideraci\u00f3n a estos antecedentes t\u00e9cnicos, el Servicio Nacional de Prevenci\u00f3n y Respuesta ante Desastres\u00a0(SENAPRED) Regi\u00f3n de Ays\u00e9n, Actualiza Alerta Verde Temprana Preventiva\u00a0para la Regi\u00f3n de Ays\u00e9n por\u00a0PRECIPITACIONES, vigente a contar de hoy y hasta que las condiciones meteorol\u00f3gicas as\u00ed lo ameriten.<\/p>\n<p style=\"text-align: justify;\">La Direcci\u00f3n Regional de SENAPRED de Ays\u00e9n, en coordinaci\u00f3n con la Unidad Nacional de Alerta Temprana y los organismos t\u00e9cnicos pertinentes, mantendr\u00e1n el monitoreo de esta condici\u00f3n y establecer\u00e1n las coordinaciones necesarias, acorde a la alerta vigente, en resguardo de la poblaci\u00f3n.<\/p>\n<p style=\"text-align: justify;\">La declaraci\u00f3n de esta alerta se constituye como un estado de reforzamiento de la vigilancia, mediante el monitoreo preciso y riguroso de las condiciones de riesgo y las respectivas vulnerabilidades asociadas a la amenaza, coordinando y activando al Sistema Nacional de Prevenci\u00f3n y Respuesta ante Desastres (SINAPRED) con el fin de actuar oportunamente frente a eventuales situaciones de emergencia.<\/p>\n<p style=\"text-align: justify;\">En atenci\u00f3n al pron\u00f3stico de\u00a0PRECIPITACIONES, el SINAPRED deber\u00e1 mantener monitoreo de los sectores m\u00e1s vulnerables en funci\u00f3n del resguardo de la poblaci\u00f3n, especialmente de los cursos de agua y quebradas, lo que, sumado al agua ca\u00edda, podr\u00eda generar afectaci\u00f3n por desbordes o por arrastre de sedimento en las zonas m\u00e1s cercanas a cauces. Adem\u00e1s, se podr\u00edan generar problemas menores en el desplazamiento vehicular y acumulaciones de agua y barro en sectores donde se realizan trabajos en v\u00edas y calles.<\/p>\n<p style=\"text-align: justify;\">En atenci\u00f3n a la probabilidad de nuevos EVENTOS DE REMOCI\u00d3N EN MASA\u00a0informados por SERNAGEOMIN producto de las precipitaciones, el SINAPRED deber\u00e1 monitorear permanentemente r\u00edos y quebradas, poniendo atenci\u00f3n a los aumentos s\u00fabitos de escorrent\u00eda y caudales, ya que son indicadores de posibles fen\u00f3menos de remoci\u00f3n en masa. Adem\u00e1s, se deber\u00e1 alertar a la poblaci\u00f3n para que tomen precauciones y pongan atenci\u00f3n a los caudales de quebradas y escorrent\u00edas en las laderas y taludes en cercan\u00edas de los lugares que habitan. Por otra parte, se recomienda conducir con precauci\u00f3n en aquellas rutas que presenten antecedentes de eventos pasados de remoci\u00f3n en masa. Alertar a turistas y pobladores del riesgo de pernoctar cerca de cauces, quebradas y r\u00edos que se podr\u00edan activar s\u00fabitamente.<\/p>\n<p style=\"text-align: justify;\">A continuaci\u00f3n, se detallan localidades y sectores destacados dentro las\u00a0Zonas Cordillera Austral Norte\u00a0y\u00a0Litoral Interior Norte\u00a0donde, han ocurrido eventos de remoci\u00f3n en masa y\/o presentan condiciones propicias para generar una.<\/p>\n<p style=\"text-align: justify;\"><strong>Provincia Ays\u00e9n<\/strong><\/p>\n<p style=\"text-align: justify;\">&#8211;\u00a0Cisnes:\u00a0Paso Las Pulgas, Cerro Barros Arana Quinto Valle,\u00a0Quebrada Cuatro Vientos en La Junta,\u00a0sector Lago Risopatr\u00f3n\u00a0(ruta 7), salida norte de Puyuhuapi, Termas Ventisquero (ruta 7), Bosque Encantado,\u00a0Queulat, puente Chucao, piedra El Gato, ruta antigua hacia Puerto Cisnes (Cementerio).<\/p>\n<p style=\"text-align: justify;\">&#8211; Ays\u00e9n:\u00a0Cerro Marchant, sector La Pancha, ruta X-528 camino Lago de los Palos, ruta X-550 camino a lago Riesco, t\u00fanel El Farell\u00f3n.<\/p>\n<p style=\"text-align: justify;\"><strong>Provincia Coyhaique:<\/strong><\/p>\n<p style=\"text-align: justify;\">\u00a0&#8211; Lago Verde: Sector Lago Las Torres, sector La Tapera<\/p>\n<p style=\"text-align: justify;\"><strong>Provincia General Carrera<\/strong><\/p>\n<p style=\"text-align: justify;\">&#8211;\u00a0Chile Chico: Fachinal,\u00a0paso Las Llaves, Cuesta el Mait\u00e9n (Puerto Guadal).<\/p>\n<p style=\"text-align: justify;\">&#8211; R\u00edo Ib\u00e1\u00f1ez:\u00a0Valle Exploradores (ruta X-728), Bah\u00eda Murta (ruta 7 antes de llegar a ruta X-731), sector La Candonga, Puerto R\u00edo Tranquilo (r\u00edo Chirifo).<\/p>\n<p style=\"text-align: justify;\">\n<\/div>\n<\/div><\/section><\/div><div  style='height:50px' class='hr hr-invisible   avia-builder-el-6  el_after_av_one_full  el_before_av_social_share '><span class='hr-inner ' ><span class='hr-inner-style'><\/span><\/span><\/div><\/p>\n<div  class='av-social-sharing-box  avia-builder-el-7  el_after_av_hr  el_before_av_hr  '><div class='av-share-box'><h5 class='av-share-link-description av-no-toc '>Compartir esta noticia<\/h5><ul class='av-share-box-list noLightbox'><li class='av-share-link av-social-link-facebook' ><a target=\"_blank\" aria-label=\"Compartir en Facebook\" href='https:\/\/www.facebook.com\/sharer.php?u=https:\/\/radiorevelacionfm.cl\/?p=55545&#038;t=Emiten%20Alerta%20Temprana%20Preventiva%20por%20Evento%20Meteorol%C3%B3gico%20en%20la%20regi%C3%B3n%20de%20Ays%C3%A9n' aria-hidden='false' data-av_icon='\ue8f3' data-av_iconfont='entypo-fontello' title='' data-avia-related-tooltip='Compartir en Facebook' rel=\"noopener\"><span class='avia_hidden_link_text'>Compartir en Facebook<\/span><\/a><\/li><li class='av-share-link av-social-link-twitter' ><a target=\"_blank\" aria-label=\"Compartir en Twitter\" href='https:\/\/twitter.com\/share?text=Emiten%20Alerta%20Temprana%20Preventiva%20por%20Evento%20Meteorol%C3%B3gico%20en%20la%20regi%C3%B3n%20de%20Ays%C3%A9n&#038;url=https:\/\/radiorevelacionfm.cl\/?p=55545' aria-hidden='false' data-av_icon='\ue8f1' data-av_iconfont='entypo-fontello' title='' data-avia-related-tooltip='Compartir en Twitter' rel=\"noopener\"><span class='avia_hidden_link_text'>Compartir en Twitter<\/span><\/a><\/li><li class='av-share-link av-social-link-whatsapp' ><a target=\"_blank\" aria-label=\"Compartir en Whatsapp\" href='https:\/\/api.whatsapp.com\/send?text=https:\/\/radiorevelacionfm.cl\/?p=55545' aria-hidden='false' data-av_icon='\uf232' data-av_iconfont='entypo-fontello' title='' data-avia-related-tooltip='Compartir en Whatsapp' rel=\"noopener\"><span class='avia_hidden_link_text'>Compartir en Whatsapp<\/span><\/a><\/li><li class='av-share-link av-social-link-linkedin' ><a target=\"_blank\" aria-label=\"Compartir en LinkedIn\" href='https:\/\/linkedin.com\/shareArticle?mini=true&#038;title=Emiten%20Alerta%20Temprana%20Preventiva%20por%20Evento%20Meteorol%C3%B3gico%20en%20la%20regi%C3%B3n%20de%20Ays%C3%A9n&#038;url=https:\/\/radiorevelacionfm.cl\/?p=55545' aria-hidden='false' data-av_icon='\ue8fc' data-av_iconfont='entypo-fontello' title='' data-avia-related-tooltip='Compartir en LinkedIn' rel=\"noopener\"><span class='avia_hidden_link_text'>Compartir en LinkedIn<\/span><\/a><\/li><li class='av-share-link av-social-link-mail' ><a  aria-label=\"Compartir por correo\" href='mailto:?subject=Emiten%20Alerta%20Temprana%20Preventiva%20por%20Evento%20Meteorol%C3%B3gico%20en%20la%20regi%C3%B3n%20de%20Ays%C3%A9n&#038;body=https:\/\/radiorevelacionfm.cl\/?p=55545' aria-hidden='false' data-av_icon='\ue805' data-av_iconfont='entypo-fontello' title='' data-avia-related-tooltip='Compartir por correo'><span class='avia_hidden_link_text'>Compartir por correo<\/span><\/a><\/li><\/ul><\/div><\/div>\n<div  style='height:50px' class='hr hr-invisible   avia-builder-el-8  el_after_av_social_share  el_before_av_comments_list '><span class='hr-inner ' ><span class='hr-inner-style'><\/span><\/span><\/div>\n<div  class='av-buildercomment  av-blog-meta-html-info-disabled av-blog-meta-tag-disabled  '><\/div>\n","protected":false},"excerpt":{"rendered":"","protected":false},"author":1,"featured_media":41474,"comment_status":"closed","ping_status":"closed","sticky":false,"template":"","format":"standard","meta":{"footnotes":""},"categories":[38],"tags":[],"class_list":["post-55545","post","type-post","status-publish","format-standard","has-post-thumbnail","hentry","category-regional"],"jetpack_featured_media_url":"https:\/\/radiorevelacionfm.cl\/wp-content\/uploads\/2024\/04\/lluvias2-1-1.jpg","_links":{"self":[{"href":"https:\/\/radiorevelacionfm.cl\/index.php?rest_route=\/wp\/v2\/posts\/55545","targetHints":{"allow":["GET"]}}],"collection":[{"href":"https:\/\/radiorevelacionfm.cl\/index.php?rest_route=\/wp\/v2\/posts"}],"about":[{"href":"https:\/\/radiorevelacionfm.cl\/index.php?rest_route=\/wp\/v2\/types\/post"}],"author":[{"embeddable":true,"href":"https:\/\/radiorevelacionfm.cl\/index.php?rest_route=\/wp\/v2\/users\/1"}],"replies":[{"embeddable":true,"href":"https:\/\/radiorevelacionfm.cl\/index.php?rest_route=%2Fwp%2Fv2%2Fcomments&post=55545"}],"version-history":[{"count":2,"href":"https:\/\/radiorevelacionfm.cl\/index.php?rest_route=\/wp\/v2\/posts\/55545\/revisions"}],"predecessor-version":[{"id":55547,"href":"https:\/\/radiorevelacionfm.cl\/index.php?rest_route=\/wp\/v2\/posts\/55545\/revisions\/55547"}],"wp:featuredmedia":[{"embeddable":true,"href":"https:\/\/radiorevelacionfm.cl\/index.php?rest_route=\/wp\/v2\/media\/41474"}],"wp:attachment":[{"href":"https:\/\/radiorevelacionfm.cl\/index.php?rest_route=%2Fwp%2Fv2%2Fmedia&parent=55545"}],"wp:term":[{"taxonomy":"category","embeddable":true,"href":"https:\/\/radiorevelacionfm.cl\/index.php?rest_route=%2Fwp%2Fv2%2Fcategories&post=55545"},{"taxonomy":"post_tag","embeddable":true,"href":"https:\/\/radiorevelacionfm.cl\/index.php?rest_route=%2Fwp%2Fv2%2Ftags&post=55545"}],"curies":[{"name":"wp","href":"https:\/\/api.w.org\/{rel}","templated":true}]}}