{"id":5554,"date":"2021-06-23T16:11:58","date_gmt":"2021-06-23T19:11:58","guid":{"rendered":"https:\/\/radiorevelacionfm.cl\/?p=5554"},"modified":"2021-06-23T16:11:58","modified_gmt":"2021-06-23T19:11:58","slug":"hasta-el-23-de-julio-estan-abiertas-las-inscripciones-para-rendir-la-prueba-de-transicion","status":"publish","type":"post","link":"https:\/\/radiorevelacionfm.cl\/?p=5554","title":{"rendered":"Hasta el 23 de Julio est\u00e1n abiertas las inscripciones para rendir la Prueba de Transici\u00f3n"},"content":{"rendered":"<div class=\"flex_column av_one_full  flex_column_div av-zero-column-padding first  avia-builder-el-0  el_before_av_one_full  avia-builder-el-first  \" style='border-radius:0px; '><div  class='avia-image-container  av-styling-    avia-builder-el-1  avia-builder-el-no-sibling  avia-align-center '  itemprop=\"image\" itemscope=\"itemscope\" itemtype=\"https:\/\/schema.org\/ImageObject\"  ><div class='avia-image-container-inner'><div class='avia-image-overlay-wrap'><img decoding=\"async\" class='wp-image-5555 avia-img-lazy-loading-not-5555 avia_image' src=\"https:\/\/radiorevelacionfm.cl\/wp-content\/uploads\/2021\/06\/PDT1-1-1.jpg\" alt='' title='PDT1 (1) (1)' height=\"600\" width=\"872\"  itemprop=\"thumbnailUrl\" srcset=\"https:\/\/radiorevelacionfm.cl\/wp-content\/uploads\/2021\/06\/PDT1-1-1.jpg 872w, https:\/\/radiorevelacionfm.cl\/wp-content\/uploads\/2021\/06\/PDT1-1-1-300x206.jpg 300w, https:\/\/radiorevelacionfm.cl\/wp-content\/uploads\/2021\/06\/PDT1-1-1-768x528.jpg 768w, https:\/\/radiorevelacionfm.cl\/wp-content\/uploads\/2021\/06\/PDT1-1-1-705x485.jpg 705w, https:\/\/radiorevelacionfm.cl\/wp-content\/uploads\/2021\/06\/PDT1-1-1-600x413.jpg 600w\" sizes=\"(max-width: 872px) 100vw, 872px\" \/><\/div><\/div><\/div><\/div><div class=\"flex_column av_one_full  flex_column_div av-zero-column-padding first  avia-builder-el-2  el_after_av_one_full  el_before_av_one_full  column-top-margin\" style='border-radius:0px; '><section class=\"av_textblock_section \"  itemscope=\"itemscope\" itemtype=\"https:\/\/schema.org\/BlogPosting\" itemprop=\"blogPost\" ><div class='avia_textblock  '   itemprop=\"text\" ><p style=\"text-align: center;\"><span style=\"font-size: 18pt;\"><b><span lang=\"ES\">Hasta el 23 de Julio est\u00e1n abiertas las inscripciones para rendir la Prueba de Transici\u00f3n<\/span><\/b><\/span><\/p>\n<div id=\"gtx-trans\" style=\"position: absolute; left: -50px; top: 4.31534px;\">\n<div class=\"gtx-trans-icon\"><\/div>\n<\/div>\n<\/div><\/section><\/div><div class=\"flex_column av_one_full  flex_column_div av-zero-column-padding first  avia-builder-el-4  el_after_av_one_full  el_before_av_hr  column-top-margin\" style='border-radius:0px; '><section class=\"av_textblock_section \"  itemscope=\"itemscope\" itemtype=\"https:\/\/schema.org\/BlogPosting\" itemprop=\"blogPost\" ><div class='avia_textblock  '   itemprop=\"text\" ><p class=\"v1MsoNormal\" style=\"text-align: justify;\"><span lang=\"ES\">La Subsecretar\u00eda de Educaci\u00f3n Superior anunci\u00f3 que la Prueba de Transici\u00f3n (PDT) se rendir\u00e1 este a\u00f1o nuevamente en dos grupos diferidos: el 6 y 7\u00a0 y el 9 y 10 de diciembre. Esto, con el fin de garantizar la seguridad de todos quienes participan en el proceso, de acuerdo a las medidas sanitarias establecidas con el Ministerio de Salud. De esta forma se inicia el proceso de admisi\u00f3n a las 45 universidades adscritas al Sistema de Acceso para el a\u00f1o 2022, en el que se contin\u00faan desarrollando y aplicando los cambios anunciados por la Subsecretar\u00eda en marzo de 2020 y que arrojaron prometedores resultados tras su puesta en marcha durante el \u00faltimo proceso de admisi\u00f3n.<\/span><\/p>\n<p class=\"v1MsoNormal\" style=\"text-align: justify;\"><span lang=\"ES\">Con respecto al proceso de inscripci\u00f3n para la PDT, este comenzar\u00e1 el martes 22 de junio a las 9:00 horas, en el<\/span><span class=\"v1gmail-normaltextrun\">\u00a0<\/span><a href=\"https:\/\/acceso.mineduc.cl\/portal-inscripcion\/\" target=\"_blank\" rel=\"noopener noreferrer\"><span class=\"v1gmail-normaltextrun\">Portal de Inscripci\u00f3n<\/span><\/a><span class=\"v1gmail-normaltextrun\">\u00a0disponible en\u00a0<\/span><a href=\"https:\/\/acceso.mineduc.cl\/\" target=\"_blank\" rel=\"noopener noreferrer\"><span class=\"v1gmail-normaltextrun\">acceso.mineduc.cl<\/span><\/a><span class=\"v1gmail-normaltextrun\">., y se extender\u00e1 hasta el viernes 23 de julio a las 13:00 horas.<\/span><\/p>\n<p class=\"v1MsoNormal\" style=\"text-align: justify;\"><span class=\"v1eop\">El Seremi de Educaci\u00f3n de Ays\u00e9n Sergio Becerra Mera detall\u00f3 que \u00a0esta versi\u00f3n de la PDT considera nuevas modificaciones e<\/span><span lang=\"ES\">n l\u00ednea con las introducidas en la admisi\u00f3n 2021,\u00a0<\/span>incorporando una mayor cantidad de preguntas que se\u00a0enfocan en medir competencias m\u00e1s que conocimientos.<\/p>\n<p class=\"v1MsoNormal\" style=\"text-align: justify;\">\u00abDe esta manera, en\u00a0<span lang=\"ES\">las pruebas obligatorias de Matem\u00e1tica y de Comprensi\u00f3n Lectora, las preguntas llamadas del nuevo tipo \u00a0rep<\/span>resentar\u00e1n un 50% del total de preguntas. Por otra parte, la\u00a0<span lang=\"ES\">prueba electiva de Historia y Ciencias Sociales, reducir\u00e1 su cantidad de preguntas de 80 a 65, mientras que la prueba de Ciencias aumentar\u00e1 las preguntas relacionadas al pensamiento cient\u00edfico, manteniendo constante su total de preguntas\u00bb<\/span><\/p>\n<p class=\"v1MsoNormal\" style=\"text-align: justify;\">Sergio Becerra indic\u00f3 que se mantendr\u00e1 el valor de inscripci\u00f3n para la PDT, esto es $32.700, y record\u00f3 que est\u00e1 disponible el beneficio de la beca de inscripci\u00f3n para los estudiantes de la promoci\u00f3n. La informaci\u00f3n sobre los requisitos de dicha beca est\u00e1 disponible en el mismo portal.<\/p>\n<p class=\"v1MsoNormal\" style=\"text-align: justify;\"><span lang=\"ES\">Desde el a\u00f1o pasado, el portal\u00a0<a href=\"http:\/\/acceso.mineduc.cl\/\" target=\"_blank\" rel=\"noopener noreferrer\">acceso.mineduc.cl<\/a>\u00a0concentra toda la informaci\u00f3n necesaria para que los postulantes puedan postular a la educaci\u00f3n superior t\u00e9cnico profesional y universitaria, la que adem\u00e1s ha sido recientemente actualizada. Para el subsistema universitario, considera la publicaci\u00f3n de la N\u00f3mina Preliminar de Carreras de Postulaci\u00f3n Centralizada, documento que contiene un listado de 1.957 carreras que ser\u00e1n impartidas el pr\u00f3ximo a\u00f1o por las 45 universidades adscritas al Sistema de Acceso, as\u00ed como las pruebas que utilizan dichas carreras para la selecci\u00f3n de postulantes.<\/span><\/p>\n<p class=\"v1MsoNormal\" style=\"text-align: justify;\"><span lang=\"ES\">En esta web tambi\u00e9n se pueden encontrar otros recursos \u00fatiles para la PDT, como los temarios que considera cada prueba, material de preparaci\u00f3n y modelos de pruebas -que ser\u00e1n publicados consecutivamente durante las siguientes semanas-, as\u00ed como apoyo a trav\u00e9s de los preuniversitarios gratuitos. Quienes se inscriban, podr\u00e1n acceder a diferentes herramientas de estudio para enfrentar este proceso y preparar la prueba. Entre ellas se cuentan videos, materiales y recursos educativos de todos los ejes y asignaturas.<\/span><\/p>\n<p class=\"v1MsoNormal\" style=\"text-align: justify;\"><span lang=\"ES\">Finalmente, el Seremi de Educaci\u00f3n se\u00f1al\u00f3 que al igual que en 2020, se ha puesto a disposici\u00f3n de los postulantes la oportunidad de acceder de forma gratuita a dos preuniversitarios online: CEPECH y Puntaje Nacional en los que se pueden inscribir a trav\u00e9s de la web\u00a0<a href=\"http:\/\/aprendoenlinea.mineduc.cl\/\" target=\"_blank\" rel=\"noopener noreferrer\">aprendoenlinea.mineduc.cl<\/a>\u00ab.<\/span><\/p>\n<\/div><\/section><\/div><div  style='height:50px' class='hr hr-invisible   avia-builder-el-6  el_after_av_one_full  el_before_av_social_share '><span class='hr-inner ' ><span class='hr-inner-style'><\/span><\/span><\/div><\/p>\n<div  class='av-social-sharing-box  avia-builder-el-7  el_after_av_hr  el_before_av_hr  '><div class='av-share-box'><h5 class='av-share-link-description av-no-toc '>Compartir esta noticia<\/h5><ul class='av-share-box-list noLightbox'><li class='av-share-link av-social-link-facebook' ><a target=\"_blank\" aria-label=\"Compartir en Facebook\" href='https:\/\/www.facebook.com\/sharer.php?u=https:\/\/radiorevelacionfm.cl\/?p=5554&#038;t=Hasta%20el%2023%20de%20Julio%20est%C3%A1n%20abiertas%20las%20inscripciones%20para%20rendir%20la%20Prueba%20de%20Transici%C3%B3n' aria-hidden='false' data-av_icon='\ue8f3' data-av_iconfont='entypo-fontello' title='' data-avia-related-tooltip='Compartir en Facebook' rel=\"noopener\"><span class='avia_hidden_link_text'>Compartir en Facebook<\/span><\/a><\/li><li class='av-share-link av-social-link-twitter' ><a target=\"_blank\" aria-label=\"Compartir en Twitter\" href='https:\/\/twitter.com\/share?text=Hasta%20el%2023%20de%20Julio%20est%C3%A1n%20abiertas%20las%20inscripciones%20para%20rendir%20la%20Prueba%20de%20Transici%C3%B3n&#038;url=https:\/\/radiorevelacionfm.cl\/?p=5554' aria-hidden='false' data-av_icon='\ue8f1' data-av_iconfont='entypo-fontello' title='' data-avia-related-tooltip='Compartir en Twitter' rel=\"noopener\"><span class='avia_hidden_link_text'>Compartir en Twitter<\/span><\/a><\/li><li class='av-share-link av-social-link-whatsapp' ><a target=\"_blank\" aria-label=\"Compartir en Whatsapp\" href='https:\/\/api.whatsapp.com\/send?text=https:\/\/radiorevelacionfm.cl\/?p=5554' aria-hidden='false' data-av_icon='\uf232' data-av_iconfont='entypo-fontello' title='' data-avia-related-tooltip='Compartir en Whatsapp' rel=\"noopener\"><span class='avia_hidden_link_text'>Compartir en Whatsapp<\/span><\/a><\/li><li class='av-share-link av-social-link-linkedin' ><a target=\"_blank\" aria-label=\"Compartir en LinkedIn\" href='https:\/\/linkedin.com\/shareArticle?mini=true&#038;title=Hasta%20el%2023%20de%20Julio%20est%C3%A1n%20abiertas%20las%20inscripciones%20para%20rendir%20la%20Prueba%20de%20Transici%C3%B3n&#038;url=https:\/\/radiorevelacionfm.cl\/?p=5554' aria-hidden='false' data-av_icon='\ue8fc' data-av_iconfont='entypo-fontello' title='' data-avia-related-tooltip='Compartir en LinkedIn' rel=\"noopener\"><span class='avia_hidden_link_text'>Compartir en LinkedIn<\/span><\/a><\/li><li class='av-share-link av-social-link-mail' ><a  aria-label=\"Compartir por correo\" href='mailto:?subject=Hasta%20el%2023%20de%20Julio%20est%C3%A1n%20abiertas%20las%20inscripciones%20para%20rendir%20la%20Prueba%20de%20Transici%C3%B3n&#038;body=https:\/\/radiorevelacionfm.cl\/?p=5554' aria-hidden='false' data-av_icon='\ue805' data-av_iconfont='entypo-fontello' title='' data-avia-related-tooltip='Compartir por correo'><span class='avia_hidden_link_text'>Compartir por correo<\/span><\/a><\/li><\/ul><\/div><\/div>\n<div  style='height:50px' class='hr hr-invisible   avia-builder-el-8  el_after_av_social_share  el_before_av_comments_list '><span class='hr-inner ' ><span class='hr-inner-style'><\/span><\/span><\/div>\n<div  class='av-buildercomment  av-blog-meta-html-info-disabled av-blog-meta-tag-disabled  '><\/div>\n","protected":false},"excerpt":{"rendered":"","protected":false},"author":1,"featured_media":5555,"comment_status":"open","ping_status":"open","sticky":false,"template":"","format":"standard","meta":{"footnotes":""},"categories":[49],"tags":[],"class_list":["post-5554","post","type-post","status-publish","format-standard","has-post-thumbnail","hentry","category-educacion"],"jetpack_featured_media_url":"https:\/\/radiorevelacionfm.cl\/wp-content\/uploads\/2021\/06\/PDT1-1-1.jpg","_links":{"self":[{"href":"https:\/\/radiorevelacionfm.cl\/index.php?rest_route=\/wp\/v2\/posts\/5554","targetHints":{"allow":["GET"]}}],"collection":[{"href":"https:\/\/radiorevelacionfm.cl\/index.php?rest_route=\/wp\/v2\/posts"}],"about":[{"href":"https:\/\/radiorevelacionfm.cl\/index.php?rest_route=\/wp\/v2\/types\/post"}],"author":[{"embeddable":true,"href":"https:\/\/radiorevelacionfm.cl\/index.php?rest_route=\/wp\/v2\/users\/1"}],"replies":[{"embeddable":true,"href":"https:\/\/radiorevelacionfm.cl\/index.php?rest_route=%2Fwp%2Fv2%2Fcomments&post=5554"}],"version-history":[{"count":1,"href":"https:\/\/radiorevelacionfm.cl\/index.php?rest_route=\/wp\/v2\/posts\/5554\/revisions"}],"predecessor-version":[{"id":5556,"href":"https:\/\/radiorevelacionfm.cl\/index.php?rest_route=\/wp\/v2\/posts\/5554\/revisions\/5556"}],"wp:featuredmedia":[{"embeddable":true,"href":"https:\/\/radiorevelacionfm.cl\/index.php?rest_route=\/wp\/v2\/media\/5555"}],"wp:attachment":[{"href":"https:\/\/radiorevelacionfm.cl\/index.php?rest_route=%2Fwp%2Fv2%2Fmedia&parent=5554"}],"wp:term":[{"taxonomy":"category","embeddable":true,"href":"https:\/\/radiorevelacionfm.cl\/index.php?rest_route=%2Fwp%2Fv2%2Fcategories&post=5554"},{"taxonomy":"post_tag","embeddable":true,"href":"https:\/\/radiorevelacionfm.cl\/index.php?rest_route=%2Fwp%2Fv2%2Ftags&post=5554"}],"curies":[{"name":"wp","href":"https:\/\/api.w.org\/{rel}","templated":true}]}}