{"id":55537,"date":"2025-06-21T20:08:31","date_gmt":"2025-06-21T23:08:31","guid":{"rendered":"https:\/\/radiorevelacionfm.cl\/?p=55537"},"modified":"2025-06-21T20:08:31","modified_gmt":"2025-06-21T23:08:31","slug":"en-prision-preventiva-imputado-por-desacato-y-lesiones-menos-graves-en-contexto-de-violencia-intrafamiliar","status":"publish","type":"post","link":"https:\/\/radiorevelacionfm.cl\/?p=55537","title":{"rendered":"En prisi\u00f3n preventiva imputado por desacato y lesiones menos graves en contexto de violencia intrafamiliar"},"content":{"rendered":"<div class=\"flex_column av_one_full  flex_column_div av-zero-column-padding first  avia-builder-el-0  el_before_av_one_full  avia-builder-el-first  \" style='border-radius:0px; '><div  class='avia-image-container  av-styling-    avia-builder-el-1  avia-builder-el-no-sibling  avia-align-center '  itemprop=\"image\" itemscope=\"itemscope\" itemtype=\"https:\/\/schema.org\/ImageObject\"  ><div class='avia-image-container-inner'><div class='avia-image-overlay-wrap'><img decoding=\"async\" class='wp-image-44778 avia-img-lazy-loading-not-44778 avia_image' src=\"https:\/\/radiorevelacionfm.cl\/wp-content\/uploads\/2024\/08\/Detenido-generica-1-1.jpg\" alt='' title='Detenido-generica (1) (1)' height=\"600\" width=\"922\"  itemprop=\"thumbnailUrl\" srcset=\"https:\/\/radiorevelacionfm.cl\/wp-content\/uploads\/2024\/08\/Detenido-generica-1-1.jpg 922w, https:\/\/radiorevelacionfm.cl\/wp-content\/uploads\/2024\/08\/Detenido-generica-1-1-300x195.jpg 300w, https:\/\/radiorevelacionfm.cl\/wp-content\/uploads\/2024\/08\/Detenido-generica-1-1-768x500.jpg 768w, https:\/\/radiorevelacionfm.cl\/wp-content\/uploads\/2024\/08\/Detenido-generica-1-1-705x459.jpg 705w, https:\/\/radiorevelacionfm.cl\/wp-content\/uploads\/2024\/08\/Detenido-generica-1-1-450x293.jpg 450w, https:\/\/radiorevelacionfm.cl\/wp-content\/uploads\/2024\/08\/Detenido-generica-1-1-600x390.jpg 600w\" sizes=\"(max-width: 922px) 100vw, 922px\" \/><\/div><\/div><\/div><\/div><div class=\"flex_column av_one_full  flex_column_div av-zero-column-padding first  avia-builder-el-2  el_after_av_one_full  el_before_av_one_full  column-top-margin\" style='border-radius:0px; '><section class=\"av_textblock_section \"  itemscope=\"itemscope\" itemtype=\"https:\/\/schema.org\/BlogPosting\" itemprop=\"blogPost\" ><div class='avia_textblock  '   itemprop=\"text\" ><p style=\"text-align: center;\"><span style=\"font-size: 18pt;\"><b>En prisi\u00f3n preventiva imputado por desacato y lesiones menos graves en contexto de violencia intrafamiliar<\/b><\/span><\/p>\n<div id=\"gtx-trans\" style=\"position: absolute; left: -50px; top: 4.31534px;\">\n<div class=\"gtx-trans-icon\"><\/div>\n<\/div>\n<\/div><\/section><\/div><div class=\"flex_column av_one_full  flex_column_div av-zero-column-padding first  avia-builder-el-4  el_after_av_one_full  el_before_av_hr  column-top-margin\" style='border-radius:0px; '><section class=\"av_textblock_section \"  itemscope=\"itemscope\" itemtype=\"https:\/\/schema.org\/BlogPosting\" itemprop=\"blogPost\" ><div class='avia_textblock  '   itemprop=\"text\" ><p><em>Sujeto fue detenido por Carabineros de la Primera Comisar\u00eda de Coyhaique.<\/em><\/p>\n<p style=\"font-weight: 400; text-align: justify;\">\u201cEl d\u00eda anterior el Tribunal hab\u00eda impuesto la cautelar de orden de alejamiento respecto de la v\u00edctima, la cual incumpli\u00f3 en momentos posteriores a su salida del tribunal\u201d, explic\u00f3 la abogada Tamara Acevedo.<\/p>\n<p style=\"font-weight: 400; text-align: justify;\">La Fiscal\u00eda Local de Coyhaique formaliz\u00f3 este fin de semana a un imputado de 40 a\u00f1os, por el delito de desacato y lesiones menos graves en contexto de violencia intrafamiliar y violencia de g\u00e9nero, seg\u00fan explic\u00f3 la abogada asistente (s), de la Fiscal\u00eda Local de Coyhaique, Tamara Acevedo Moyano. El imputado fue detenido por funcionarios de la Primera Comisar\u00eda de Coyhaique.<\/p>\n<p style=\"font-weight: 400; text-align: justify;\">\u201cEl d\u00eda de ayer, 20 de junio, fue puesto a disposici\u00f3n del Tribunal de Garant\u00eda de Coyhaique un individuo por los delitos de desacato y lesiones menos graves en contexto de violencia intrafamiliar y violencia de g\u00e9nero, mismo individuo respecto del cual el d\u00eda anterior el Tribunal hab\u00eda impuesto la cautelar de orden de alejamiento respecto de la v\u00edctima, la cual incumpli\u00f3 en momentos posteriores a su salida del tribunal\u201d, explic\u00f3 la abogada Tamara Acevedo.<\/p>\n<p style=\"font-weight: 400; text-align: justify;\">\u201cCon estos antecedentes, el Ministerio P\u00fablico formaliz\u00f3 nuevamente al imputado y solicit\u00f3 al Tribunal de Garant\u00eda la medida cautelar de prisi\u00f3n preventiva respecto del imputado, toda vez que su libertad pon\u00eda en peligro la seguridad de la v\u00edctima, solicitud que fue acogida por el Tribunal de Garant\u00eda de Coyhaique mientras dure la investigaci\u00f3n\u201d, a\u00f1adi\u00f3 la profesional.<\/p>\n<p style=\"font-weight: 400; text-align: justify;\">En este caso, el imputado fue derivado al Centro de Cumplimiento Penitenciario de Gendarmer\u00eda en Coyhaique y el plazo para el t\u00e9rmino de las diligencias fue fijado en 60 d\u00edas por el Juzgado de Garant\u00eda.<\/p>\n<\/div><\/section><\/div><div  style='height:50px' class='hr hr-invisible   avia-builder-el-6  el_after_av_one_full  el_before_av_social_share '><span class='hr-inner ' ><span class='hr-inner-style'><\/span><\/span><\/div><\/p>\n<div  class='av-social-sharing-box  avia-builder-el-7  el_after_av_hr  el_before_av_hr  '><div class='av-share-box'><h5 class='av-share-link-description av-no-toc '>Compartir esta noticia<\/h5><ul class='av-share-box-list noLightbox'><li class='av-share-link av-social-link-facebook' ><a target=\"_blank\" aria-label=\"Compartir en Facebook\" href='https:\/\/www.facebook.com\/sharer.php?u=https:\/\/radiorevelacionfm.cl\/?p=55537&#038;t=En%20prisi%C3%B3n%20preventiva%20imputado%20por%20desacato%20y%20lesiones%20menos%20graves%20en%20contexto%20de%20violencia%20intrafamiliar' aria-hidden='false' data-av_icon='\ue8f3' data-av_iconfont='entypo-fontello' title='' data-avia-related-tooltip='Compartir en Facebook' rel=\"noopener\"><span class='avia_hidden_link_text'>Compartir en Facebook<\/span><\/a><\/li><li class='av-share-link av-social-link-twitter' ><a target=\"_blank\" aria-label=\"Compartir en Twitter\" href='https:\/\/twitter.com\/share?text=En%20prisi%C3%B3n%20preventiva%20imputado%20por%20desacato%20y%20lesiones%20menos%20graves%20en%20contexto%20de%20violencia%20intrafamiliar&#038;url=https:\/\/radiorevelacionfm.cl\/?p=55537' aria-hidden='false' data-av_icon='\ue8f1' data-av_iconfont='entypo-fontello' title='' data-avia-related-tooltip='Compartir en Twitter' rel=\"noopener\"><span class='avia_hidden_link_text'>Compartir en Twitter<\/span><\/a><\/li><li class='av-share-link av-social-link-whatsapp' ><a target=\"_blank\" aria-label=\"Compartir en Whatsapp\" href='https:\/\/api.whatsapp.com\/send?text=https:\/\/radiorevelacionfm.cl\/?p=55537' aria-hidden='false' data-av_icon='\uf232' data-av_iconfont='entypo-fontello' title='' data-avia-related-tooltip='Compartir en Whatsapp' rel=\"noopener\"><span class='avia_hidden_link_text'>Compartir en Whatsapp<\/span><\/a><\/li><li class='av-share-link av-social-link-linkedin' ><a target=\"_blank\" aria-label=\"Compartir en LinkedIn\" href='https:\/\/linkedin.com\/shareArticle?mini=true&#038;title=En%20prisi%C3%B3n%20preventiva%20imputado%20por%20desacato%20y%20lesiones%20menos%20graves%20en%20contexto%20de%20violencia%20intrafamiliar&#038;url=https:\/\/radiorevelacionfm.cl\/?p=55537' aria-hidden='false' data-av_icon='\ue8fc' data-av_iconfont='entypo-fontello' title='' data-avia-related-tooltip='Compartir en LinkedIn' rel=\"noopener\"><span class='avia_hidden_link_text'>Compartir en LinkedIn<\/span><\/a><\/li><li class='av-share-link av-social-link-mail' ><a  aria-label=\"Compartir por correo\" href='mailto:?subject=En%20prisi%C3%B3n%20preventiva%20imputado%20por%20desacato%20y%20lesiones%20menos%20graves%20en%20contexto%20de%20violencia%20intrafamiliar&#038;body=https:\/\/radiorevelacionfm.cl\/?p=55537' aria-hidden='false' data-av_icon='\ue805' data-av_iconfont='entypo-fontello' title='' data-avia-related-tooltip='Compartir por correo'><span class='avia_hidden_link_text'>Compartir por correo<\/span><\/a><\/li><\/ul><\/div><\/div>\n<div  style='height:50px' class='hr hr-invisible   avia-builder-el-8  el_after_av_social_share  el_before_av_comments_list '><span class='hr-inner ' ><span class='hr-inner-style'><\/span><\/span><\/div>\n<div  class='av-buildercomment  av-blog-meta-html-info-disabled av-blog-meta-tag-disabled  '><\/div>\n","protected":false},"excerpt":{"rendered":"","protected":false},"author":1,"featured_media":44778,"comment_status":"closed","ping_status":"closed","sticky":false,"template":"","format":"standard","meta":{"footnotes":""},"categories":[55],"tags":[],"class_list":["post-55537","post","type-post","status-publish","format-standard","has-post-thumbnail","hentry","category-justicia"],"jetpack_featured_media_url":"https:\/\/radiorevelacionfm.cl\/wp-content\/uploads\/2024\/08\/Detenido-generica-1-1.jpg","_links":{"self":[{"href":"https:\/\/radiorevelacionfm.cl\/index.php?rest_route=\/wp\/v2\/posts\/55537","targetHints":{"allow":["GET"]}}],"collection":[{"href":"https:\/\/radiorevelacionfm.cl\/index.php?rest_route=\/wp\/v2\/posts"}],"about":[{"href":"https:\/\/radiorevelacionfm.cl\/index.php?rest_route=\/wp\/v2\/types\/post"}],"author":[{"embeddable":true,"href":"https:\/\/radiorevelacionfm.cl\/index.php?rest_route=\/wp\/v2\/users\/1"}],"replies":[{"embeddable":true,"href":"https:\/\/radiorevelacionfm.cl\/index.php?rest_route=%2Fwp%2Fv2%2Fcomments&post=55537"}],"version-history":[{"count":2,"href":"https:\/\/radiorevelacionfm.cl\/index.php?rest_route=\/wp\/v2\/posts\/55537\/revisions"}],"predecessor-version":[{"id":55540,"href":"https:\/\/radiorevelacionfm.cl\/index.php?rest_route=\/wp\/v2\/posts\/55537\/revisions\/55540"}],"wp:featuredmedia":[{"embeddable":true,"href":"https:\/\/radiorevelacionfm.cl\/index.php?rest_route=\/wp\/v2\/media\/44778"}],"wp:attachment":[{"href":"https:\/\/radiorevelacionfm.cl\/index.php?rest_route=%2Fwp%2Fv2%2Fmedia&parent=55537"}],"wp:term":[{"taxonomy":"category","embeddable":true,"href":"https:\/\/radiorevelacionfm.cl\/index.php?rest_route=%2Fwp%2Fv2%2Fcategories&post=55537"},{"taxonomy":"post_tag","embeddable":true,"href":"https:\/\/radiorevelacionfm.cl\/index.php?rest_route=%2Fwp%2Fv2%2Ftags&post=55537"}],"curies":[{"name":"wp","href":"https:\/\/api.w.org\/{rel}","templated":true}]}}